{"id":6756,"date":"2026-03-11T17:30:28","date_gmt":"2026-03-11T16:30:28","guid":{"rendered":"https:\/\/icarojournal.com\/?p=6756"},"modified":"2026-03-11T17:12:24","modified_gmt":"2026-03-11T16:12:24","slug":"carmine-torna-davvero-in-mare-fuori-tutti-i-rumor-su-lui-e-rosa","status":"publish","type":"post","link":"https:\/\/icarojournal.com\/index.php\/2026\/03\/11\/carmine-torna-davvero-in-mare-fuori-tutti-i-rumor-su-lui-e-rosa\/","title":{"rendered":"Carmine torna davvero in Mare Fuori? Tutti i rumor su lui e Rosa!"},"content":{"rendered":"<p><strong>La sesta stagione di Mare Fuori sar\u00e0 l\u2019ultima? \u00c8 questa la domanda che si stanno ponendo numerosi fan che, in questi giorni, hanno seguito la serie per capire se, con la storia di Rosa Ricci, possa concludersi anche lo sceneggiato televisivo.<\/strong><\/p>\n<p>Siamo arrivati a un vero e proprio punto di svolta nella trama di Mare Fuori. Carmela era comunque presente al luna park il giorno in cui hanno cercato di sparare a Rosa: che sia lei la mandante del tentato omicidio oppure no, al momento non \u00e8 chiaro.<\/p>\n<p style=\"text-align: center;\"><script async=\"async\" data-cfasync=\"false\" src=\"https:\/\/pl22692455.effectivegatecpm.com\/884d74dcfb1a31d043e0df900773c86c\/invoke.js\"><\/script><\/p>\n<div id=\"container-884d74dcfb1a31d043e0df900773c86c\"><\/div>\n<p>C\u2019\u00e8 da dire che, in questo frangente, <strong>Rosa ha sempre messo Carmela tra le priorit\u00e0 assolute della sua vita<\/strong>: l\u2019ha accolta in casa come un membro di famiglia. Quest\u2019ultima, per\u00f2, con la morte di Edoardo \u00e8 sempre pi\u00f9 convinta di subentrare nei suoi affari e, a quanto pare, pronta anche a prendere il posto di Donna Wanda, che \u00e8 stata uccisa. Non si esclude che possa essere lei la mandante dell\u2019omicidio della donna, soprattutto dopo quanto avvenuto con Milos, ritenuto responsabile di aver rubato i soldi dei Ricci che Edoardo stava cercando di recuperare: ucciso dall\u2019ex compagno di carcere proprio sulla tomba dell\u2019amico.<\/p>\n<h2>Tutto pronto per il ritorno di Carmine a Mare Fuori?<\/h2>\n<p>Nella prima puntata di Mare Fuori, quando Rosa riabbraccia la madre in ospedale, si torna a parlare del grande amore della vita della giovane donna. Lei non ha potuto fare a meno di ripensare a Carmine, con il quale era pronta a cambiare vita, lasciarsi alle spalle tutto e, soprattutto, Napoli. Nel momento in cui le viene chiesto se quel giorno avrebbe sposato Carmine, se non fossero subentrate varie problematiche, la risposta della donna \u00e8 positiva. Eppure <strong>Rosa sente il peso delle responsabilit\u00e0 legate al cognome Ricci<\/strong> e, soprattutto, alle dinamiche criminali di Napoli in cui la sua famiglia \u00e8 coinvolta.<\/p>\n<figure id=\"attachment_6771\" aria-describedby=\"caption-attachment-6771\" style=\"width: 1200px\" class=\"wp-caption alignnone\"><img loading=\"lazy\" decoding=\"async\" class=\"size-full wp-image-6771\" src=\"https:\/\/icarojournal.com\/wp-content\/uploads\/2026\/03\/Carmine-torna-in-Mare-Fuori-20260311-IcaroJournal-2.jpg\" alt=\"Carmine torna in Mare Fuori - IcaroJournal \" width=\"1200\" height=\"800\" srcset=\"https:\/\/icarojournal.com\/wp-content\/uploads\/2026\/03\/Carmine-torna-in-Mare-Fuori-20260311-IcaroJournal-2.jpg 1200w, https:\/\/icarojournal.com\/wp-content\/uploads\/2026\/03\/Carmine-torna-in-Mare-Fuori-20260311-IcaroJournal-2-300x200.jpg 300w, https:\/\/icarojournal.com\/wp-content\/uploads\/2026\/03\/Carmine-torna-in-Mare-Fuori-20260311-IcaroJournal-2-1024x683.jpg 1024w, https:\/\/icarojournal.com\/wp-content\/uploads\/2026\/03\/Carmine-torna-in-Mare-Fuori-20260311-IcaroJournal-2-768x512.jpg 768w\" sizes=\"auto, (max-width: 1200px) 100vw, 1200px\" \/><figcaption id=\"caption-attachment-6771\" class=\"wp-caption-text\">Carmine torna in Mare Fuori &#8211; IcaroJournal<\/figcaption><\/figure>\n<p>In questo frangente, per\u00f2, si aggiunge anche il peso di un presunto tradimento da parte di Carmela, sulla quale la stessa Rosa sta indagando per cercare di capire se l\u2019amica di un tempo stia davvero puntando a eliminarla fisicamente dalla scena criminale.<\/p>\n<h3>Carmine torna di nuovo a Mare Fuori?<\/h3>\n<p>Difficile rispondere a questa domanda. Al momento sono in onda le ultime puntate, quindi con estrema probabilit\u00e0 gran parte del pubblico appassionato avr\u00e0 gi\u00e0 scoperto se Carmine sia tornato oppure no. A giudicare dai fatti della prima puntata, per\u00f2, quando la <strong>madre di Rosa<\/strong> le chiede proprio del suo grande amore, tutto lascia intendere che per la Ricci stia arrivando la chiusura di un capitolo importante della sua vita.<\/p>\n<p style=\"text-align: center;\"><script async=\"async\" data-cfasync=\"false\" src=\"https:\/\/pl22692455.effectivegatecpm.com\/884d74dcfb1a31d043e0df900773c86c\/invoke.js\"><\/script><\/p>\n<div id=\"container-884d74dcfb1a31d043e0df900773c86c\"><\/div>\n<p><strong>LEGGI ANCHE -&gt;\u00a0<a href=\"https:\/\/icarojournal.com\/index.php\/2026\/03\/10\/stefano-de-martino-innamorato-di-nuovo-dopo-belen-vuole-volare-basso\/\" target=\"_blank\" rel=\"noopener\">Stefano De Martino innamorato di nuovo dopo Belen? \u00abVuole volare basso\u00bb<\/a><\/strong><\/p>\n<p><strong>LEGGI ANCHE -&gt;\u00a0<a href=\"https:\/\/icarojournal.com\/index.php\/2026\/03\/09\/lino-guanciale-le-donne-libere-tutto-pronto-per-la-messa-in-onda\/\" target=\"_blank\" rel=\"noopener\">Lino Guanciale Le Donne Libere: tutto pronto per la messa in onda<\/a><\/strong><\/p>\n<p>Riuscir\u00e0 a distaccarsi definitivamente dalla malavita che un tempo le aveva imposto il padre? Riuscir\u00e0 a lasciarsi alle spalle anche <strong>Napoli<\/strong> e trovare la felicit\u00e0 altrove?<\/p>\n<p>Una lunga serie di domande che, almeno per il momento, non trovano una risposta ufficiale, ma che <strong>riportano l\u2019attenzione su<\/strong> <strong>Carmine<\/strong>: un personaggio nevralgico per l\u2019introduzione e la crescita del personaggio di Rosa e, forse, ancora decisivo per capire se la sua storia sia davvero arrivata al capolinea.<\/p>\n<p><strong>LEGGI ANCHE -&gt;\u00a0<a href=\"https:\/\/icarojournal.com\/index.php\/2026\/03\/08\/raimondo-todaro-mette-in-pausa-la-danza-e-va-al-grande-fratello-lannuncio\/\" target=\"_blank\" rel=\"noopener\">Raimondo Todaro mette in pausa la danza e va al Grande Fratello: l\u2019annuncio<\/a><\/strong><\/p>\n<p><strong>LEGGI ANCHE -&gt;\u00a0<a href=\"https:\/\/icarojournal.com\/index.php\/2026\/03\/07\/maria-esposito-e-silvia-uras-il-triste-epilogo-di-una-storia-damore\/\" target=\"_blank\" rel=\"noopener\">Maria Esposito e Silvia Uras, il triste epilogo di una storia d\u2019amore\u2026<\/a><\/strong><\/p>\n","protected":false},"excerpt":{"rendered":"<p>La sesta stagione di Mare Fuori sar\u00e0 l\u2019ultima? \u00c8 questa la domanda che si stanno ponendo numerosi fan che, in questi giorni, hanno seguito la serie per capire se, con la storia di Rosa Ricci, possa concludersi anche lo sceneggiato televisivo. Siamo arrivati a un vero e proprio punto di svolta nella trama di Mare [&hellip;]<\/p>\n","protected":false},"author":2,"featured_media":6772,"comment_status":"open","ping_status":"open","sticky":false,"template":"","format":"standard","meta":{"iawp_total_views":85,"footnotes":""},"categories":[84],"tags":[558,560,559,557,611,610,609],"class_list":["post-6756","post","type-post","status-publish","format-standard","has-post-thumbnail","hentry","category-gossip","tag-mare-fuori","tag-mare-fuori-news","tag-mare-fuori-serie","tag-maria-esposito","tag-massimiliano-caiazzo","tag-rosa-e-carmine","tag-rosa-ricci"],"yoast_head":"<!-- This site is optimized with the Yoast SEO plugin v27.4 - https:\/\/yoast.com\/product\/yoast-seo-wordpress\/ -->\n<title>Carmine torna davvero in Mare Fuori? Tutti i rumor su lui e Rosa! - Icaro Journal<\/title>\n<meta name=\"description\" content=\"La sesta stagione di Mare Fuori sar\u00e0 l\u2019ultima? \u00c8 questa la domanda che si stanno ponendo numerosi fan che, in questi ...\" \/>\n<meta name=\"robots\" content=\"index, follow, max-snippet:-1, max-image-preview:large, max-video-preview:-1\" \/>\n<link rel=\"canonical\" href=\"https:\/\/icarojournal.com\/index.php\/2026\/03\/11\/carmine-torna-davvero-in-mare-fuori-tutti-i-rumor-su-lui-e-rosa\/\" \/>\n<meta property=\"og:locale\" content=\"it_IT\" \/>\n<meta property=\"og:type\" content=\"article\" \/>\n<meta property=\"og:title\" content=\"Carmine torna davvero in Mare Fuori? Tutti i rumor su lui e Rosa! - Icaro Journal\" \/>\n<meta property=\"og:description\" content=\"La sesta stagione di Mare Fuori sar\u00e0 l\u2019ultima? \u00c8 questa la domanda che si stanno ponendo numerosi fan che, in questi ...\" \/>\n<meta property=\"og:url\" content=\"https:\/\/icarojournal.com\/index.php\/2026\/03\/11\/carmine-torna-davvero-in-mare-fuori-tutti-i-rumor-su-lui-e-rosa\/\" \/>\n<meta property=\"og:site_name\" content=\"Icaro Journal\" \/>\n<meta property=\"article:published_time\" content=\"2026-03-11T16:30:28+00:00\" \/>\n<meta property=\"og:image\" content=\"https:\/\/icarojournal.com\/wp-content\/uploads\/2026\/03\/Carmine-torna-in-Mare-Fuori-20260311-IcaroJournal.jpg\" \/>\n\t<meta property=\"og:image:width\" content=\"1200\" \/>\n\t<meta property=\"og:image:height\" content=\"800\" \/>\n\t<meta property=\"og:image:type\" content=\"image\/jpeg\" \/>\n<meta name=\"author\" content=\"Francesca Guglielmino\" \/>\n<meta name=\"twitter:card\" content=\"summary_large_image\" \/>\n<meta name=\"twitter:label1\" content=\"Scritto da\" \/>\n\t<meta name=\"twitter:data1\" content=\"Francesca Guglielmino\" \/>\n\t<meta name=\"twitter:label2\" content=\"Tempo di lettura stimato\" \/>\n\t<meta name=\"twitter:data2\" content=\"4 minuti\" \/>\n<script type=\"application\/ld+json\" class=\"yoast-schema-graph\">{\"@context\":\"https:\\\/\\\/schema.org\",\"@graph\":[{\"@type\":\"Article\",\"@id\":\"https:\\\/\\\/icarojournal.com\\\/index.php\\\/2026\\\/03\\\/11\\\/carmine-torna-davvero-in-mare-fuori-tutti-i-rumor-su-lui-e-rosa\\\/#article\",\"isPartOf\":{\"@id\":\"https:\\\/\\\/icarojournal.com\\\/index.php\\\/2026\\\/03\\\/11\\\/carmine-torna-davvero-in-mare-fuori-tutti-i-rumor-su-lui-e-rosa\\\/\"},\"author\":{\"name\":\"Francesca Guglielmino\",\"@id\":\"https:\\\/\\\/icarojournal.com\\\/#\\\/schema\\\/person\\\/50728028a3703bea504b6347d37b5f99\"},\"headline\":\"Carmine torna davvero in Mare Fuori? Tutti i rumor su lui e Rosa!\",\"datePublished\":\"2026-03-11T16:30:28+00:00\",\"mainEntityOfPage\":{\"@id\":\"https:\\\/\\\/icarojournal.com\\\/index.php\\\/2026\\\/03\\\/11\\\/carmine-torna-davvero-in-mare-fuori-tutti-i-rumor-su-lui-e-rosa\\\/\"},\"wordCount\":590,\"commentCount\":0,\"publisher\":{\"@id\":\"https:\\\/\\\/icarojournal.com\\\/#organization\"},\"image\":{\"@id\":\"https:\\\/\\\/icarojournal.com\\\/index.php\\\/2026\\\/03\\\/11\\\/carmine-torna-davvero-in-mare-fuori-tutti-i-rumor-su-lui-e-rosa\\\/#primaryimage\"},\"thumbnailUrl\":\"https:\\\/\\\/icarojournal.com\\\/wp-content\\\/uploads\\\/2026\\\/03\\\/Carmine-torna-in-Mare-Fuori-20260311-IcaroJournal.jpg\",\"keywords\":[\"Mare Fuori\",\"Mare Fuori news\",\"Mare Fuori serie\",\"Maria Esposito\",\"Massimiliano Caiazzo\",\"Rosa e Carmine\",\"Rosa Ricci\"],\"articleSection\":[\"Gossip\"],\"inLanguage\":\"it-IT\",\"potentialAction\":[{\"@type\":\"CommentAction\",\"name\":\"Comment\",\"target\":[\"https:\\\/\\\/icarojournal.com\\\/index.php\\\/2026\\\/03\\\/11\\\/carmine-torna-davvero-in-mare-fuori-tutti-i-rumor-su-lui-e-rosa\\\/#respond\"]}]},{\"@type\":\"WebPage\",\"@id\":\"https:\\\/\\\/icarojournal.com\\\/index.php\\\/2026\\\/03\\\/11\\\/carmine-torna-davvero-in-mare-fuori-tutti-i-rumor-su-lui-e-rosa\\\/\",\"url\":\"https:\\\/\\\/icarojournal.com\\\/index.php\\\/2026\\\/03\\\/11\\\/carmine-torna-davvero-in-mare-fuori-tutti-i-rumor-su-lui-e-rosa\\\/\",\"name\":\"Carmine torna davvero in Mare Fuori? Tutti i rumor su lui e Rosa! - Icaro Journal\",\"isPartOf\":{\"@id\":\"https:\\\/\\\/icarojournal.com\\\/#website\"},\"primaryImageOfPage\":{\"@id\":\"https:\\\/\\\/icarojournal.com\\\/index.php\\\/2026\\\/03\\\/11\\\/carmine-torna-davvero-in-mare-fuori-tutti-i-rumor-su-lui-e-rosa\\\/#primaryimage\"},\"image\":{\"@id\":\"https:\\\/\\\/icarojournal.com\\\/index.php\\\/2026\\\/03\\\/11\\\/carmine-torna-davvero-in-mare-fuori-tutti-i-rumor-su-lui-e-rosa\\\/#primaryimage\"},\"thumbnailUrl\":\"https:\\\/\\\/icarojournal.com\\\/wp-content\\\/uploads\\\/2026\\\/03\\\/Carmine-torna-in-Mare-Fuori-20260311-IcaroJournal.jpg\",\"datePublished\":\"2026-03-11T16:30:28+00:00\",\"description\":\"La sesta stagione di Mare Fuori sar\u00e0 l\u2019ultima? \u00c8 questa la domanda che si stanno ponendo numerosi fan che, in questi ...\",\"breadcrumb\":{\"@id\":\"https:\\\/\\\/icarojournal.com\\\/index.php\\\/2026\\\/03\\\/11\\\/carmine-torna-davvero-in-mare-fuori-tutti-i-rumor-su-lui-e-rosa\\\/#breadcrumb\"},\"inLanguage\":\"it-IT\",\"potentialAction\":[{\"@type\":\"ReadAction\",\"target\":[\"https:\\\/\\\/icarojournal.com\\\/index.php\\\/2026\\\/03\\\/11\\\/carmine-torna-davvero-in-mare-fuori-tutti-i-rumor-su-lui-e-rosa\\\/\"]}]},{\"@type\":\"ImageObject\",\"inLanguage\":\"it-IT\",\"@id\":\"https:\\\/\\\/icarojournal.com\\\/index.php\\\/2026\\\/03\\\/11\\\/carmine-torna-davvero-in-mare-fuori-tutti-i-rumor-su-lui-e-rosa\\\/#primaryimage\",\"url\":\"https:\\\/\\\/icarojournal.com\\\/wp-content\\\/uploads\\\/2026\\\/03\\\/Carmine-torna-in-Mare-Fuori-20260311-IcaroJournal.jpg\",\"contentUrl\":\"https:\\\/\\\/icarojournal.com\\\/wp-content\\\/uploads\\\/2026\\\/03\\\/Carmine-torna-in-Mare-Fuori-20260311-IcaroJournal.jpg\",\"width\":1200,\"height\":800,\"caption\":\"Carmine torna in Mare Fuori - IcaroJournal\"},{\"@type\":\"BreadcrumbList\",\"@id\":\"https:\\\/\\\/icarojournal.com\\\/index.php\\\/2026\\\/03\\\/11\\\/carmine-torna-davvero-in-mare-fuori-tutti-i-rumor-su-lui-e-rosa\\\/#breadcrumb\",\"itemListElement\":[{\"@type\":\"ListItem\",\"position\":1,\"name\":\"Home\",\"item\":\"https:\\\/\\\/icarojournal.com\\\/\"},{\"@type\":\"ListItem\",\"position\":2,\"name\":\"Carmine torna davvero in Mare Fuori? Tutti i rumor su lui e Rosa!\"}]},{\"@type\":\"WebSite\",\"@id\":\"https:\\\/\\\/icarojournal.com\\\/#website\",\"url\":\"https:\\\/\\\/icarojournal.com\\\/\",\"name\":\"Icaro Journal\",\"description\":\"Dalla cucina ai viaggi alle storie di vita\",\"publisher\":{\"@id\":\"https:\\\/\\\/icarojournal.com\\\/#organization\"},\"potentialAction\":[{\"@type\":\"SearchAction\",\"target\":{\"@type\":\"EntryPoint\",\"urlTemplate\":\"https:\\\/\\\/icarojournal.com\\\/?s={search_term_string}\"},\"query-input\":{\"@type\":\"PropertyValueSpecification\",\"valueRequired\":true,\"valueName\":\"search_term_string\"}}],\"inLanguage\":\"it-IT\"},{\"@type\":\"Organization\",\"@id\":\"https:\\\/\\\/icarojournal.com\\\/#organization\",\"name\":\"Icaro Journal\",\"url\":\"https:\\\/\\\/icarojournal.com\\\/\",\"logo\":{\"@type\":\"ImageObject\",\"inLanguage\":\"it-IT\",\"@id\":\"https:\\\/\\\/icarojournal.com\\\/#\\\/schema\\\/logo\\\/image\\\/\",\"url\":\"https:\\\/\\\/icarojournal.com\\\/wp-content\\\/uploads\\\/2024\\\/09\\\/cropped-logo.png\",\"contentUrl\":\"https:\\\/\\\/icarojournal.com\\\/wp-content\\\/uploads\\\/2024\\\/09\\\/cropped-logo.png\",\"width\":249,\"height\":112,\"caption\":\"Icaro Journal\"},\"image\":{\"@id\":\"https:\\\/\\\/icarojournal.com\\\/#\\\/schema\\\/logo\\\/image\\\/\"},\"sameAs\":[\"https:\\\/\\\/www.instagram.com\\\/icarojournal\\\/\"]},{\"@type\":\"Person\",\"@id\":\"https:\\\/\\\/icarojournal.com\\\/#\\\/schema\\\/person\\\/50728028a3703bea504b6347d37b5f99\",\"name\":\"Francesca Guglielmino\",\"image\":{\"@type\":\"ImageObject\",\"inLanguage\":\"it-IT\",\"@id\":\"https:\\\/\\\/secure.gravatar.com\\\/avatar\\\/33a9fb184e61458c03502f25a25c41fb4a67a826d476085532fe929fa0faac68?s=96&d=mm&r=g\",\"url\":\"https:\\\/\\\/secure.gravatar.com\\\/avatar\\\/33a9fb184e61458c03502f25a25c41fb4a67a826d476085532fe929fa0faac68?s=96&d=mm&r=g\",\"contentUrl\":\"https:\\\/\\\/secure.gravatar.com\\\/avatar\\\/33a9fb184e61458c03502f25a25c41fb4a67a826d476085532fe929fa0faac68?s=96&d=mm&r=g\",\"caption\":\"Francesca Guglielmino\"},\"sameAs\":[\"http:\\\/\\\/@francesca_guglielmino90\"],\"url\":\"https:\\\/\\\/icarojournal.com\\\/index.php\\\/author\\\/francesca-guglielmino\\\/\"}]}<\/script>\n<!-- \/ Yoast SEO plugin. -->","yoast_head_json":{"title":"Carmine torna davvero in Mare Fuori? Tutti i rumor su lui e Rosa! - Icaro Journal","description":"La sesta stagione di Mare Fuori sar\u00e0 l\u2019ultima? \u00c8 questa la domanda che si stanno ponendo numerosi fan che, in questi ...","robots":{"index":"index","follow":"follow","max-snippet":"max-snippet:-1","max-image-preview":"max-image-preview:large","max-video-preview":"max-video-preview:-1"},"canonical":"https:\/\/icarojournal.com\/index.php\/2026\/03\/11\/carmine-torna-davvero-in-mare-fuori-tutti-i-rumor-su-lui-e-rosa\/","og_locale":"it_IT","og_type":"article","og_title":"Carmine torna davvero in Mare Fuori? Tutti i rumor su lui e Rosa! - Icaro Journal","og_description":"La sesta stagione di Mare Fuori sar\u00e0 l\u2019ultima? \u00c8 questa la domanda che si stanno ponendo numerosi fan che, in questi ...","og_url":"https:\/\/icarojournal.com\/index.php\/2026\/03\/11\/carmine-torna-davvero-in-mare-fuori-tutti-i-rumor-su-lui-e-rosa\/","og_site_name":"Icaro Journal","article_published_time":"2026-03-11T16:30:28+00:00","og_image":[{"width":1200,"height":800,"url":"https:\/\/icarojournal.com\/wp-content\/uploads\/2026\/03\/Carmine-torna-in-Mare-Fuori-20260311-IcaroJournal.jpg","type":"image\/jpeg"}],"author":"Francesca Guglielmino","twitter_card":"summary_large_image","twitter_misc":{"Scritto da":"Francesca Guglielmino","Tempo di lettura stimato":"4 minuti"},"schema":{"@context":"https:\/\/schema.org","@graph":[{"@type":"Article","@id":"https:\/\/icarojournal.com\/index.php\/2026\/03\/11\/carmine-torna-davvero-in-mare-fuori-tutti-i-rumor-su-lui-e-rosa\/#article","isPartOf":{"@id":"https:\/\/icarojournal.com\/index.php\/2026\/03\/11\/carmine-torna-davvero-in-mare-fuori-tutti-i-rumor-su-lui-e-rosa\/"},"author":{"name":"Francesca Guglielmino","@id":"https:\/\/icarojournal.com\/#\/schema\/person\/50728028a3703bea504b6347d37b5f99"},"headline":"Carmine torna davvero in Mare Fuori? Tutti i rumor su lui e Rosa!","datePublished":"2026-03-11T16:30:28+00:00","mainEntityOfPage":{"@id":"https:\/\/icarojournal.com\/index.php\/2026\/03\/11\/carmine-torna-davvero-in-mare-fuori-tutti-i-rumor-su-lui-e-rosa\/"},"wordCount":590,"commentCount":0,"publisher":{"@id":"https:\/\/icarojournal.com\/#organization"},"image":{"@id":"https:\/\/icarojournal.com\/index.php\/2026\/03\/11\/carmine-torna-davvero-in-mare-fuori-tutti-i-rumor-su-lui-e-rosa\/#primaryimage"},"thumbnailUrl":"https:\/\/icarojournal.com\/wp-content\/uploads\/2026\/03\/Carmine-torna-in-Mare-Fuori-20260311-IcaroJournal.jpg","keywords":["Mare Fuori","Mare Fuori news","Mare Fuori serie","Maria Esposito","Massimiliano Caiazzo","Rosa e Carmine","Rosa Ricci"],"articleSection":["Gossip"],"inLanguage":"it-IT","potentialAction":[{"@type":"CommentAction","name":"Comment","target":["https:\/\/icarojournal.com\/index.php\/2026\/03\/11\/carmine-torna-davvero-in-mare-fuori-tutti-i-rumor-su-lui-e-rosa\/#respond"]}]},{"@type":"WebPage","@id":"https:\/\/icarojournal.com\/index.php\/2026\/03\/11\/carmine-torna-davvero-in-mare-fuori-tutti-i-rumor-su-lui-e-rosa\/","url":"https:\/\/icarojournal.com\/index.php\/2026\/03\/11\/carmine-torna-davvero-in-mare-fuori-tutti-i-rumor-su-lui-e-rosa\/","name":"Carmine torna davvero in Mare Fuori? Tutti i rumor su lui e Rosa! - Icaro Journal","isPartOf":{"@id":"https:\/\/icarojournal.com\/#website"},"primaryImageOfPage":{"@id":"https:\/\/icarojournal.com\/index.php\/2026\/03\/11\/carmine-torna-davvero-in-mare-fuori-tutti-i-rumor-su-lui-e-rosa\/#primaryimage"},"image":{"@id":"https:\/\/icarojournal.com\/index.php\/2026\/03\/11\/carmine-torna-davvero-in-mare-fuori-tutti-i-rumor-su-lui-e-rosa\/#primaryimage"},"thumbnailUrl":"https:\/\/icarojournal.com\/wp-content\/uploads\/2026\/03\/Carmine-torna-in-Mare-Fuori-20260311-IcaroJournal.jpg","datePublished":"2026-03-11T16:30:28+00:00","description":"La sesta stagione di Mare Fuori sar\u00e0 l\u2019ultima? \u00c8 questa la domanda che si stanno ponendo numerosi fan che, in questi ...","breadcrumb":{"@id":"https:\/\/icarojournal.com\/index.php\/2026\/03\/11\/carmine-torna-davvero-in-mare-fuori-tutti-i-rumor-su-lui-e-rosa\/#breadcrumb"},"inLanguage":"it-IT","potentialAction":[{"@type":"ReadAction","target":["https:\/\/icarojournal.com\/index.php\/2026\/03\/11\/carmine-torna-davvero-in-mare-fuori-tutti-i-rumor-su-lui-e-rosa\/"]}]},{"@type":"ImageObject","inLanguage":"it-IT","@id":"https:\/\/icarojournal.com\/index.php\/2026\/03\/11\/carmine-torna-davvero-in-mare-fuori-tutti-i-rumor-su-lui-e-rosa\/#primaryimage","url":"https:\/\/icarojournal.com\/wp-content\/uploads\/2026\/03\/Carmine-torna-in-Mare-Fuori-20260311-IcaroJournal.jpg","contentUrl":"https:\/\/icarojournal.com\/wp-content\/uploads\/2026\/03\/Carmine-torna-in-Mare-Fuori-20260311-IcaroJournal.jpg","width":1200,"height":800,"caption":"Carmine torna in Mare Fuori - IcaroJournal"},{"@type":"BreadcrumbList","@id":"https:\/\/icarojournal.com\/index.php\/2026\/03\/11\/carmine-torna-davvero-in-mare-fuori-tutti-i-rumor-su-lui-e-rosa\/#breadcrumb","itemListElement":[{"@type":"ListItem","position":1,"name":"Home","item":"https:\/\/icarojournal.com\/"},{"@type":"ListItem","position":2,"name":"Carmine torna davvero in Mare Fuori? Tutti i rumor su lui e Rosa!"}]},{"@type":"WebSite","@id":"https:\/\/icarojournal.com\/#website","url":"https:\/\/icarojournal.com\/","name":"Icaro Journal","description":"Dalla cucina ai viaggi alle storie di vita","publisher":{"@id":"https:\/\/icarojournal.com\/#organization"},"potentialAction":[{"@type":"SearchAction","target":{"@type":"EntryPoint","urlTemplate":"https:\/\/icarojournal.com\/?s={search_term_string}"},"query-input":{"@type":"PropertyValueSpecification","valueRequired":true,"valueName":"search_term_string"}}],"inLanguage":"it-IT"},{"@type":"Organization","@id":"https:\/\/icarojournal.com\/#organization","name":"Icaro Journal","url":"https:\/\/icarojournal.com\/","logo":{"@type":"ImageObject","inLanguage":"it-IT","@id":"https:\/\/icarojournal.com\/#\/schema\/logo\/image\/","url":"https:\/\/icarojournal.com\/wp-content\/uploads\/2024\/09\/cropped-logo.png","contentUrl":"https:\/\/icarojournal.com\/wp-content\/uploads\/2024\/09\/cropped-logo.png","width":249,"height":112,"caption":"Icaro Journal"},"image":{"@id":"https:\/\/icarojournal.com\/#\/schema\/logo\/image\/"},"sameAs":["https:\/\/www.instagram.com\/icarojournal\/"]},{"@type":"Person","@id":"https:\/\/icarojournal.com\/#\/schema\/person\/50728028a3703bea504b6347d37b5f99","name":"Francesca Guglielmino","image":{"@type":"ImageObject","inLanguage":"it-IT","@id":"https:\/\/secure.gravatar.com\/avatar\/33a9fb184e61458c03502f25a25c41fb4a67a826d476085532fe929fa0faac68?s=96&d=mm&r=g","url":"https:\/\/secure.gravatar.com\/avatar\/33a9fb184e61458c03502f25a25c41fb4a67a826d476085532fe929fa0faac68?s=96&d=mm&r=g","contentUrl":"https:\/\/secure.gravatar.com\/avatar\/33a9fb184e61458c03502f25a25c41fb4a67a826d476085532fe929fa0faac68?s=96&d=mm&r=g","caption":"Francesca Guglielmino"},"sameAs":["http:\/\/@francesca_guglielmino90"],"url":"https:\/\/icarojournal.com\/index.php\/author\/francesca-guglielmino\/"}]}},"_links":{"self":[{"href":"https:\/\/icarojournal.com\/index.php\/wp-json\/wp\/v2\/posts\/6756","targetHints":{"allow":["GET"]}}],"collection":[{"href":"https:\/\/icarojournal.com\/index.php\/wp-json\/wp\/v2\/posts"}],"about":[{"href":"https:\/\/icarojournal.com\/index.php\/wp-json\/wp\/v2\/types\/post"}],"author":[{"embeddable":true,"href":"https:\/\/icarojournal.com\/index.php\/wp-json\/wp\/v2\/users\/2"}],"replies":[{"embeddable":true,"href":"https:\/\/icarojournal.com\/index.php\/wp-json\/wp\/v2\/comments?post=6756"}],"version-history":[{"count":1,"href":"https:\/\/icarojournal.com\/index.php\/wp-json\/wp\/v2\/posts\/6756\/revisions"}],"predecessor-version":[{"id":6773,"href":"https:\/\/icarojournal.com\/index.php\/wp-json\/wp\/v2\/posts\/6756\/revisions\/6773"}],"wp:featuredmedia":[{"embeddable":true,"href":"https:\/\/icarojournal.com\/index.php\/wp-json\/wp\/v2\/media\/6772"}],"wp:attachment":[{"href":"https:\/\/icarojournal.com\/index.php\/wp-json\/wp\/v2\/media?parent=6756"}],"wp:term":[{"taxonomy":"category","embeddable":true,"href":"https:\/\/icarojournal.com\/index.php\/wp-json\/wp\/v2\/categories?post=6756"},{"taxonomy":"post_tag","embeddable":true,"href":"https:\/\/icarojournal.com\/index.php\/wp-json\/wp\/v2\/tags?post=6756"}],"curies":[{"name":"wp","href":"https:\/\/api.w.org\/{rel}","templated":true}]}}