{"id":6759,"date":"2026-03-11T23:30:16","date_gmt":"2026-03-11T22:30:16","guid":{"rendered":"https:\/\/icarojournal.com\/?p=6759"},"modified":"2026-03-11T23:25:12","modified_gmt":"2026-03-11T22:25:12","slug":"torta-della-nonna-ma-in-friggitrice-ad-aria-e-buona-e-la-fai-in-meta-tempo","status":"publish","type":"post","link":"https:\/\/icarojournal.com\/index.php\/2026\/03\/11\/torta-della-nonna-ma-in-friggitrice-ad-aria-e-buona-e-la-fai-in-meta-tempo\/","title":{"rendered":"Torta della nonna, ma in friggitrice ad aria, \u00e8 buona e la fai in met\u00e0 tempo"},"content":{"rendered":"<p><strong>Torta della nonna in poche mosse, senza troppa fatica\u2026 \u00c8 davvero possibile! Inoltre, la faccio direttamente in friggitrice ad aria.<\/strong><\/p>\n<p>La torta della nonna \u00e8 un calderone cos\u00ec ampio nel mondo delle ricette che possiamo includere numerose varianti, perfino quella che ti sto per proporre, nonostante procederemo con la cottura in friggitrice ad aria.<\/p>\n<p style=\"text-align: center;\"><script>\n  atOptions = {\n    'key' : 'd4ed0a5e629846f4ae9c8d85aba6ad05',\n    'format' : 'iframe',\n    'height' : 300,\n    'width' : 160,\n    'params' : {}\n  };\n<\/script><br \/>\n<script src=\"https:\/\/www.highperformanceformat.com\/d4ed0a5e629846f4ae9c8d85aba6ad05\/invoke.js\"><\/script><\/p>\n<p>Infatti, si tratta di una torta che prepareremo facilmente: prevede sostanzialmente pochi ingredienti, tutti semplici da reperire e che, in un certo qual modo, pu\u00f2 essere vista come leggera, adatta anche a chi sta seguendo una dieta. Perfetta come dessert dopo cena, oppure come merenda, ma anche a colazione.<\/p>\n<h2>Torta della nonna, in poche mosse: la ricetta che devi provare anche tu<\/h2>\n<p>Ebbene s\u00ec, come abbiamo avuto modo di spiegare precedentemente, la torta della nonna non prevede una sola ricetta, ma un calderone cos\u00ec ampio dal quale possiamo pescare il dolce \u201cdi casa\u201d che pi\u00f9 ci piace, rifacendoci alla tradizione culinaria italiana. Io ho puntato tutto su questa variante con la ricotta, perch\u00e9 prevede pochi ingredienti ed \u00e8 facile da preparare. La ricetta, dunque, prevede:<\/p>\n<ul>\n<li>300 grammi di ricotta,<\/li>\n<li>1 uovo,<\/li>\n<li>100 grammi di farina,<\/li>\n<li>50 grammi di zucchero,<\/li>\n<li>gocce di cioccolato.<\/li>\n<\/ul>\n<figure id=\"attachment_6777\" aria-describedby=\"caption-attachment-6777\" style=\"width: 1200px\" class=\"wp-caption alignnone\"><img loading=\"lazy\" decoding=\"async\" class=\"size-full wp-image-6777\" src=\"https:\/\/icarojournal.com\/wp-content\/uploads\/2026\/03\/Torta-della-nonna-20260311-IcaroJournal.jpg\" alt=\"Torta della nonna - IcaroJournal\" width=\"1200\" height=\"800\" srcset=\"https:\/\/icarojournal.com\/wp-content\/uploads\/2026\/03\/Torta-della-nonna-20260311-IcaroJournal.jpg 1200w, https:\/\/icarojournal.com\/wp-content\/uploads\/2026\/03\/Torta-della-nonna-20260311-IcaroJournal-300x200.jpg 300w, https:\/\/icarojournal.com\/wp-content\/uploads\/2026\/03\/Torta-della-nonna-20260311-IcaroJournal-1024x683.jpg 1024w, https:\/\/icarojournal.com\/wp-content\/uploads\/2026\/03\/Torta-della-nonna-20260311-IcaroJournal-768x512.jpg 768w\" sizes=\"auto, (max-width: 1200px) 100vw, 1200px\" \/><figcaption id=\"caption-attachment-6777\" class=\"wp-caption-text\">Torta della nonna &#8211; IcaroJournal<\/figcaption><\/figure>\n<h3>Preparazione della torta direttamente in friggitrice ad aria<\/h3>\n<p>Non dobbiamo fare altro che prendere <strong>unaciotola capiente e mettere la ricotta dopo aver eliminato tutto il liquido di conservazione<\/strong>. Aggiungiamo l\u2019uovo e lo zucchero e mescoliamo bene gli ingredienti. Uniamo anche le gocce di cioccolato e, solo alla fine, incorporiamo la farina setacciata, cos\u00ec da evitare la formazione di grumi.<\/p>\n<p>A questo punto prendiamo una teglia (anche in terracotta) adatta alla friggitrice ad aria e al forno, ungiamola con un po\u2019 di olio di semi oppure rivestiamola con carta forno. <strong>Versiamo l\u2019impasto e facciamo cuocere in friggitrice ad aria a 150 gradi per 12 minuti<\/strong>: il gioco \u00e8 fatto. La tua torta della nonna, leggera e pronta, pu\u00f2 essere servita subito e gustata in qualunque momento.<\/p>\n<figure id=\"attachment_6775\" aria-describedby=\"caption-attachment-6775\" style=\"width: 1200px\" class=\"wp-caption alignnone\"><img loading=\"lazy\" decoding=\"async\" class=\"size-full wp-image-6775\" src=\"https:\/\/icarojournal.com\/wp-content\/uploads\/2026\/03\/Torta-della-nonna-20260311-IcaroJournal-1.jpg\" alt=\"Torta della nonna - IcaroJournal\" width=\"1200\" height=\"800\" srcset=\"https:\/\/icarojournal.com\/wp-content\/uploads\/2026\/03\/Torta-della-nonna-20260311-IcaroJournal-1.jpg 1200w, https:\/\/icarojournal.com\/wp-content\/uploads\/2026\/03\/Torta-della-nonna-20260311-IcaroJournal-1-300x200.jpg 300w, https:\/\/icarojournal.com\/wp-content\/uploads\/2026\/03\/Torta-della-nonna-20260311-IcaroJournal-1-1024x683.jpg 1024w, https:\/\/icarojournal.com\/wp-content\/uploads\/2026\/03\/Torta-della-nonna-20260311-IcaroJournal-1-768x512.jpg 768w\" sizes=\"auto, (max-width: 1200px) 100vw, 1200px\" \/><figcaption id=\"caption-attachment-6775\" class=\"wp-caption-text\">Torta della nonna &#8211; IcaroJournal<\/figcaption><\/figure>\n<p><strong>LEGGI ANCHE -&gt;\u00a0<a href=\"https:\/\/icarojournal.com\/index.php\/2026\/03\/08\/zeppoline-fritte-con-questa-ricetta-le-fai-in-due-minuti-e-le-completi-con-lo-zucchero-prima-di-mangiarle\/\" target=\"_blank\" rel=\"noopener\">Zeppoline fritte, con questa ricetta le fai in due minuti e le completi con lo zucchero prima di mangiarle<\/a><\/strong><\/p>\n<p><strong>LEGGI ANCHE -&gt;\u00a0<a href=\"https:\/\/icarojournal.com\/index.php\/2026\/03\/06\/burger-vegani-di-broccoli-croccanti-fuori-morbidi-dentro-senza-uova\/\" target=\"_blank\" rel=\"noopener\">Burger vegani di broccoli: croccanti fuori, morbidi dentro, senza uova<\/a><\/strong><\/p>\n<p>Per la cottura in forno, invece, puoi procedere allo stesso modo:<strong> imposta l\u2019elettrodomestico a 160 gradi in modalit\u00e0 ventilata e cuoci per circa 15<\/strong> <strong>minuti<\/strong>. Il risultato sar\u00e0 pressoch\u00e9 lo stesso, anche se la consistenza potrebbe risultare leggermente pi\u00f9 compatta, quasi come un brownie.<\/p>\n<p><strong>LEGGI ANCHE -&gt;\u00a0<a href=\"https:\/\/icarojournal.com\/index.php\/2026\/03\/10\/le-polpette-le-puoi-fare-anche-con-il-tofu-scegli-tu-se-vegane-o-vegetariane\/\" target=\"_blank\" rel=\"noopener\">Le polpette le puoi fare anche con il tofu, scegli tu se vegane o vegetariane<\/a><\/strong><\/p>\n<p><strong>LEGGI ANCHE -&gt;\u00a0<a href=\"https:\/\/icarojournal.com\/index.php\/2026\/03\/11\/uova-alla-diavola-ma-cosi-la-ricetta-che-le-batte-tutte\/\" target=\"_blank\" rel=\"noopener\">Uova alla diavola ma cos\u00ec, la ricetta che le batte tutte<\/a><\/strong><\/p>\n","protected":false},"excerpt":{"rendered":"<p>Torta della nonna in poche mosse, senza troppa fatica\u2026 \u00c8 davvero possibile! Inoltre, la faccio direttamente in friggitrice ad aria. La torta della nonna \u00e8 un calderone cos\u00ec ampio nel mondo delle ricette che possiamo includere numerose varianti, perfino quella che ti sto per proporre, nonostante procederemo con la cottura in friggitrice ad aria. Infatti, [&hellip;]<\/p>\n","protected":false},"author":2,"featured_media":6776,"comment_status":"open","ping_status":"open","sticky":false,"template":"","format":"standard","meta":{"iawp_total_views":28,"footnotes":""},"categories":[360],"tags":[438,382,362,612],"class_list":["post-6759","post","type-post","status-publish","format-standard","has-post-thumbnail","hentry","category-cucina","tag-ricetta-senza-burro","tag-ricette-dolci","tag-ricette-light","tag-torta-della-nonna"],"yoast_head":"<!-- This site is optimized with the Yoast SEO plugin v27.5 - https:\/\/yoast.com\/product\/yoast-seo-wordpress\/ -->\n<title>Torta della nonna, ma in friggitrice ad aria, \u00e8 buona e la fai in met\u00e0 tempo - Icaro Journal<\/title>\n<meta name=\"description\" content=\"Torta della nonna in poche mosse, senza troppa fatica\u2026 \u00c8 davvero possibile! Inoltre, la faccio direttamente in friggitrice ad aria.\" \/>\n<meta name=\"robots\" content=\"index, follow, max-snippet:-1, max-image-preview:large, max-video-preview:-1\" \/>\n<link rel=\"canonical\" href=\"https:\/\/icarojournal.com\/index.php\/2026\/03\/11\/torta-della-nonna-ma-in-friggitrice-ad-aria-e-buona-e-la-fai-in-meta-tempo\/\" \/>\n<meta property=\"og:locale\" content=\"it_IT\" \/>\n<meta property=\"og:type\" content=\"article\" \/>\n<meta property=\"og:title\" content=\"Torta della nonna, ma in friggitrice ad aria, \u00e8 buona e la fai in met\u00e0 tempo - Icaro Journal\" \/>\n<meta property=\"og:description\" content=\"Torta della nonna in poche mosse, senza troppa fatica\u2026 \u00c8 davvero possibile! Inoltre, la faccio direttamente in friggitrice ad aria.\" \/>\n<meta property=\"og:url\" content=\"https:\/\/icarojournal.com\/index.php\/2026\/03\/11\/torta-della-nonna-ma-in-friggitrice-ad-aria-e-buona-e-la-fai-in-meta-tempo\/\" \/>\n<meta property=\"og:site_name\" content=\"Icaro Journal\" \/>\n<meta property=\"article:published_time\" content=\"2026-03-11T22:30:16+00:00\" \/>\n<meta property=\"og:image\" content=\"https:\/\/icarojournal.com\/wp-content\/uploads\/2026\/03\/Torta-della-nonna-20260311-IcaroJournal-2.jpg\" \/>\n\t<meta property=\"og:image:width\" content=\"1200\" \/>\n\t<meta property=\"og:image:height\" content=\"800\" \/>\n\t<meta property=\"og:image:type\" content=\"image\/jpeg\" \/>\n<meta name=\"author\" content=\"Francesca Guglielmino\" \/>\n<meta name=\"twitter:card\" content=\"summary_large_image\" \/>\n<meta name=\"twitter:label1\" content=\"Scritto da\" \/>\n\t<meta name=\"twitter:data1\" content=\"Francesca Guglielmino\" \/>\n\t<meta name=\"twitter:label2\" content=\"Tempo di lettura stimato\" \/>\n\t<meta name=\"twitter:data2\" content=\"3 minuti\" \/>\n<script type=\"application\/ld+json\" class=\"yoast-schema-graph\">{\"@context\":\"https:\\\/\\\/schema.org\",\"@graph\":[{\"@type\":\"Article\",\"@id\":\"https:\\\/\\\/icarojournal.com\\\/index.php\\\/2026\\\/03\\\/11\\\/torta-della-nonna-ma-in-friggitrice-ad-aria-e-buona-e-la-fai-in-meta-tempo\\\/#article\",\"isPartOf\":{\"@id\":\"https:\\\/\\\/icarojournal.com\\\/index.php\\\/2026\\\/03\\\/11\\\/torta-della-nonna-ma-in-friggitrice-ad-aria-e-buona-e-la-fai-in-meta-tempo\\\/\"},\"author\":{\"name\":\"Francesca Guglielmino\",\"@id\":\"https:\\\/\\\/icarojournal.com\\\/#\\\/schema\\\/person\\\/50728028a3703bea504b6347d37b5f99\"},\"headline\":\"Torta della nonna, ma in friggitrice ad aria, \u00e8 buona e la fai in met\u00e0 tempo\",\"datePublished\":\"2026-03-11T22:30:16+00:00\",\"mainEntityOfPage\":{\"@id\":\"https:\\\/\\\/icarojournal.com\\\/index.php\\\/2026\\\/03\\\/11\\\/torta-della-nonna-ma-in-friggitrice-ad-aria-e-buona-e-la-fai-in-meta-tempo\\\/\"},\"wordCount\":466,\"commentCount\":0,\"publisher\":{\"@id\":\"https:\\\/\\\/icarojournal.com\\\/#organization\"},\"image\":{\"@id\":\"https:\\\/\\\/icarojournal.com\\\/index.php\\\/2026\\\/03\\\/11\\\/torta-della-nonna-ma-in-friggitrice-ad-aria-e-buona-e-la-fai-in-meta-tempo\\\/#primaryimage\"},\"thumbnailUrl\":\"https:\\\/\\\/icarojournal.com\\\/wp-content\\\/uploads\\\/2026\\\/03\\\/Torta-della-nonna-20260311-IcaroJournal-2.jpg\",\"keywords\":[\"ricetta senza burro\",\"ricette dolci\",\"Ricette light\",\"torta della nonna\"],\"articleSection\":[\"Cucina\"],\"inLanguage\":\"it-IT\",\"potentialAction\":[{\"@type\":\"CommentAction\",\"name\":\"Comment\",\"target\":[\"https:\\\/\\\/icarojournal.com\\\/index.php\\\/2026\\\/03\\\/11\\\/torta-della-nonna-ma-in-friggitrice-ad-aria-e-buona-e-la-fai-in-meta-tempo\\\/#respond\"]}]},{\"@type\":\"WebPage\",\"@id\":\"https:\\\/\\\/icarojournal.com\\\/index.php\\\/2026\\\/03\\\/11\\\/torta-della-nonna-ma-in-friggitrice-ad-aria-e-buona-e-la-fai-in-meta-tempo\\\/\",\"url\":\"https:\\\/\\\/icarojournal.com\\\/index.php\\\/2026\\\/03\\\/11\\\/torta-della-nonna-ma-in-friggitrice-ad-aria-e-buona-e-la-fai-in-meta-tempo\\\/\",\"name\":\"Torta della nonna, ma in friggitrice ad aria, \u00e8 buona e la fai in met\u00e0 tempo - Icaro Journal\",\"isPartOf\":{\"@id\":\"https:\\\/\\\/icarojournal.com\\\/#website\"},\"primaryImageOfPage\":{\"@id\":\"https:\\\/\\\/icarojournal.com\\\/index.php\\\/2026\\\/03\\\/11\\\/torta-della-nonna-ma-in-friggitrice-ad-aria-e-buona-e-la-fai-in-meta-tempo\\\/#primaryimage\"},\"image\":{\"@id\":\"https:\\\/\\\/icarojournal.com\\\/index.php\\\/2026\\\/03\\\/11\\\/torta-della-nonna-ma-in-friggitrice-ad-aria-e-buona-e-la-fai-in-meta-tempo\\\/#primaryimage\"},\"thumbnailUrl\":\"https:\\\/\\\/icarojournal.com\\\/wp-content\\\/uploads\\\/2026\\\/03\\\/Torta-della-nonna-20260311-IcaroJournal-2.jpg\",\"datePublished\":\"2026-03-11T22:30:16+00:00\",\"description\":\"Torta della nonna in poche mosse, senza troppa fatica\u2026 \u00c8 davvero possibile! Inoltre, la faccio direttamente in friggitrice ad aria.\",\"breadcrumb\":{\"@id\":\"https:\\\/\\\/icarojournal.com\\\/index.php\\\/2026\\\/03\\\/11\\\/torta-della-nonna-ma-in-friggitrice-ad-aria-e-buona-e-la-fai-in-meta-tempo\\\/#breadcrumb\"},\"inLanguage\":\"it-IT\",\"potentialAction\":[{\"@type\":\"ReadAction\",\"target\":[\"https:\\\/\\\/icarojournal.com\\\/index.php\\\/2026\\\/03\\\/11\\\/torta-della-nonna-ma-in-friggitrice-ad-aria-e-buona-e-la-fai-in-meta-tempo\\\/\"]}]},{\"@type\":\"ImageObject\",\"inLanguage\":\"it-IT\",\"@id\":\"https:\\\/\\\/icarojournal.com\\\/index.php\\\/2026\\\/03\\\/11\\\/torta-della-nonna-ma-in-friggitrice-ad-aria-e-buona-e-la-fai-in-meta-tempo\\\/#primaryimage\",\"url\":\"https:\\\/\\\/icarojournal.com\\\/wp-content\\\/uploads\\\/2026\\\/03\\\/Torta-della-nonna-20260311-IcaroJournal-2.jpg\",\"contentUrl\":\"https:\\\/\\\/icarojournal.com\\\/wp-content\\\/uploads\\\/2026\\\/03\\\/Torta-della-nonna-20260311-IcaroJournal-2.jpg\",\"width\":1200,\"height\":800,\"caption\":\"Torta della nonna - IcaroJournal\"},{\"@type\":\"BreadcrumbList\",\"@id\":\"https:\\\/\\\/icarojournal.com\\\/index.php\\\/2026\\\/03\\\/11\\\/torta-della-nonna-ma-in-friggitrice-ad-aria-e-buona-e-la-fai-in-meta-tempo\\\/#breadcrumb\",\"itemListElement\":[{\"@type\":\"ListItem\",\"position\":1,\"name\":\"Home\",\"item\":\"https:\\\/\\\/icarojournal.com\\\/\"},{\"@type\":\"ListItem\",\"position\":2,\"name\":\"Torta della nonna, ma in friggitrice ad aria, \u00e8 buona e la fai in met\u00e0 tempo\"}]},{\"@type\":\"WebSite\",\"@id\":\"https:\\\/\\\/icarojournal.com\\\/#website\",\"url\":\"https:\\\/\\\/icarojournal.com\\\/\",\"name\":\"Icaro Journal\",\"description\":\"Dalla cucina ai viaggi alle storie di vita\",\"publisher\":{\"@id\":\"https:\\\/\\\/icarojournal.com\\\/#organization\"},\"potentialAction\":[{\"@type\":\"SearchAction\",\"target\":{\"@type\":\"EntryPoint\",\"urlTemplate\":\"https:\\\/\\\/icarojournal.com\\\/?s={search_term_string}\"},\"query-input\":{\"@type\":\"PropertyValueSpecification\",\"valueRequired\":true,\"valueName\":\"search_term_string\"}}],\"inLanguage\":\"it-IT\"},{\"@type\":\"Organization\",\"@id\":\"https:\\\/\\\/icarojournal.com\\\/#organization\",\"name\":\"Icaro Journal\",\"url\":\"https:\\\/\\\/icarojournal.com\\\/\",\"logo\":{\"@type\":\"ImageObject\",\"inLanguage\":\"it-IT\",\"@id\":\"https:\\\/\\\/icarojournal.com\\\/#\\\/schema\\\/logo\\\/image\\\/\",\"url\":\"https:\\\/\\\/icarojournal.com\\\/wp-content\\\/uploads\\\/2024\\\/09\\\/cropped-logo.png\",\"contentUrl\":\"https:\\\/\\\/icarojournal.com\\\/wp-content\\\/uploads\\\/2024\\\/09\\\/cropped-logo.png\",\"width\":249,\"height\":112,\"caption\":\"Icaro Journal\"},\"image\":{\"@id\":\"https:\\\/\\\/icarojournal.com\\\/#\\\/schema\\\/logo\\\/image\\\/\"},\"sameAs\":[\"https:\\\/\\\/www.instagram.com\\\/icarojournal\\\/\"]},{\"@type\":\"Person\",\"@id\":\"https:\\\/\\\/icarojournal.com\\\/#\\\/schema\\\/person\\\/50728028a3703bea504b6347d37b5f99\",\"name\":\"Francesca Guglielmino\",\"image\":{\"@type\":\"ImageObject\",\"inLanguage\":\"it-IT\",\"@id\":\"https:\\\/\\\/secure.gravatar.com\\\/avatar\\\/33a9fb184e61458c03502f25a25c41fb4a67a826d476085532fe929fa0faac68?s=96&d=mm&r=g\",\"url\":\"https:\\\/\\\/secure.gravatar.com\\\/avatar\\\/33a9fb184e61458c03502f25a25c41fb4a67a826d476085532fe929fa0faac68?s=96&d=mm&r=g\",\"contentUrl\":\"https:\\\/\\\/secure.gravatar.com\\\/avatar\\\/33a9fb184e61458c03502f25a25c41fb4a67a826d476085532fe929fa0faac68?s=96&d=mm&r=g\",\"caption\":\"Francesca Guglielmino\"},\"sameAs\":[\"http:\\\/\\\/@francesca_guglielmino90\"],\"url\":\"https:\\\/\\\/icarojournal.com\\\/index.php\\\/author\\\/francesca-guglielmino\\\/\"}]}<\/script>\n<!-- \/ Yoast SEO plugin. -->","yoast_head_json":{"title":"Torta della nonna, ma in friggitrice ad aria, \u00e8 buona e la fai in met\u00e0 tempo - Icaro Journal","description":"Torta della nonna in poche mosse, senza troppa fatica\u2026 \u00c8 davvero possibile! Inoltre, la faccio direttamente in friggitrice ad aria.","robots":{"index":"index","follow":"follow","max-snippet":"max-snippet:-1","max-image-preview":"max-image-preview:large","max-video-preview":"max-video-preview:-1"},"canonical":"https:\/\/icarojournal.com\/index.php\/2026\/03\/11\/torta-della-nonna-ma-in-friggitrice-ad-aria-e-buona-e-la-fai-in-meta-tempo\/","og_locale":"it_IT","og_type":"article","og_title":"Torta della nonna, ma in friggitrice ad aria, \u00e8 buona e la fai in met\u00e0 tempo - Icaro Journal","og_description":"Torta della nonna in poche mosse, senza troppa fatica\u2026 \u00c8 davvero possibile! Inoltre, la faccio direttamente in friggitrice ad aria.","og_url":"https:\/\/icarojournal.com\/index.php\/2026\/03\/11\/torta-della-nonna-ma-in-friggitrice-ad-aria-e-buona-e-la-fai-in-meta-tempo\/","og_site_name":"Icaro Journal","article_published_time":"2026-03-11T22:30:16+00:00","og_image":[{"width":1200,"height":800,"url":"https:\/\/icarojournal.com\/wp-content\/uploads\/2026\/03\/Torta-della-nonna-20260311-IcaroJournal-2.jpg","type":"image\/jpeg"}],"author":"Francesca Guglielmino","twitter_card":"summary_large_image","twitter_misc":{"Scritto da":"Francesca Guglielmino","Tempo di lettura stimato":"3 minuti"},"schema":{"@context":"https:\/\/schema.org","@graph":[{"@type":"Article","@id":"https:\/\/icarojournal.com\/index.php\/2026\/03\/11\/torta-della-nonna-ma-in-friggitrice-ad-aria-e-buona-e-la-fai-in-meta-tempo\/#article","isPartOf":{"@id":"https:\/\/icarojournal.com\/index.php\/2026\/03\/11\/torta-della-nonna-ma-in-friggitrice-ad-aria-e-buona-e-la-fai-in-meta-tempo\/"},"author":{"name":"Francesca Guglielmino","@id":"https:\/\/icarojournal.com\/#\/schema\/person\/50728028a3703bea504b6347d37b5f99"},"headline":"Torta della nonna, ma in friggitrice ad aria, \u00e8 buona e la fai in met\u00e0 tempo","datePublished":"2026-03-11T22:30:16+00:00","mainEntityOfPage":{"@id":"https:\/\/icarojournal.com\/index.php\/2026\/03\/11\/torta-della-nonna-ma-in-friggitrice-ad-aria-e-buona-e-la-fai-in-meta-tempo\/"},"wordCount":466,"commentCount":0,"publisher":{"@id":"https:\/\/icarojournal.com\/#organization"},"image":{"@id":"https:\/\/icarojournal.com\/index.php\/2026\/03\/11\/torta-della-nonna-ma-in-friggitrice-ad-aria-e-buona-e-la-fai-in-meta-tempo\/#primaryimage"},"thumbnailUrl":"https:\/\/icarojournal.com\/wp-content\/uploads\/2026\/03\/Torta-della-nonna-20260311-IcaroJournal-2.jpg","keywords":["ricetta senza burro","ricette dolci","Ricette light","torta della nonna"],"articleSection":["Cucina"],"inLanguage":"it-IT","potentialAction":[{"@type":"CommentAction","name":"Comment","target":["https:\/\/icarojournal.com\/index.php\/2026\/03\/11\/torta-della-nonna-ma-in-friggitrice-ad-aria-e-buona-e-la-fai-in-meta-tempo\/#respond"]}]},{"@type":"WebPage","@id":"https:\/\/icarojournal.com\/index.php\/2026\/03\/11\/torta-della-nonna-ma-in-friggitrice-ad-aria-e-buona-e-la-fai-in-meta-tempo\/","url":"https:\/\/icarojournal.com\/index.php\/2026\/03\/11\/torta-della-nonna-ma-in-friggitrice-ad-aria-e-buona-e-la-fai-in-meta-tempo\/","name":"Torta della nonna, ma in friggitrice ad aria, \u00e8 buona e la fai in met\u00e0 tempo - Icaro Journal","isPartOf":{"@id":"https:\/\/icarojournal.com\/#website"},"primaryImageOfPage":{"@id":"https:\/\/icarojournal.com\/index.php\/2026\/03\/11\/torta-della-nonna-ma-in-friggitrice-ad-aria-e-buona-e-la-fai-in-meta-tempo\/#primaryimage"},"image":{"@id":"https:\/\/icarojournal.com\/index.php\/2026\/03\/11\/torta-della-nonna-ma-in-friggitrice-ad-aria-e-buona-e-la-fai-in-meta-tempo\/#primaryimage"},"thumbnailUrl":"https:\/\/icarojournal.com\/wp-content\/uploads\/2026\/03\/Torta-della-nonna-20260311-IcaroJournal-2.jpg","datePublished":"2026-03-11T22:30:16+00:00","description":"Torta della nonna in poche mosse, senza troppa fatica\u2026 \u00c8 davvero possibile! Inoltre, la faccio direttamente in friggitrice ad aria.","breadcrumb":{"@id":"https:\/\/icarojournal.com\/index.php\/2026\/03\/11\/torta-della-nonna-ma-in-friggitrice-ad-aria-e-buona-e-la-fai-in-meta-tempo\/#breadcrumb"},"inLanguage":"it-IT","potentialAction":[{"@type":"ReadAction","target":["https:\/\/icarojournal.com\/index.php\/2026\/03\/11\/torta-della-nonna-ma-in-friggitrice-ad-aria-e-buona-e-la-fai-in-meta-tempo\/"]}]},{"@type":"ImageObject","inLanguage":"it-IT","@id":"https:\/\/icarojournal.com\/index.php\/2026\/03\/11\/torta-della-nonna-ma-in-friggitrice-ad-aria-e-buona-e-la-fai-in-meta-tempo\/#primaryimage","url":"https:\/\/icarojournal.com\/wp-content\/uploads\/2026\/03\/Torta-della-nonna-20260311-IcaroJournal-2.jpg","contentUrl":"https:\/\/icarojournal.com\/wp-content\/uploads\/2026\/03\/Torta-della-nonna-20260311-IcaroJournal-2.jpg","width":1200,"height":800,"caption":"Torta della nonna - IcaroJournal"},{"@type":"BreadcrumbList","@id":"https:\/\/icarojournal.com\/index.php\/2026\/03\/11\/torta-della-nonna-ma-in-friggitrice-ad-aria-e-buona-e-la-fai-in-meta-tempo\/#breadcrumb","itemListElement":[{"@type":"ListItem","position":1,"name":"Home","item":"https:\/\/icarojournal.com\/"},{"@type":"ListItem","position":2,"name":"Torta della nonna, ma in friggitrice ad aria, \u00e8 buona e la fai in met\u00e0 tempo"}]},{"@type":"WebSite","@id":"https:\/\/icarojournal.com\/#website","url":"https:\/\/icarojournal.com\/","name":"Icaro Journal","description":"Dalla cucina ai viaggi alle storie di vita","publisher":{"@id":"https:\/\/icarojournal.com\/#organization"},"potentialAction":[{"@type":"SearchAction","target":{"@type":"EntryPoint","urlTemplate":"https:\/\/icarojournal.com\/?s={search_term_string}"},"query-input":{"@type":"PropertyValueSpecification","valueRequired":true,"valueName":"search_term_string"}}],"inLanguage":"it-IT"},{"@type":"Organization","@id":"https:\/\/icarojournal.com\/#organization","name":"Icaro Journal","url":"https:\/\/icarojournal.com\/","logo":{"@type":"ImageObject","inLanguage":"it-IT","@id":"https:\/\/icarojournal.com\/#\/schema\/logo\/image\/","url":"https:\/\/icarojournal.com\/wp-content\/uploads\/2024\/09\/cropped-logo.png","contentUrl":"https:\/\/icarojournal.com\/wp-content\/uploads\/2024\/09\/cropped-logo.png","width":249,"height":112,"caption":"Icaro Journal"},"image":{"@id":"https:\/\/icarojournal.com\/#\/schema\/logo\/image\/"},"sameAs":["https:\/\/www.instagram.com\/icarojournal\/"]},{"@type":"Person","@id":"https:\/\/icarojournal.com\/#\/schema\/person\/50728028a3703bea504b6347d37b5f99","name":"Francesca Guglielmino","image":{"@type":"ImageObject","inLanguage":"it-IT","@id":"https:\/\/secure.gravatar.com\/avatar\/33a9fb184e61458c03502f25a25c41fb4a67a826d476085532fe929fa0faac68?s=96&d=mm&r=g","url":"https:\/\/secure.gravatar.com\/avatar\/33a9fb184e61458c03502f25a25c41fb4a67a826d476085532fe929fa0faac68?s=96&d=mm&r=g","contentUrl":"https:\/\/secure.gravatar.com\/avatar\/33a9fb184e61458c03502f25a25c41fb4a67a826d476085532fe929fa0faac68?s=96&d=mm&r=g","caption":"Francesca Guglielmino"},"sameAs":["http:\/\/@francesca_guglielmino90"],"url":"https:\/\/icarojournal.com\/index.php\/author\/francesca-guglielmino\/"}]}},"_links":{"self":[{"href":"https:\/\/icarojournal.com\/index.php\/wp-json\/wp\/v2\/posts\/6759","targetHints":{"allow":["GET"]}}],"collection":[{"href":"https:\/\/icarojournal.com\/index.php\/wp-json\/wp\/v2\/posts"}],"about":[{"href":"https:\/\/icarojournal.com\/index.php\/wp-json\/wp\/v2\/types\/post"}],"author":[{"embeddable":true,"href":"https:\/\/icarojournal.com\/index.php\/wp-json\/wp\/v2\/users\/2"}],"replies":[{"embeddable":true,"href":"https:\/\/icarojournal.com\/index.php\/wp-json\/wp\/v2\/comments?post=6759"}],"version-history":[{"count":2,"href":"https:\/\/icarojournal.com\/index.php\/wp-json\/wp\/v2\/posts\/6759\/revisions"}],"predecessor-version":[{"id":6778,"href":"https:\/\/icarojournal.com\/index.php\/wp-json\/wp\/v2\/posts\/6759\/revisions\/6778"}],"wp:featuredmedia":[{"embeddable":true,"href":"https:\/\/icarojournal.com\/index.php\/wp-json\/wp\/v2\/media\/6776"}],"wp:attachment":[{"href":"https:\/\/icarojournal.com\/index.php\/wp-json\/wp\/v2\/media?parent=6759"}],"wp:term":[{"taxonomy":"category","embeddable":true,"href":"https:\/\/icarojournal.com\/index.php\/wp-json\/wp\/v2\/categories?post=6759"},{"taxonomy":"post_tag","embeddable":true,"href":"https:\/\/icarojournal.com\/index.php\/wp-json\/wp\/v2\/tags?post=6759"}],"curies":[{"name":"wp","href":"https:\/\/api.w.org\/{rel}","templated":true}]}}