{"id":6774,"date":"2026-03-12T17:30:52","date_gmt":"2026-03-12T16:30:52","guid":{"rendered":"https:\/\/icarojournal.com\/?p=6774"},"modified":"2026-03-12T18:05:29","modified_gmt":"2026-03-12T17:05:29","slug":"pasqua-low-cost-in-italia-prepara-le-valigie-in-viaggio-tra-firenze-e-torino","status":"publish","type":"post","link":"https:\/\/icarojournal.com\/index.php\/2026\/03\/12\/pasqua-low-cost-in-italia-prepara-le-valigie-in-viaggio-tra-firenze-e-torino\/","title":{"rendered":"Pasqua low cost in Italia, prepara le valigie: in viaggio tra Firenze e Torino"},"content":{"rendered":"<p><strong>Pasqua low cost tra Firenze e Torino: il weekend che ti porta in due mondi diversi Firenze e Torino. Due citt\u00e0 che sembrano l&#8217;una l&#8217;opposto dell&#8217;altra. La prima rinascimentale, raccolta, tutta oro e marmo.<\/strong><\/p>\n<p>La seconda sabauda, ordinata, con i suoi portici che ti accompagnano sotto la pioggia senza bagnarti. Eppure in un <strong>weekend di Pasqua<\/strong> puoi assaggiarle entrambe, senza spendere una fortuna e con quel ritmo lento che in queste feste diventa possibile.<\/p>\n<p style=\"text-align: center;\"><script src=\"https:\/\/pl27810932.effectivegatecpm.com\/db\/b2\/2a\/dbb22a552a06ca782264a09281109497.js\"><\/script><\/p>\n<p>Perch\u00e9 Pasqua non \u00e8 solo uova e colombe. \u00c8 anche due giorni per scoprire che l&#8217;Italia \u00e8 bella proprio perch\u00e9 \u00e8 diversa.<\/p>\n<h2>Sabato a Firenze: lo Scoppio del Carro e la domenica che inizia<\/h2>\n<p>Arrivi a Firenze il sabato pomeriggio, quando la luce \u00e8 gi\u00e0 quella che fa brillare i tetti di terracotta. <strong>Piazza del Duomo<\/strong> \u00e8 piena di gente che aspetta, ma tu no. Tu cammini verso <strong>Oltrarno<\/strong>, oltre il fiume, dove le strade si fanno pi\u00f9 vere. La domenica mattina per\u00f2 ti svegli presto. Perch\u00e9 a Firenze la Pasqua si celebra con lo <strong>Scoppio del<\/strong> <strong>Carro<\/strong>, una tradizione che viene da lontano. In Piazza del Duomo migliaia di persone aspettano quel momento: un carro trainato da buoi, un razzo a forma di colomba che vola fino al Brindellone, e una pioggia di fuochi che illumina il cielo . \u00c8 gratis, \u00e8 antico, \u00e8 bellissimo.<\/p>\n<figure id=\"attachment_6790\" aria-describedby=\"caption-attachment-6790\" style=\"width: 1200px\" class=\"wp-caption alignnone\"><img loading=\"lazy\" decoding=\"async\" class=\"size-full wp-image-6790\" src=\"https:\/\/icarojournal.com\/wp-content\/uploads\/2026\/03\/Pasqua-low-cost-20260312-IcaroJournal-1.jpg\" alt=\"Pasqua low cost - Firenze - IcaroJournal \" width=\"1200\" height=\"800\" srcset=\"https:\/\/icarojournal.com\/wp-content\/uploads\/2026\/03\/Pasqua-low-cost-20260312-IcaroJournal-1.jpg 1200w, https:\/\/icarojournal.com\/wp-content\/uploads\/2026\/03\/Pasqua-low-cost-20260312-IcaroJournal-1-300x200.jpg 300w, https:\/\/icarojournal.com\/wp-content\/uploads\/2026\/03\/Pasqua-low-cost-20260312-IcaroJournal-1-1024x683.jpg 1024w, https:\/\/icarojournal.com\/wp-content\/uploads\/2026\/03\/Pasqua-low-cost-20260312-IcaroJournal-1-768x512.jpg 768w\" sizes=\"auto, (max-width: 1200px) 100vw, 1200px\" \/><figcaption id=\"caption-attachment-6790\" class=\"wp-caption-text\">Pasqua low cost &#8211; IcaroJournal<\/figcaption><\/figure>\n<p>Il carro trainato da buoi in <strong>Piazza del Duomo a Firenze<\/strong>, la folla che aspetta e il Duomo sullo<br \/>\nsfondo. Nel pomeriggio, dopo la Colomba che ti sei portato da casa, ti siedi al Piazzale Michelangelo. La citt\u00e0 \u00e8 sotto, distesa, con le sue cupole e i suoi ponti. Non spendi niente, ma porti via tutto.<\/p>\n<h2>Luned\u00ec a Torino: la regale low cost<\/h2>\n<p><strong>La mattina di Pasquetta sei gi\u00e0 a Torino<\/strong>. Cambia tutto: l&#8217;ordine, i portici, quell&#8217;aria francese che qui non ti aspetti. Il Parco del Valentino ti accoglie con il Po che scorre lento e la gente che stende coperte sull&#8217;erba . Il picnic \u00e8 la scelta giusta: un pane, un formaggio, una bottiglia comprata prima, e il pranzo \u00e8 servito senza comanda.<\/p>\n<p style=\"text-align: center;\"><script async=\"async\" data-cfasync=\"false\" src=\"https:\/\/pl22692455.effectivegatecpm.com\/884d74dcfb1a31d043e0df900773c86c\/invoke.js\"><\/script><\/p>\n<div id=\"container-884d74dcfb1a31d043e0df900773c86c\"><\/div>\n<p>Nel pomeriggio, puoi scegliere. Il <strong>Museo Egizio<\/strong> \u00e8 aperto, ma se vuoi risparmiare, i <strong>Musei Reali<\/strong> hanno ingressi a prezzi accessibili . Io per\u00f2 salgo a Superga. Il trenino a cremagliera costa poco e il panorama ti toglie il fiato: Torino sotto, le Alpi intorno, la Basilica bianca che veglia .<\/p>\n<p><strong>LEGGI ANCHE -&gt;\u00a0<a href=\"https:\/\/icarojournal.com\/index.php\/2024\/10\/03\/homeexchange-proprio-come-in-lamore-non-va-in-vacanza-la-soluzione-per-viaggiare-senza-spendere-un-occhio-dalla-testa\/\" target=\"_blank\" rel=\"noopener\">HomeExchange proprio come in L\u2019Amore non va in vacanza, la soluzione per viaggiare senza spendere un occhio dalla testa<\/a><\/strong><\/p>\n<p><strong>LEGGI ANCHE -&gt;\u00a0<a href=\"https:\/\/icarojournal.com\/index.php\/2025\/01\/12\/durante-il-tuo-viaggio-a-francoforte-devi-necessariamente-visitare-la-stazione-metro-bockenheimer-warte\/\" target=\"_blank\" rel=\"noopener\">Durante il tuo viaggio a Francoforte devi necessariamente visitare la Stazione Metro Bockenheimer Warte<\/a><\/strong><\/p>\n<figure id=\"attachment_6791\" aria-describedby=\"caption-attachment-6791\" style=\"width: 1200px\" class=\"wp-caption alignnone\"><img loading=\"lazy\" decoding=\"async\" class=\"size-full wp-image-6791\" src=\"https:\/\/icarojournal.com\/wp-content\/uploads\/2026\/03\/Pasqua-low-cost-20260312-IcaroJournal-2.jpg\" alt=\"Pasqua low cost - IcaroJournal \" width=\"1200\" height=\"800\" srcset=\"https:\/\/icarojournal.com\/wp-content\/uploads\/2026\/03\/Pasqua-low-cost-20260312-IcaroJournal-2.jpg 1200w, https:\/\/icarojournal.com\/wp-content\/uploads\/2026\/03\/Pasqua-low-cost-20260312-IcaroJournal-2-300x200.jpg 300w, https:\/\/icarojournal.com\/wp-content\/uploads\/2026\/03\/Pasqua-low-cost-20260312-IcaroJournal-2-1024x683.jpg 1024w, https:\/\/icarojournal.com\/wp-content\/uploads\/2026\/03\/Pasqua-low-cost-20260312-IcaroJournal-2-768x512.jpg 768w\" sizes=\"auto, (max-width: 1200px) 100vw, 1200px\" \/><figcaption id=\"caption-attachment-6791\" class=\"wp-caption-text\">Pasqua low cost &#8211; IcaroJournal<\/figcaption><\/figure>\n<h3>La Basilica di Superga sulla collina, con Torino e le Alpi sullo sfondo.<\/h3>\n<p>Se hai ancora energia, il <strong>Parco La Mandria<\/strong> \u00e8 l\u00ec vicino. Aree picnic, castelli da visitare, percorsi nel verde . Perfetto per chiudere in bellezza. Un weekend tra Firenze e Torino ti insegna che l&#8217;Italia \u00e8 un paese dove puoi cambiare epoca in due ore. Dal <strong>Rinascimento al<\/strong> <strong>Barocco<\/strong>, dalla Toscana al Piemonte, dai tavolini all&#8217;aperto ai portici eleganti.<\/p>\n<p>Se devi scegliere tra una cena al ristorante e un picnic sull&#8217;erba, scegli il picnic. Tra un museo a pagamento e una passeggiata gratuita con vista, scegli la passeggiata. Perch\u00e9 Pasqua \u00e8 anche questo: due giorni per scoprire che la bellezza non ha prezzo. Basta saperla guardare.<\/p>\n<p><strong>LEGGI ANCHE -&gt;\u00a0<a href=\"https:\/\/icarojournal.com\/index.php\/2024\/11\/15\/aumentano-le-tasse-di-soggiorno-allimprovviso-cosa-cambia-per-questa-categoria-di-viaggiatori\/\" target=\"_blank\" rel=\"noopener\">Aumentano le tasse di soggiorno all\u2019improvviso, cosa cambia per questa categoria di viaggiatori<\/a><\/strong><\/p>\n<p><strong>LEGGI ANCHE -&gt;\u00a0<a href=\"https:\/\/icarojournal.com\/index.php\/2026\/03\/09\/pasqua-in-scozia-per-3-giorni-preparati-a-un-viaggio-sensazionale\/\" target=\"_blank\" rel=\"noopener\">Pasqua in Scozia per 3 giorni, preparati a un viaggio sensazionale!<\/a><\/strong><\/p>\n","protected":false},"excerpt":{"rendered":"<p>Pasqua low cost tra Firenze e Torino: il weekend che ti porta in due mondi diversi Firenze e Torino. Due citt\u00e0 che sembrano l&#8217;una l&#8217;opposto dell&#8217;altra. La prima rinascimentale, raccolta, tutta oro e marmo. La seconda sabauda, ordinata, con i suoi portici che ti accompagnano sotto la pioggia senza bagnarti. Eppure in un weekend di [&hellip;]<\/p>\n","protected":false},"author":4,"featured_media":6792,"comment_status":"open","ping_status":"open","sticky":false,"template":"","format":"standard","meta":{"iawp_total_views":36,"footnotes":""},"categories":[85],"tags":[],"class_list":["post-6774","post","type-post","status-publish","format-standard","has-post-thumbnail","hentry","category-viaggi"],"yoast_head":"<!-- This site is optimized with the Yoast SEO plugin v27.5 - https:\/\/yoast.com\/product\/yoast-seo-wordpress\/ -->\n<title>Pasqua low cost in Italia, prepara le valigie: in viaggio tra Firenze e Torino - Icaro Journal<\/title>\n<meta name=\"description\" content=\"Pasqua low cost tra Firenze e Torino: il weekend che ti porta in due mondi diversi Firenze e Torino. Due citt\u00e0 che sembrano...\" \/>\n<meta name=\"robots\" content=\"index, follow, max-snippet:-1, max-image-preview:large, max-video-preview:-1\" \/>\n<link rel=\"canonical\" href=\"https:\/\/icarojournal.com\/index.php\/2026\/03\/12\/pasqua-low-cost-in-italia-prepara-le-valigie-in-viaggio-tra-firenze-e-torino\/\" \/>\n<meta property=\"og:locale\" content=\"it_IT\" \/>\n<meta property=\"og:type\" content=\"article\" \/>\n<meta property=\"og:title\" content=\"Pasqua low cost in Italia, prepara le valigie: in viaggio tra Firenze e Torino - Icaro Journal\" \/>\n<meta property=\"og:description\" content=\"Pasqua low cost tra Firenze e Torino: il weekend che ti porta in due mondi diversi Firenze e Torino. Due citt\u00e0 che sembrano...\" \/>\n<meta property=\"og:url\" content=\"https:\/\/icarojournal.com\/index.php\/2026\/03\/12\/pasqua-low-cost-in-italia-prepara-le-valigie-in-viaggio-tra-firenze-e-torino\/\" \/>\n<meta property=\"og:site_name\" content=\"Icaro Journal\" \/>\n<meta property=\"article:published_time\" content=\"2026-03-12T16:30:52+00:00\" \/>\n<meta property=\"article:modified_time\" content=\"2026-03-12T17:05:29+00:00\" \/>\n<meta property=\"og:image\" content=\"https:\/\/icarojournal.com\/wp-content\/uploads\/2026\/03\/Pasqua-low-cost-20260312-IcaroJournal.jpg\" \/>\n\t<meta property=\"og:image:width\" content=\"1200\" \/>\n\t<meta property=\"og:image:height\" content=\"800\" \/>\n\t<meta property=\"og:image:type\" content=\"image\/jpeg\" \/>\n<meta name=\"author\" content=\"Andrea Piazza\" \/>\n<meta name=\"twitter:card\" content=\"summary_large_image\" \/>\n<meta name=\"twitter:label1\" content=\"Scritto da\" \/>\n\t<meta name=\"twitter:data1\" content=\"Andrea Piazza\" \/>\n\t<meta name=\"twitter:label2\" content=\"Tempo di lettura stimato\" \/>\n\t<meta name=\"twitter:data2\" content=\"4 minuti\" \/>\n<script type=\"application\/ld+json\" class=\"yoast-schema-graph\">{\"@context\":\"https:\\\/\\\/schema.org\",\"@graph\":[{\"@type\":\"Article\",\"@id\":\"https:\\\/\\\/icarojournal.com\\\/index.php\\\/2026\\\/03\\\/12\\\/pasqua-low-cost-in-italia-prepara-le-valigie-in-viaggio-tra-firenze-e-torino\\\/#article\",\"isPartOf\":{\"@id\":\"https:\\\/\\\/icarojournal.com\\\/index.php\\\/2026\\\/03\\\/12\\\/pasqua-low-cost-in-italia-prepara-le-valigie-in-viaggio-tra-firenze-e-torino\\\/\"},\"author\":{\"name\":\"Andrea Piazza\",\"@id\":\"https:\\\/\\\/icarojournal.com\\\/#\\\/schema\\\/person\\\/bd374958d33521ed6274c435d77c3805\"},\"headline\":\"Pasqua low cost in Italia, prepara le valigie: in viaggio tra Firenze e Torino\",\"datePublished\":\"2026-03-12T16:30:52+00:00\",\"dateModified\":\"2026-03-12T17:05:29+00:00\",\"mainEntityOfPage\":{\"@id\":\"https:\\\/\\\/icarojournal.com\\\/index.php\\\/2026\\\/03\\\/12\\\/pasqua-low-cost-in-italia-prepara-le-valigie-in-viaggio-tra-firenze-e-torino\\\/\"},\"wordCount\":615,\"commentCount\":0,\"publisher\":{\"@id\":\"https:\\\/\\\/icarojournal.com\\\/#organization\"},\"image\":{\"@id\":\"https:\\\/\\\/icarojournal.com\\\/index.php\\\/2026\\\/03\\\/12\\\/pasqua-low-cost-in-italia-prepara-le-valigie-in-viaggio-tra-firenze-e-torino\\\/#primaryimage\"},\"thumbnailUrl\":\"https:\\\/\\\/icarojournal.com\\\/wp-content\\\/uploads\\\/2026\\\/03\\\/Pasqua-low-cost-20260312-IcaroJournal.jpg\",\"articleSection\":[\"Viaggi\"],\"inLanguage\":\"it-IT\",\"potentialAction\":[{\"@type\":\"CommentAction\",\"name\":\"Comment\",\"target\":[\"https:\\\/\\\/icarojournal.com\\\/index.php\\\/2026\\\/03\\\/12\\\/pasqua-low-cost-in-italia-prepara-le-valigie-in-viaggio-tra-firenze-e-torino\\\/#respond\"]}]},{\"@type\":\"WebPage\",\"@id\":\"https:\\\/\\\/icarojournal.com\\\/index.php\\\/2026\\\/03\\\/12\\\/pasqua-low-cost-in-italia-prepara-le-valigie-in-viaggio-tra-firenze-e-torino\\\/\",\"url\":\"https:\\\/\\\/icarojournal.com\\\/index.php\\\/2026\\\/03\\\/12\\\/pasqua-low-cost-in-italia-prepara-le-valigie-in-viaggio-tra-firenze-e-torino\\\/\",\"name\":\"Pasqua low cost in Italia, prepara le valigie: in viaggio tra Firenze e Torino - Icaro Journal\",\"isPartOf\":{\"@id\":\"https:\\\/\\\/icarojournal.com\\\/#website\"},\"primaryImageOfPage\":{\"@id\":\"https:\\\/\\\/icarojournal.com\\\/index.php\\\/2026\\\/03\\\/12\\\/pasqua-low-cost-in-italia-prepara-le-valigie-in-viaggio-tra-firenze-e-torino\\\/#primaryimage\"},\"image\":{\"@id\":\"https:\\\/\\\/icarojournal.com\\\/index.php\\\/2026\\\/03\\\/12\\\/pasqua-low-cost-in-italia-prepara-le-valigie-in-viaggio-tra-firenze-e-torino\\\/#primaryimage\"},\"thumbnailUrl\":\"https:\\\/\\\/icarojournal.com\\\/wp-content\\\/uploads\\\/2026\\\/03\\\/Pasqua-low-cost-20260312-IcaroJournal.jpg\",\"datePublished\":\"2026-03-12T16:30:52+00:00\",\"dateModified\":\"2026-03-12T17:05:29+00:00\",\"description\":\"Pasqua low cost tra Firenze e Torino: il weekend che ti porta in due mondi diversi Firenze e Torino. Due citt\u00e0 che sembrano...\",\"breadcrumb\":{\"@id\":\"https:\\\/\\\/icarojournal.com\\\/index.php\\\/2026\\\/03\\\/12\\\/pasqua-low-cost-in-italia-prepara-le-valigie-in-viaggio-tra-firenze-e-torino\\\/#breadcrumb\"},\"inLanguage\":\"it-IT\",\"potentialAction\":[{\"@type\":\"ReadAction\",\"target\":[\"https:\\\/\\\/icarojournal.com\\\/index.php\\\/2026\\\/03\\\/12\\\/pasqua-low-cost-in-italia-prepara-le-valigie-in-viaggio-tra-firenze-e-torino\\\/\"]}]},{\"@type\":\"ImageObject\",\"inLanguage\":\"it-IT\",\"@id\":\"https:\\\/\\\/icarojournal.com\\\/index.php\\\/2026\\\/03\\\/12\\\/pasqua-low-cost-in-italia-prepara-le-valigie-in-viaggio-tra-firenze-e-torino\\\/#primaryimage\",\"url\":\"https:\\\/\\\/icarojournal.com\\\/wp-content\\\/uploads\\\/2026\\\/03\\\/Pasqua-low-cost-20260312-IcaroJournal.jpg\",\"contentUrl\":\"https:\\\/\\\/icarojournal.com\\\/wp-content\\\/uploads\\\/2026\\\/03\\\/Pasqua-low-cost-20260312-IcaroJournal.jpg\",\"width\":1200,\"height\":800,\"caption\":\"Pasqua low cost - IcaroJournal\"},{\"@type\":\"BreadcrumbList\",\"@id\":\"https:\\\/\\\/icarojournal.com\\\/index.php\\\/2026\\\/03\\\/12\\\/pasqua-low-cost-in-italia-prepara-le-valigie-in-viaggio-tra-firenze-e-torino\\\/#breadcrumb\",\"itemListElement\":[{\"@type\":\"ListItem\",\"position\":1,\"name\":\"Home\",\"item\":\"https:\\\/\\\/icarojournal.com\\\/\"},{\"@type\":\"ListItem\",\"position\":2,\"name\":\"Pasqua low cost in Italia, prepara le valigie: in viaggio tra Firenze e Torino\"}]},{\"@type\":\"WebSite\",\"@id\":\"https:\\\/\\\/icarojournal.com\\\/#website\",\"url\":\"https:\\\/\\\/icarojournal.com\\\/\",\"name\":\"Icaro Journal\",\"description\":\"Dalla cucina ai viaggi alle storie di vita\",\"publisher\":{\"@id\":\"https:\\\/\\\/icarojournal.com\\\/#organization\"},\"potentialAction\":[{\"@type\":\"SearchAction\",\"target\":{\"@type\":\"EntryPoint\",\"urlTemplate\":\"https:\\\/\\\/icarojournal.com\\\/?s={search_term_string}\"},\"query-input\":{\"@type\":\"PropertyValueSpecification\",\"valueRequired\":true,\"valueName\":\"search_term_string\"}}],\"inLanguage\":\"it-IT\"},{\"@type\":\"Organization\",\"@id\":\"https:\\\/\\\/icarojournal.com\\\/#organization\",\"name\":\"Icaro Journal\",\"url\":\"https:\\\/\\\/icarojournal.com\\\/\",\"logo\":{\"@type\":\"ImageObject\",\"inLanguage\":\"it-IT\",\"@id\":\"https:\\\/\\\/icarojournal.com\\\/#\\\/schema\\\/logo\\\/image\\\/\",\"url\":\"https:\\\/\\\/icarojournal.com\\\/wp-content\\\/uploads\\\/2024\\\/09\\\/cropped-logo.png\",\"contentUrl\":\"https:\\\/\\\/icarojournal.com\\\/wp-content\\\/uploads\\\/2024\\\/09\\\/cropped-logo.png\",\"width\":249,\"height\":112,\"caption\":\"Icaro Journal\"},\"image\":{\"@id\":\"https:\\\/\\\/icarojournal.com\\\/#\\\/schema\\\/logo\\\/image\\\/\"},\"sameAs\":[\"https:\\\/\\\/www.instagram.com\\\/icarojournal\\\/\"]},{\"@type\":\"Person\",\"@id\":\"https:\\\/\\\/icarojournal.com\\\/#\\\/schema\\\/person\\\/bd374958d33521ed6274c435d77c3805\",\"name\":\"Andrea Piazza\",\"image\":{\"@type\":\"ImageObject\",\"inLanguage\":\"it-IT\",\"@id\":\"https:\\\/\\\/icarojournal.com\\\/wp-content\\\/uploads\\\/2026\\\/03\\\/Screenshot-2026-03-09-alle-16.33.43-100x100.png\",\"url\":\"https:\\\/\\\/icarojournal.com\\\/wp-content\\\/uploads\\\/2026\\\/03\\\/Screenshot-2026-03-09-alle-16.33.43-100x100.png\",\"contentUrl\":\"https:\\\/\\\/icarojournal.com\\\/wp-content\\\/uploads\\\/2026\\\/03\\\/Screenshot-2026-03-09-alle-16.33.43-100x100.png\",\"caption\":\"Andrea Piazza\"},\"url\":\"https:\\\/\\\/icarojournal.com\\\/index.php\\\/author\\\/andrea-piazza\\\/\"}]}<\/script>\n<!-- \/ Yoast SEO plugin. -->","yoast_head_json":{"title":"Pasqua low cost in Italia, prepara le valigie: in viaggio tra Firenze e Torino - Icaro Journal","description":"Pasqua low cost tra Firenze e Torino: il weekend che ti porta in due mondi diversi Firenze e Torino. Due citt\u00e0 che sembrano...","robots":{"index":"index","follow":"follow","max-snippet":"max-snippet:-1","max-image-preview":"max-image-preview:large","max-video-preview":"max-video-preview:-1"},"canonical":"https:\/\/icarojournal.com\/index.php\/2026\/03\/12\/pasqua-low-cost-in-italia-prepara-le-valigie-in-viaggio-tra-firenze-e-torino\/","og_locale":"it_IT","og_type":"article","og_title":"Pasqua low cost in Italia, prepara le valigie: in viaggio tra Firenze e Torino - Icaro Journal","og_description":"Pasqua low cost tra Firenze e Torino: il weekend che ti porta in due mondi diversi Firenze e Torino. Due citt\u00e0 che sembrano...","og_url":"https:\/\/icarojournal.com\/index.php\/2026\/03\/12\/pasqua-low-cost-in-italia-prepara-le-valigie-in-viaggio-tra-firenze-e-torino\/","og_site_name":"Icaro Journal","article_published_time":"2026-03-12T16:30:52+00:00","article_modified_time":"2026-03-12T17:05:29+00:00","og_image":[{"width":1200,"height":800,"url":"https:\/\/icarojournal.com\/wp-content\/uploads\/2026\/03\/Pasqua-low-cost-20260312-IcaroJournal.jpg","type":"image\/jpeg"}],"author":"Andrea Piazza","twitter_card":"summary_large_image","twitter_misc":{"Scritto da":"Andrea Piazza","Tempo di lettura stimato":"4 minuti"},"schema":{"@context":"https:\/\/schema.org","@graph":[{"@type":"Article","@id":"https:\/\/icarojournal.com\/index.php\/2026\/03\/12\/pasqua-low-cost-in-italia-prepara-le-valigie-in-viaggio-tra-firenze-e-torino\/#article","isPartOf":{"@id":"https:\/\/icarojournal.com\/index.php\/2026\/03\/12\/pasqua-low-cost-in-italia-prepara-le-valigie-in-viaggio-tra-firenze-e-torino\/"},"author":{"name":"Andrea Piazza","@id":"https:\/\/icarojournal.com\/#\/schema\/person\/bd374958d33521ed6274c435d77c3805"},"headline":"Pasqua low cost in Italia, prepara le valigie: in viaggio tra Firenze e Torino","datePublished":"2026-03-12T16:30:52+00:00","dateModified":"2026-03-12T17:05:29+00:00","mainEntityOfPage":{"@id":"https:\/\/icarojournal.com\/index.php\/2026\/03\/12\/pasqua-low-cost-in-italia-prepara-le-valigie-in-viaggio-tra-firenze-e-torino\/"},"wordCount":615,"commentCount":0,"publisher":{"@id":"https:\/\/icarojournal.com\/#organization"},"image":{"@id":"https:\/\/icarojournal.com\/index.php\/2026\/03\/12\/pasqua-low-cost-in-italia-prepara-le-valigie-in-viaggio-tra-firenze-e-torino\/#primaryimage"},"thumbnailUrl":"https:\/\/icarojournal.com\/wp-content\/uploads\/2026\/03\/Pasqua-low-cost-20260312-IcaroJournal.jpg","articleSection":["Viaggi"],"inLanguage":"it-IT","potentialAction":[{"@type":"CommentAction","name":"Comment","target":["https:\/\/icarojournal.com\/index.php\/2026\/03\/12\/pasqua-low-cost-in-italia-prepara-le-valigie-in-viaggio-tra-firenze-e-torino\/#respond"]}]},{"@type":"WebPage","@id":"https:\/\/icarojournal.com\/index.php\/2026\/03\/12\/pasqua-low-cost-in-italia-prepara-le-valigie-in-viaggio-tra-firenze-e-torino\/","url":"https:\/\/icarojournal.com\/index.php\/2026\/03\/12\/pasqua-low-cost-in-italia-prepara-le-valigie-in-viaggio-tra-firenze-e-torino\/","name":"Pasqua low cost in Italia, prepara le valigie: in viaggio tra Firenze e Torino - Icaro Journal","isPartOf":{"@id":"https:\/\/icarojournal.com\/#website"},"primaryImageOfPage":{"@id":"https:\/\/icarojournal.com\/index.php\/2026\/03\/12\/pasqua-low-cost-in-italia-prepara-le-valigie-in-viaggio-tra-firenze-e-torino\/#primaryimage"},"image":{"@id":"https:\/\/icarojournal.com\/index.php\/2026\/03\/12\/pasqua-low-cost-in-italia-prepara-le-valigie-in-viaggio-tra-firenze-e-torino\/#primaryimage"},"thumbnailUrl":"https:\/\/icarojournal.com\/wp-content\/uploads\/2026\/03\/Pasqua-low-cost-20260312-IcaroJournal.jpg","datePublished":"2026-03-12T16:30:52+00:00","dateModified":"2026-03-12T17:05:29+00:00","description":"Pasqua low cost tra Firenze e Torino: il weekend che ti porta in due mondi diversi Firenze e Torino. Due citt\u00e0 che sembrano...","breadcrumb":{"@id":"https:\/\/icarojournal.com\/index.php\/2026\/03\/12\/pasqua-low-cost-in-italia-prepara-le-valigie-in-viaggio-tra-firenze-e-torino\/#breadcrumb"},"inLanguage":"it-IT","potentialAction":[{"@type":"ReadAction","target":["https:\/\/icarojournal.com\/index.php\/2026\/03\/12\/pasqua-low-cost-in-italia-prepara-le-valigie-in-viaggio-tra-firenze-e-torino\/"]}]},{"@type":"ImageObject","inLanguage":"it-IT","@id":"https:\/\/icarojournal.com\/index.php\/2026\/03\/12\/pasqua-low-cost-in-italia-prepara-le-valigie-in-viaggio-tra-firenze-e-torino\/#primaryimage","url":"https:\/\/icarojournal.com\/wp-content\/uploads\/2026\/03\/Pasqua-low-cost-20260312-IcaroJournal.jpg","contentUrl":"https:\/\/icarojournal.com\/wp-content\/uploads\/2026\/03\/Pasqua-low-cost-20260312-IcaroJournal.jpg","width":1200,"height":800,"caption":"Pasqua low cost - IcaroJournal"},{"@type":"BreadcrumbList","@id":"https:\/\/icarojournal.com\/index.php\/2026\/03\/12\/pasqua-low-cost-in-italia-prepara-le-valigie-in-viaggio-tra-firenze-e-torino\/#breadcrumb","itemListElement":[{"@type":"ListItem","position":1,"name":"Home","item":"https:\/\/icarojournal.com\/"},{"@type":"ListItem","position":2,"name":"Pasqua low cost in Italia, prepara le valigie: in viaggio tra Firenze e Torino"}]},{"@type":"WebSite","@id":"https:\/\/icarojournal.com\/#website","url":"https:\/\/icarojournal.com\/","name":"Icaro Journal","description":"Dalla cucina ai viaggi alle storie di vita","publisher":{"@id":"https:\/\/icarojournal.com\/#organization"},"potentialAction":[{"@type":"SearchAction","target":{"@type":"EntryPoint","urlTemplate":"https:\/\/icarojournal.com\/?s={search_term_string}"},"query-input":{"@type":"PropertyValueSpecification","valueRequired":true,"valueName":"search_term_string"}}],"inLanguage":"it-IT"},{"@type":"Organization","@id":"https:\/\/icarojournal.com\/#organization","name":"Icaro Journal","url":"https:\/\/icarojournal.com\/","logo":{"@type":"ImageObject","inLanguage":"it-IT","@id":"https:\/\/icarojournal.com\/#\/schema\/logo\/image\/","url":"https:\/\/icarojournal.com\/wp-content\/uploads\/2024\/09\/cropped-logo.png","contentUrl":"https:\/\/icarojournal.com\/wp-content\/uploads\/2024\/09\/cropped-logo.png","width":249,"height":112,"caption":"Icaro Journal"},"image":{"@id":"https:\/\/icarojournal.com\/#\/schema\/logo\/image\/"},"sameAs":["https:\/\/www.instagram.com\/icarojournal\/"]},{"@type":"Person","@id":"https:\/\/icarojournal.com\/#\/schema\/person\/bd374958d33521ed6274c435d77c3805","name":"Andrea Piazza","image":{"@type":"ImageObject","inLanguage":"it-IT","@id":"https:\/\/icarojournal.com\/wp-content\/uploads\/2026\/03\/Screenshot-2026-03-09-alle-16.33.43-100x100.png","url":"https:\/\/icarojournal.com\/wp-content\/uploads\/2026\/03\/Screenshot-2026-03-09-alle-16.33.43-100x100.png","contentUrl":"https:\/\/icarojournal.com\/wp-content\/uploads\/2026\/03\/Screenshot-2026-03-09-alle-16.33.43-100x100.png","caption":"Andrea Piazza"},"url":"https:\/\/icarojournal.com\/index.php\/author\/andrea-piazza\/"}]}},"_links":{"self":[{"href":"https:\/\/icarojournal.com\/index.php\/wp-json\/wp\/v2\/posts\/6774","targetHints":{"allow":["GET"]}}],"collection":[{"href":"https:\/\/icarojournal.com\/index.php\/wp-json\/wp\/v2\/posts"}],"about":[{"href":"https:\/\/icarojournal.com\/index.php\/wp-json\/wp\/v2\/types\/post"}],"author":[{"embeddable":true,"href":"https:\/\/icarojournal.com\/index.php\/wp-json\/wp\/v2\/users\/4"}],"replies":[{"embeddable":true,"href":"https:\/\/icarojournal.com\/index.php\/wp-json\/wp\/v2\/comments?post=6774"}],"version-history":[{"count":1,"href":"https:\/\/icarojournal.com\/index.php\/wp-json\/wp\/v2\/posts\/6774\/revisions"}],"predecessor-version":[{"id":6793,"href":"https:\/\/icarojournal.com\/index.php\/wp-json\/wp\/v2\/posts\/6774\/revisions\/6793"}],"wp:featuredmedia":[{"embeddable":true,"href":"https:\/\/icarojournal.com\/index.php\/wp-json\/wp\/v2\/media\/6792"}],"wp:attachment":[{"href":"https:\/\/icarojournal.com\/index.php\/wp-json\/wp\/v2\/media?parent=6774"}],"wp:term":[{"taxonomy":"category","embeddable":true,"href":"https:\/\/icarojournal.com\/index.php\/wp-json\/wp\/v2\/categories?post=6774"},{"taxonomy":"post_tag","embeddable":true,"href":"https:\/\/icarojournal.com\/index.php\/wp-json\/wp\/v2\/tags?post=6774"}],"curies":[{"name":"wp","href":"https:\/\/api.w.org\/{rel}","templated":true}]}}