{"id":6804,"date":"2026-03-13T09:32:47","date_gmt":"2026-03-13T08:32:47","guid":{"rendered":"https:\/\/icarojournal.com\/?p=6804"},"modified":"2026-03-13T09:32:47","modified_gmt":"2026-03-13T08:32:47","slug":"la-faccio-sempre-con-gli-asparagi-meglio-della-classica-frittata-e-pure-dietetica","status":"publish","type":"post","link":"https:\/\/icarojournal.com\/index.php\/2026\/03\/13\/la-faccio-sempre-con-gli-asparagi-meglio-della-classica-frittata-e-pure-dietetica\/","title":{"rendered":"La faccio sempre con gli asparagi, meglio della classica frittata e pure dietetica"},"content":{"rendered":"<p><strong>C\u2019\u00e8 una fase della dieta che conosco bene: non \u00e8 la fame, \u00e8 la noia. \u00c8 quel momento in cui \u201cmangiare leggero\u201d inizia a suonare come punizione e, proprio l\u00ec, ti scappa lo sgarro pi\u00f9 stupido.<\/strong><\/p>\n<p>Le ricette light che funzionano davvero, invece, hanno un compito preciso: farti sentire sazia e soddisfatta senza trasformare il piatto in un compromesso triste. La frittata, da questo punto di vista, \u00e8 una delle basi pi\u00f9 intelligenti che esistano: proteine, velocit\u00e0, zero sprechi.<\/p>\n<p style=\"text-align: center;\"><script src=\"https:\/\/pl27810932.effectivegatecpm.com\/db\/b2\/2a\/dbb22a552a06ca782264a09281109497.js\"><\/script><\/p>\n<p>La versione classica spesso si appesantisce per un dettaglio banale: troppo olio, padella troppo calda, cottura che asciuga e fa venire voglia di \u201caggiustare\u201d con pane e formaggi. Con gli asparagi cambia tutto, perch\u00e9 ti porti a casa gusto, fibre e struttura, senza dover rincorrere la saziet\u00e0 a fine pasto.<\/p>\n<h3>Ricetta della frittata&#8230; ma con gli asparagi: la ricetta<\/h3>\n<p>Gli asparagi sono uno di quegli ingredienti che sembrano fatti apposta per quando vuoi alleggerire: hanno tanta acqua, fibre e un apporto calorico basso, ma soprattutto hanno un sapore \u201cadulto\u201d, netto, che non ti fa rimpiangere il piatto pi\u00f9 ricco. In pi\u00f9 c\u2019\u00e8 un aspetto tecnico che mi convince sempre: la loro parte pi\u00f9 tenera, cotta bene, rilascia una dolcezza vegetale che bilancia l\u2019uovo senza bisogno di esagerare con sale o condimenti. Risultato: una frittata pi\u00f9 profumata, meno unta, e con una consistenza pi\u00f9 interessante, <strong>perch\u00e9 alterna la cremosit\u00e0 dell\u2019uovo con il morso dell\u2019asparago<\/strong>.<\/p>\n<p>Sulla dieta, io ragiono cos\u00ec: quando il piatto \u00e8 centrato su proteine e fibre, diventa pi\u00f9 semplice controllare il resto della giornata. Non \u00e8 magia, \u00e8 fisiologia: la combinazione rallenta lo svuotamento gastrico e ti fa arrivare al pasto successivo meno \u201caggressiva\u201d. E se vuoi renderla ancora pi\u00f9 leggera, c\u2019\u00e8 un trucco pulito: cottura al forno o in padella antiaderente con una quantit\u00e0 d\u2019olio misurata, non \u201ca sentimento\u201d.<\/p>\n<p>Ingredienti (per 2\u20133 porzioni):<br \/>\n\u2022 6 uova<br \/>\n\u2022 250\u2013300 g asparagi<br \/>\n\u2022 30 g Parmigiano grattugiato (facoltativo ma utile per struttura e sapidit\u00e0)<br \/>\n\u2022 1 cucchiaio di latte o acqua (facoltativo, per una frittata pi\u00f9 morbida)<br \/>\n\u2022 1 cucchiaio olio extravergine<br \/>\n\u2022 sale, pepe<br \/>\n\u2022 scorza di limone grattugiata o erba cipollina (facoltativi)<\/p>\n<h3>Procedimento: cottura uniforme, zero secchezza, sapore pieno<\/h3>\n<p>Pulisco gli asparagi spezzando la parte finale pi\u00f9 dura: si rompe da sola nel punto giusto, senza coltello. Poi li taglio a rondelle tenendo intere le punte. In padella antiaderente metto mezzo cucchiaio d\u2019olio e faccio andare gli asparagi con un pizzico di sale e due cucchiai d\u2019acqua: coperchio e 6\u20138 minuti bastano. Questo passaggio \u00e8 cruciale: gli asparagi devono essere teneri ma non molli, e soprattutto non devono rilasciare acqua dentro la frittata, altrimenti ti viene \u201cspugnosa\u201d.<\/p>\n<p>A parte sbatto le uova con sale, pepe e Parmigiano. Se voglio una texture pi\u00f9 morbida aggiungo un cucchiaio di latte o acqua: non cambia il sapore, cambia la struttura perch\u00e9 diluisce leggermente le proteine dell\u2019uovo e riduce l\u2019effetto gommoso. Unisco gli asparagi tiepidi alle uova, mescolo, e verso tutto nella stessa padella leggermente unta (o in una teglia piccola rivestita di carta forno).<\/p>\n<p><strong>LEGGI ANCHE -&gt;\u00a0<a href=\"https:\/\/icarojournal.com\/index.php\/2026\/03\/10\/red-velvet-si-ma-versione-cup-cake-uno-da-sola-non-basta\/\" target=\"_blank\" rel=\"noopener\">Red velvet s\u00ec, ma versione cup cake\u2026 uno da sola non basta<\/a><\/strong><\/p>\n<p><strong>LEGGI ANCHE -&gt;\u00a0<a href=\"https:\/\/icarojournal.com\/index.php\/2026\/03\/11\/uova-alla-diavola-ma-cosi-la-ricetta-che-le-batte-tutte\/\" target=\"_blank\" rel=\"noopener\">Uova alla diavola ma cos\u00ec, la ricetta che le batte tutte<\/a><\/strong><\/p>\n<p style=\"text-align: center;\"><script async=\"async\" data-cfasync=\"false\" src=\"https:\/\/pl22692455.effectivegatecpm.com\/884d74dcfb1a31d043e0df900773c86c\/invoke.js\"><\/script><\/p>\n<div id=\"container-884d74dcfb1a31d043e0df900773c86c\"><\/div>\n<p><strong>Cottura in padella: fiamma medio-bassa, coperchio, 8\u201310 minuti<\/strong>. Quando i bordi sono compatti e il centro ancora appena tremolante, giro con un piatto e finisco 2\u20133 minuti dall\u2019altro lato. Cottura al forno: <strong>180 gradi statico per 18\u201320 minuti<\/strong>, teglia da 20\u201322 cm. Il segnale che non sbaglia: superficie opaca, non lucida, e centro che \u201cregge\u201d senza diventare asciutto.<\/p>\n<p><strong>LEGGI ANCHE -&gt;\u00a0<a href=\"https:\/\/icarojournal.com\/index.php\/2026\/03\/12\/biscottini-nutellotti-il-cuore-morbido-e-quello-che-mi-lascia-senza-parole\/\" target=\"_blank\" rel=\"noopener\">Biscottini nutellotti, il cuore morbido \u00e8 quello che mi lascia senza parole<\/a><\/strong><\/p>\n<p><strong>LEGGI ANCHE -&gt;\u00a0<a href=\"https:\/\/icarojournal.com\/index.php\/2026\/03\/12\/sono-gia-pronta-per-la-festa-del-papa-faccio-le-zeppole-ma-senza-lattosio\/\" target=\"_blank\" rel=\"noopener\">Sono gi\u00e0 pronta per la festa del pap\u00e0, faccio le zeppole ma senza lattosio!<\/a><\/strong><\/p>\n","protected":false},"excerpt":{"rendered":"<p>C\u2019\u00e8 una fase della dieta che conosco bene: non \u00e8 la fame, \u00e8 la noia. \u00c8 quel momento in cui \u201cmangiare leggero\u201d inizia a suonare come punizione e, proprio l\u00ec, ti scappa lo sgarro pi\u00f9 stupido. Le ricette light che funzionano davvero, invece, hanno un compito preciso: farti sentire sazia e soddisfatta senza trasformare il [&hellip;]<\/p>\n","protected":false},"author":2,"featured_media":6805,"comment_status":"open","ping_status":"open","sticky":false,"template":"","format":"standard","meta":{"iawp_total_views":19,"footnotes":""},"categories":[360],"tags":[472,404],"class_list":["post-6804","post","type-post","status-publish","format-standard","has-post-thumbnail","hentry","category-cucina","tag-frittata","tag-ricette-vegetariane"],"yoast_head":"<!-- This site is optimized with the Yoast SEO plugin v27.5 - https:\/\/yoast.com\/product\/yoast-seo-wordpress\/ -->\n<title>La faccio sempre con gli asparagi, meglio della classica frittata e pure dietetica - Icaro Journal<\/title>\n<meta name=\"description\" content=\"C\u2019\u00e8 una fase della dieta che conosco bene: non \u00e8 la fame, \u00e8 la noia. \u00c8 quel momento in cui \u201cmangiare leggero\u201d inizia a suonare...\" \/>\n<meta name=\"robots\" content=\"index, follow, max-snippet:-1, max-image-preview:large, max-video-preview:-1\" \/>\n<link rel=\"canonical\" href=\"https:\/\/icarojournal.com\/index.php\/2026\/03\/13\/la-faccio-sempre-con-gli-asparagi-meglio-della-classica-frittata-e-pure-dietetica\/\" \/>\n<meta property=\"og:locale\" content=\"it_IT\" \/>\n<meta property=\"og:type\" content=\"article\" \/>\n<meta property=\"og:title\" content=\"La faccio sempre con gli asparagi, meglio della classica frittata e pure dietetica - Icaro Journal\" \/>\n<meta property=\"og:description\" content=\"C\u2019\u00e8 una fase della dieta che conosco bene: non \u00e8 la fame, \u00e8 la noia. \u00c8 quel momento in cui \u201cmangiare leggero\u201d inizia a suonare...\" \/>\n<meta property=\"og:url\" content=\"https:\/\/icarojournal.com\/index.php\/2026\/03\/13\/la-faccio-sempre-con-gli-asparagi-meglio-della-classica-frittata-e-pure-dietetica\/\" \/>\n<meta property=\"og:site_name\" content=\"Icaro Journal\" \/>\n<meta property=\"article:published_time\" content=\"2026-03-13T08:32:47+00:00\" \/>\n<meta property=\"og:image\" content=\"https:\/\/icarojournal.com\/wp-content\/uploads\/2026\/03\/Frittata-di-asparagi-20260313-IcaroJournal.jpg\" \/>\n\t<meta property=\"og:image:width\" content=\"1200\" \/>\n\t<meta property=\"og:image:height\" content=\"800\" \/>\n\t<meta property=\"og:image:type\" content=\"image\/jpeg\" \/>\n<meta name=\"author\" content=\"Francesca Guglielmino\" \/>\n<meta name=\"twitter:card\" content=\"summary_large_image\" \/>\n<meta name=\"twitter:label1\" content=\"Scritto da\" \/>\n\t<meta name=\"twitter:data1\" content=\"Francesca Guglielmino\" \/>\n\t<meta name=\"twitter:label2\" content=\"Tempo di lettura stimato\" \/>\n\t<meta name=\"twitter:data2\" content=\"4 minuti\" \/>\n<script type=\"application\/ld+json\" class=\"yoast-schema-graph\">{\"@context\":\"https:\\\/\\\/schema.org\",\"@graph\":[{\"@type\":\"Article\",\"@id\":\"https:\\\/\\\/icarojournal.com\\\/index.php\\\/2026\\\/03\\\/13\\\/la-faccio-sempre-con-gli-asparagi-meglio-della-classica-frittata-e-pure-dietetica\\\/#article\",\"isPartOf\":{\"@id\":\"https:\\\/\\\/icarojournal.com\\\/index.php\\\/2026\\\/03\\\/13\\\/la-faccio-sempre-con-gli-asparagi-meglio-della-classica-frittata-e-pure-dietetica\\\/\"},\"author\":{\"name\":\"Francesca Guglielmino\",\"@id\":\"https:\\\/\\\/icarojournal.com\\\/#\\\/schema\\\/person\\\/50728028a3703bea504b6347d37b5f99\"},\"headline\":\"La faccio sempre con gli asparagi, meglio della classica frittata e pure dietetica\",\"datePublished\":\"2026-03-13T08:32:47+00:00\",\"mainEntityOfPage\":{\"@id\":\"https:\\\/\\\/icarojournal.com\\\/index.php\\\/2026\\\/03\\\/13\\\/la-faccio-sempre-con-gli-asparagi-meglio-della-classica-frittata-e-pure-dietetica\\\/\"},\"wordCount\":619,\"commentCount\":0,\"publisher\":{\"@id\":\"https:\\\/\\\/icarojournal.com\\\/#organization\"},\"image\":{\"@id\":\"https:\\\/\\\/icarojournal.com\\\/index.php\\\/2026\\\/03\\\/13\\\/la-faccio-sempre-con-gli-asparagi-meglio-della-classica-frittata-e-pure-dietetica\\\/#primaryimage\"},\"thumbnailUrl\":\"https:\\\/\\\/icarojournal.com\\\/wp-content\\\/uploads\\\/2026\\\/03\\\/Frittata-di-asparagi-20260313-IcaroJournal.jpg\",\"keywords\":[\"frittata\",\"ricette vegetariane\"],\"articleSection\":[\"Cucina\"],\"inLanguage\":\"it-IT\",\"potentialAction\":[{\"@type\":\"CommentAction\",\"name\":\"Comment\",\"target\":[\"https:\\\/\\\/icarojournal.com\\\/index.php\\\/2026\\\/03\\\/13\\\/la-faccio-sempre-con-gli-asparagi-meglio-della-classica-frittata-e-pure-dietetica\\\/#respond\"]}]},{\"@type\":\"WebPage\",\"@id\":\"https:\\\/\\\/icarojournal.com\\\/index.php\\\/2026\\\/03\\\/13\\\/la-faccio-sempre-con-gli-asparagi-meglio-della-classica-frittata-e-pure-dietetica\\\/\",\"url\":\"https:\\\/\\\/icarojournal.com\\\/index.php\\\/2026\\\/03\\\/13\\\/la-faccio-sempre-con-gli-asparagi-meglio-della-classica-frittata-e-pure-dietetica\\\/\",\"name\":\"La faccio sempre con gli asparagi, meglio della classica frittata e pure dietetica - Icaro Journal\",\"isPartOf\":{\"@id\":\"https:\\\/\\\/icarojournal.com\\\/#website\"},\"primaryImageOfPage\":{\"@id\":\"https:\\\/\\\/icarojournal.com\\\/index.php\\\/2026\\\/03\\\/13\\\/la-faccio-sempre-con-gli-asparagi-meglio-della-classica-frittata-e-pure-dietetica\\\/#primaryimage\"},\"image\":{\"@id\":\"https:\\\/\\\/icarojournal.com\\\/index.php\\\/2026\\\/03\\\/13\\\/la-faccio-sempre-con-gli-asparagi-meglio-della-classica-frittata-e-pure-dietetica\\\/#primaryimage\"},\"thumbnailUrl\":\"https:\\\/\\\/icarojournal.com\\\/wp-content\\\/uploads\\\/2026\\\/03\\\/Frittata-di-asparagi-20260313-IcaroJournal.jpg\",\"datePublished\":\"2026-03-13T08:32:47+00:00\",\"description\":\"C\u2019\u00e8 una fase della dieta che conosco bene: non \u00e8 la fame, \u00e8 la noia. \u00c8 quel momento in cui \u201cmangiare leggero\u201d inizia a suonare...\",\"breadcrumb\":{\"@id\":\"https:\\\/\\\/icarojournal.com\\\/index.php\\\/2026\\\/03\\\/13\\\/la-faccio-sempre-con-gli-asparagi-meglio-della-classica-frittata-e-pure-dietetica\\\/#breadcrumb\"},\"inLanguage\":\"it-IT\",\"potentialAction\":[{\"@type\":\"ReadAction\",\"target\":[\"https:\\\/\\\/icarojournal.com\\\/index.php\\\/2026\\\/03\\\/13\\\/la-faccio-sempre-con-gli-asparagi-meglio-della-classica-frittata-e-pure-dietetica\\\/\"]}]},{\"@type\":\"ImageObject\",\"inLanguage\":\"it-IT\",\"@id\":\"https:\\\/\\\/icarojournal.com\\\/index.php\\\/2026\\\/03\\\/13\\\/la-faccio-sempre-con-gli-asparagi-meglio-della-classica-frittata-e-pure-dietetica\\\/#primaryimage\",\"url\":\"https:\\\/\\\/icarojournal.com\\\/wp-content\\\/uploads\\\/2026\\\/03\\\/Frittata-di-asparagi-20260313-IcaroJournal.jpg\",\"contentUrl\":\"https:\\\/\\\/icarojournal.com\\\/wp-content\\\/uploads\\\/2026\\\/03\\\/Frittata-di-asparagi-20260313-IcaroJournal.jpg\",\"width\":1200,\"height\":800,\"caption\":\"Frittata di asparagi - IcaroJournal\"},{\"@type\":\"BreadcrumbList\",\"@id\":\"https:\\\/\\\/icarojournal.com\\\/index.php\\\/2026\\\/03\\\/13\\\/la-faccio-sempre-con-gli-asparagi-meglio-della-classica-frittata-e-pure-dietetica\\\/#breadcrumb\",\"itemListElement\":[{\"@type\":\"ListItem\",\"position\":1,\"name\":\"Home\",\"item\":\"https:\\\/\\\/icarojournal.com\\\/\"},{\"@type\":\"ListItem\",\"position\":2,\"name\":\"La faccio sempre con gli asparagi, meglio della classica frittata e pure dietetica\"}]},{\"@type\":\"WebSite\",\"@id\":\"https:\\\/\\\/icarojournal.com\\\/#website\",\"url\":\"https:\\\/\\\/icarojournal.com\\\/\",\"name\":\"Icaro Journal\",\"description\":\"Dalla cucina ai viaggi alle storie di vita\",\"publisher\":{\"@id\":\"https:\\\/\\\/icarojournal.com\\\/#organization\"},\"potentialAction\":[{\"@type\":\"SearchAction\",\"target\":{\"@type\":\"EntryPoint\",\"urlTemplate\":\"https:\\\/\\\/icarojournal.com\\\/?s={search_term_string}\"},\"query-input\":{\"@type\":\"PropertyValueSpecification\",\"valueRequired\":true,\"valueName\":\"search_term_string\"}}],\"inLanguage\":\"it-IT\"},{\"@type\":\"Organization\",\"@id\":\"https:\\\/\\\/icarojournal.com\\\/#organization\",\"name\":\"Icaro Journal\",\"url\":\"https:\\\/\\\/icarojournal.com\\\/\",\"logo\":{\"@type\":\"ImageObject\",\"inLanguage\":\"it-IT\",\"@id\":\"https:\\\/\\\/icarojournal.com\\\/#\\\/schema\\\/logo\\\/image\\\/\",\"url\":\"https:\\\/\\\/icarojournal.com\\\/wp-content\\\/uploads\\\/2024\\\/09\\\/cropped-logo.png\",\"contentUrl\":\"https:\\\/\\\/icarojournal.com\\\/wp-content\\\/uploads\\\/2024\\\/09\\\/cropped-logo.png\",\"width\":249,\"height\":112,\"caption\":\"Icaro Journal\"},\"image\":{\"@id\":\"https:\\\/\\\/icarojournal.com\\\/#\\\/schema\\\/logo\\\/image\\\/\"},\"sameAs\":[\"https:\\\/\\\/www.instagram.com\\\/icarojournal\\\/\"]},{\"@type\":\"Person\",\"@id\":\"https:\\\/\\\/icarojournal.com\\\/#\\\/schema\\\/person\\\/50728028a3703bea504b6347d37b5f99\",\"name\":\"Francesca Guglielmino\",\"image\":{\"@type\":\"ImageObject\",\"inLanguage\":\"it-IT\",\"@id\":\"https:\\\/\\\/secure.gravatar.com\\\/avatar\\\/33a9fb184e61458c03502f25a25c41fb4a67a826d476085532fe929fa0faac68?s=96&d=mm&r=g\",\"url\":\"https:\\\/\\\/secure.gravatar.com\\\/avatar\\\/33a9fb184e61458c03502f25a25c41fb4a67a826d476085532fe929fa0faac68?s=96&d=mm&r=g\",\"contentUrl\":\"https:\\\/\\\/secure.gravatar.com\\\/avatar\\\/33a9fb184e61458c03502f25a25c41fb4a67a826d476085532fe929fa0faac68?s=96&d=mm&r=g\",\"caption\":\"Francesca Guglielmino\"},\"sameAs\":[\"http:\\\/\\\/@francesca_guglielmino90\"],\"url\":\"https:\\\/\\\/icarojournal.com\\\/index.php\\\/author\\\/francesca-guglielmino\\\/\"}]}<\/script>\n<!-- \/ Yoast SEO plugin. -->","yoast_head_json":{"title":"La faccio sempre con gli asparagi, meglio della classica frittata e pure dietetica - Icaro Journal","description":"C\u2019\u00e8 una fase della dieta che conosco bene: non \u00e8 la fame, \u00e8 la noia. \u00c8 quel momento in cui \u201cmangiare leggero\u201d inizia a suonare...","robots":{"index":"index","follow":"follow","max-snippet":"max-snippet:-1","max-image-preview":"max-image-preview:large","max-video-preview":"max-video-preview:-1"},"canonical":"https:\/\/icarojournal.com\/index.php\/2026\/03\/13\/la-faccio-sempre-con-gli-asparagi-meglio-della-classica-frittata-e-pure-dietetica\/","og_locale":"it_IT","og_type":"article","og_title":"La faccio sempre con gli asparagi, meglio della classica frittata e pure dietetica - Icaro Journal","og_description":"C\u2019\u00e8 una fase della dieta che conosco bene: non \u00e8 la fame, \u00e8 la noia. \u00c8 quel momento in cui \u201cmangiare leggero\u201d inizia a suonare...","og_url":"https:\/\/icarojournal.com\/index.php\/2026\/03\/13\/la-faccio-sempre-con-gli-asparagi-meglio-della-classica-frittata-e-pure-dietetica\/","og_site_name":"Icaro Journal","article_published_time":"2026-03-13T08:32:47+00:00","og_image":[{"width":1200,"height":800,"url":"https:\/\/icarojournal.com\/wp-content\/uploads\/2026\/03\/Frittata-di-asparagi-20260313-IcaroJournal.jpg","type":"image\/jpeg"}],"author":"Francesca Guglielmino","twitter_card":"summary_large_image","twitter_misc":{"Scritto da":"Francesca Guglielmino","Tempo di lettura stimato":"4 minuti"},"schema":{"@context":"https:\/\/schema.org","@graph":[{"@type":"Article","@id":"https:\/\/icarojournal.com\/index.php\/2026\/03\/13\/la-faccio-sempre-con-gli-asparagi-meglio-della-classica-frittata-e-pure-dietetica\/#article","isPartOf":{"@id":"https:\/\/icarojournal.com\/index.php\/2026\/03\/13\/la-faccio-sempre-con-gli-asparagi-meglio-della-classica-frittata-e-pure-dietetica\/"},"author":{"name":"Francesca Guglielmino","@id":"https:\/\/icarojournal.com\/#\/schema\/person\/50728028a3703bea504b6347d37b5f99"},"headline":"La faccio sempre con gli asparagi, meglio della classica frittata e pure dietetica","datePublished":"2026-03-13T08:32:47+00:00","mainEntityOfPage":{"@id":"https:\/\/icarojournal.com\/index.php\/2026\/03\/13\/la-faccio-sempre-con-gli-asparagi-meglio-della-classica-frittata-e-pure-dietetica\/"},"wordCount":619,"commentCount":0,"publisher":{"@id":"https:\/\/icarojournal.com\/#organization"},"image":{"@id":"https:\/\/icarojournal.com\/index.php\/2026\/03\/13\/la-faccio-sempre-con-gli-asparagi-meglio-della-classica-frittata-e-pure-dietetica\/#primaryimage"},"thumbnailUrl":"https:\/\/icarojournal.com\/wp-content\/uploads\/2026\/03\/Frittata-di-asparagi-20260313-IcaroJournal.jpg","keywords":["frittata","ricette vegetariane"],"articleSection":["Cucina"],"inLanguage":"it-IT","potentialAction":[{"@type":"CommentAction","name":"Comment","target":["https:\/\/icarojournal.com\/index.php\/2026\/03\/13\/la-faccio-sempre-con-gli-asparagi-meglio-della-classica-frittata-e-pure-dietetica\/#respond"]}]},{"@type":"WebPage","@id":"https:\/\/icarojournal.com\/index.php\/2026\/03\/13\/la-faccio-sempre-con-gli-asparagi-meglio-della-classica-frittata-e-pure-dietetica\/","url":"https:\/\/icarojournal.com\/index.php\/2026\/03\/13\/la-faccio-sempre-con-gli-asparagi-meglio-della-classica-frittata-e-pure-dietetica\/","name":"La faccio sempre con gli asparagi, meglio della classica frittata e pure dietetica - Icaro Journal","isPartOf":{"@id":"https:\/\/icarojournal.com\/#website"},"primaryImageOfPage":{"@id":"https:\/\/icarojournal.com\/index.php\/2026\/03\/13\/la-faccio-sempre-con-gli-asparagi-meglio-della-classica-frittata-e-pure-dietetica\/#primaryimage"},"image":{"@id":"https:\/\/icarojournal.com\/index.php\/2026\/03\/13\/la-faccio-sempre-con-gli-asparagi-meglio-della-classica-frittata-e-pure-dietetica\/#primaryimage"},"thumbnailUrl":"https:\/\/icarojournal.com\/wp-content\/uploads\/2026\/03\/Frittata-di-asparagi-20260313-IcaroJournal.jpg","datePublished":"2026-03-13T08:32:47+00:00","description":"C\u2019\u00e8 una fase della dieta che conosco bene: non \u00e8 la fame, \u00e8 la noia. \u00c8 quel momento in cui \u201cmangiare leggero\u201d inizia a suonare...","breadcrumb":{"@id":"https:\/\/icarojournal.com\/index.php\/2026\/03\/13\/la-faccio-sempre-con-gli-asparagi-meglio-della-classica-frittata-e-pure-dietetica\/#breadcrumb"},"inLanguage":"it-IT","potentialAction":[{"@type":"ReadAction","target":["https:\/\/icarojournal.com\/index.php\/2026\/03\/13\/la-faccio-sempre-con-gli-asparagi-meglio-della-classica-frittata-e-pure-dietetica\/"]}]},{"@type":"ImageObject","inLanguage":"it-IT","@id":"https:\/\/icarojournal.com\/index.php\/2026\/03\/13\/la-faccio-sempre-con-gli-asparagi-meglio-della-classica-frittata-e-pure-dietetica\/#primaryimage","url":"https:\/\/icarojournal.com\/wp-content\/uploads\/2026\/03\/Frittata-di-asparagi-20260313-IcaroJournal.jpg","contentUrl":"https:\/\/icarojournal.com\/wp-content\/uploads\/2026\/03\/Frittata-di-asparagi-20260313-IcaroJournal.jpg","width":1200,"height":800,"caption":"Frittata di asparagi - IcaroJournal"},{"@type":"BreadcrumbList","@id":"https:\/\/icarojournal.com\/index.php\/2026\/03\/13\/la-faccio-sempre-con-gli-asparagi-meglio-della-classica-frittata-e-pure-dietetica\/#breadcrumb","itemListElement":[{"@type":"ListItem","position":1,"name":"Home","item":"https:\/\/icarojournal.com\/"},{"@type":"ListItem","position":2,"name":"La faccio sempre con gli asparagi, meglio della classica frittata e pure dietetica"}]},{"@type":"WebSite","@id":"https:\/\/icarojournal.com\/#website","url":"https:\/\/icarojournal.com\/","name":"Icaro Journal","description":"Dalla cucina ai viaggi alle storie di vita","publisher":{"@id":"https:\/\/icarojournal.com\/#organization"},"potentialAction":[{"@type":"SearchAction","target":{"@type":"EntryPoint","urlTemplate":"https:\/\/icarojournal.com\/?s={search_term_string}"},"query-input":{"@type":"PropertyValueSpecification","valueRequired":true,"valueName":"search_term_string"}}],"inLanguage":"it-IT"},{"@type":"Organization","@id":"https:\/\/icarojournal.com\/#organization","name":"Icaro Journal","url":"https:\/\/icarojournal.com\/","logo":{"@type":"ImageObject","inLanguage":"it-IT","@id":"https:\/\/icarojournal.com\/#\/schema\/logo\/image\/","url":"https:\/\/icarojournal.com\/wp-content\/uploads\/2024\/09\/cropped-logo.png","contentUrl":"https:\/\/icarojournal.com\/wp-content\/uploads\/2024\/09\/cropped-logo.png","width":249,"height":112,"caption":"Icaro Journal"},"image":{"@id":"https:\/\/icarojournal.com\/#\/schema\/logo\/image\/"},"sameAs":["https:\/\/www.instagram.com\/icarojournal\/"]},{"@type":"Person","@id":"https:\/\/icarojournal.com\/#\/schema\/person\/50728028a3703bea504b6347d37b5f99","name":"Francesca Guglielmino","image":{"@type":"ImageObject","inLanguage":"it-IT","@id":"https:\/\/secure.gravatar.com\/avatar\/33a9fb184e61458c03502f25a25c41fb4a67a826d476085532fe929fa0faac68?s=96&d=mm&r=g","url":"https:\/\/secure.gravatar.com\/avatar\/33a9fb184e61458c03502f25a25c41fb4a67a826d476085532fe929fa0faac68?s=96&d=mm&r=g","contentUrl":"https:\/\/secure.gravatar.com\/avatar\/33a9fb184e61458c03502f25a25c41fb4a67a826d476085532fe929fa0faac68?s=96&d=mm&r=g","caption":"Francesca Guglielmino"},"sameAs":["http:\/\/@francesca_guglielmino90"],"url":"https:\/\/icarojournal.com\/index.php\/author\/francesca-guglielmino\/"}]}},"_links":{"self":[{"href":"https:\/\/icarojournal.com\/index.php\/wp-json\/wp\/v2\/posts\/6804","targetHints":{"allow":["GET"]}}],"collection":[{"href":"https:\/\/icarojournal.com\/index.php\/wp-json\/wp\/v2\/posts"}],"about":[{"href":"https:\/\/icarojournal.com\/index.php\/wp-json\/wp\/v2\/types\/post"}],"author":[{"embeddable":true,"href":"https:\/\/icarojournal.com\/index.php\/wp-json\/wp\/v2\/users\/2"}],"replies":[{"embeddable":true,"href":"https:\/\/icarojournal.com\/index.php\/wp-json\/wp\/v2\/comments?post=6804"}],"version-history":[{"count":1,"href":"https:\/\/icarojournal.com\/index.php\/wp-json\/wp\/v2\/posts\/6804\/revisions"}],"predecessor-version":[{"id":6806,"href":"https:\/\/icarojournal.com\/index.php\/wp-json\/wp\/v2\/posts\/6804\/revisions\/6806"}],"wp:featuredmedia":[{"embeddable":true,"href":"https:\/\/icarojournal.com\/index.php\/wp-json\/wp\/v2\/media\/6805"}],"wp:attachment":[{"href":"https:\/\/icarojournal.com\/index.php\/wp-json\/wp\/v2\/media?parent=6804"}],"wp:term":[{"taxonomy":"category","embeddable":true,"href":"https:\/\/icarojournal.com\/index.php\/wp-json\/wp\/v2\/categories?post=6804"},{"taxonomy":"post_tag","embeddable":true,"href":"https:\/\/icarojournal.com\/index.php\/wp-json\/wp\/v2\/tags?post=6804"}],"curies":[{"name":"wp","href":"https:\/\/api.w.org\/{rel}","templated":true}]}}