{"id":6837,"date":"2026-03-14T20:30:47","date_gmt":"2026-03-14T19:30:47","guid":{"rendered":"https:\/\/icarojournal.com\/?p=6837"},"modified":"2026-03-14T19:38:10","modified_gmt":"2026-03-14T18:38:10","slug":"massimiliano-caiazzo-assente-a-mare-fuori-ma-perche","status":"publish","type":"post","link":"https:\/\/icarojournal.com\/index.php\/2026\/03\/14\/massimiliano-caiazzo-assente-a-mare-fuori-ma-perche\/","title":{"rendered":"Massimiliano Caiazzo assente a Mare Fuori&#8230; ma perch\u00e9?"},"content":{"rendered":"<p><strong>Ancora una volta si torna a parlare di Mare Fuori e questa volta per un dettaglio che non \u00e8 passato inosservato e che riguarda proprio il finale. Attenzione, cari lettori: allerta spoiler!<\/strong><\/p>\n<p>Questo \u00e8 uno di quegli articoli che puoi leggere solo nel momento in cui sei pienamente consapevole del fatto che ti verr\u00e0 rivelato il finale. Quindi, se anche tu sei un amante delle serie TV e odi chi ti rivela cosa succeder\u00e0 da qui a breve, forse questo articolo non fa per te.<\/p>\n<p style=\"text-align: center;\"><script async=\"async\" data-cfasync=\"false\" src=\"https:\/\/pl22692455.effectivegatecpm.com\/884d74dcfb1a31d043e0df900773c86c\/invoke.js\"><\/script><\/p>\n<div id=\"container-884d74dcfb1a31d043e0df900773c86c\"><\/div>\n<p>Concentriamo la nostra attenzione su quella che \u00e8 la narrazione del finale di Mare Fuori. Sono successe davvero tantissime cose: il povero Pino, purtroppo, ha dovuto affrontare un dolore immane e non ha intenzione di tenerlo per s\u00e9. C\u2019\u00e8 gi\u00e0 chi reclama vendetta, ma in questo frangente si cerca soprattutto di capire cosa succeder\u00e0 della serie TV e se ci sar\u00e0 effettivamente la settima stagione.<\/p>\n<p>La parte finale della <strong>storia di<\/strong> <strong>Rosa<\/strong>, in un certo modo, rappresenta la conclusione di un ciclo molto ampio: quello dei Ricci, legato proprio a Mare Fuori e soprattutto a Carmine, che \u00e8 stato molto importante nelle prime due stagioni.<\/p>\n<h2>Mare Fuori: un finale strappalacrime, ma\u2026<\/h2>\n<p>Tutti ricorderanno <strong>il momento in cui Rosa aveva detto che sapeva gi\u00e0 come sarebbe andata<\/strong>: avrebbe ripreso Carmine, lo avrebbe cercato finch\u00e9 non avrebbe raggiunto il suo obiettivo\u2026 trovarlo. Nel momento in cui la sua vita prende un equilibrio, Rosa capisce qual \u00e8 la strada giusta da seguire. Grazie anche all\u2019amore della madre, a Rosa non rimane che fare un\u2019unica cosa molto importante: prendersi la vita in mano, quella vita che finora le era stata negata, e seguire il sogno d\u2019amore cos\u00ec come avrebbe voluto fare qualche anno fa, volando a nozze con Carmine.<\/p>\n<figure id=\"attachment_6846\" aria-describedby=\"caption-attachment-6846\" style=\"width: 1200px\" class=\"wp-caption alignnone\"><img loading=\"lazy\" decoding=\"async\" class=\"size-full wp-image-6846\" src=\"https:\/\/icarojournal.com\/wp-content\/uploads\/2026\/03\/Perche-Carmine-non-era-nel-finale-di-Mare-Fuori-20260314-IcaroJournal-2.jpg\" alt=\"Perche\u0301 Carmine non era nel finale di Mare Fuori - IcaroJournal\" width=\"1200\" height=\"800\" srcset=\"https:\/\/icarojournal.com\/wp-content\/uploads\/2026\/03\/Perche-Carmine-non-era-nel-finale-di-Mare-Fuori-20260314-IcaroJournal-2.jpg 1200w, https:\/\/icarojournal.com\/wp-content\/uploads\/2026\/03\/Perche-Carmine-non-era-nel-finale-di-Mare-Fuori-20260314-IcaroJournal-2-300x200.jpg 300w, https:\/\/icarojournal.com\/wp-content\/uploads\/2026\/03\/Perche-Carmine-non-era-nel-finale-di-Mare-Fuori-20260314-IcaroJournal-2-1024x683.jpg 1024w, https:\/\/icarojournal.com\/wp-content\/uploads\/2026\/03\/Perche-Carmine-non-era-nel-finale-di-Mare-Fuori-20260314-IcaroJournal-2-768x512.jpg 768w\" sizes=\"auto, (max-width: 1200px) 100vw, 1200px\" \/><figcaption id=\"caption-attachment-6846\" class=\"wp-caption-text\">Perche\u0301 Carmine non era nel finale di Mare Fuori &#8211; IcaroJournal<\/figcaption><\/figure>\n<p>Lui aveva gi\u00e0 capito di avere un dolore dentro, cos\u00ec atroce, che doveva trovare il modo di placarlo da solo, motivo per cui l\u2019unica soluzione, in questo caso, per lui era fare la cosa giusta in qualit\u00e0 di padre: ovvero dare un futuro migliore a Futura, per la quale aveva lottato davvero tanto, la figlia strappata dalle braccia della madre il giorno del matrimonio e che richiedeva totalmente la sua attenzione. Il tutto mentre aveva un altro desiderio nel cassetto, ovvero quello di realizzare il sogno di lavorare in qualit\u00e0 di parrucchiere.<\/p>\n<p>Ed effettivamente<strong> le strade di Rosa e quelle di Carmine<\/strong> si sono incrociate in una scena breve: una bambina bellissima che guarda il suo pap\u00e0 all\u2019opera, poi un\u2019amica lo va a chiamare e Carmine scopre davanti a s\u00e9 il ritorno di Rosa. Cos\u00ec finisce Mare Fuori, con la ricongiunzione di due persone innamorate nel profondo: una storia che, per certi versi, ricorda in modo molto romanzato quella di Romeo e Giulietta, ma che, diversamente, riescono a realizzare il loro sogno d\u2019amore nella vita reale.<\/p>\n<h3>La delusione dei fan, l\u2019assenza di Carmine\u2026 ma c\u2019\u00e8 un motivo<\/h3>\n<p>Impossibile negare che, gi\u00e0 fin dalla fine della prima met\u00e0 di Mare Fuori 6, tutti abbiano cominciato a chiedersi dove fosse effettivamente Massimiliano Caiazzo, che poteva spuntare davanti alle telecamere da un momento all\u2019altro. In un certo modo, il progetto originale doveva essere proprio quello: un ingresso \u201cspecial guest\u201d di Massimiliano Caiazzo che si ricongiungeva con Rosa Ricci nella fase finale di Mare Fuori. La produzione, per\u00f2, a quanto pare non ha potuto realizzare il desiderio dei fan, e non perch\u00e9 Caiazzo abbia detto di no: vi sarebbe stato un altro tipo di impossibilit\u00e0.<\/p>\n<p style=\"text-align: center;\"><script async=\"async\" data-cfasync=\"false\" src=\"https:\/\/pl22692455.effectivegatecpm.com\/884d74dcfb1a31d043e0df900773c86c\/invoke.js\"><\/script><\/p>\n<div id=\"container-884d74dcfb1a31d043e0df900773c86c\"><\/div>\n<p><strong>LEGGI ANCHE -&gt;\u00a0\u00a0<a href=\"https:\/\/icarojournal.com\/index.php\/2026\/03\/13\/clara-danese-dopo-elvira-de-il-paradiso-delle-signore-cosa-fa\/\" target=\"_blank\" rel=\"noopener\">Clara Danese dopo Elvira de Il Paradiso delle Signore.. cosa fa?<\/a><\/strong><\/p>\n<p><strong>LEGGI ANCHE -&gt;\u00a0<a href=\"https:\/\/icarojournal.com\/index.php\/2026\/03\/12\/lino-guanciale-pronto-a-diventare-di-nuovo-papa-e-un-desiderio-mio-e-di-mia-moglie\/\" target=\"_blank\" rel=\"noopener\">Lino Guanciale pronto a diventare di nuovo pap\u00e0: \u00ab\u00c8 un desiderio mio e di mia moglie\u00bb<\/a><\/strong><\/p>\n<figure id=\"attachment_6845\" aria-describedby=\"caption-attachment-6845\" style=\"width: 1200px\" class=\"wp-caption alignnone\"><img loading=\"lazy\" decoding=\"async\" class=\"size-full wp-image-6845\" src=\"https:\/\/icarojournal.com\/wp-content\/uploads\/2026\/03\/Perche-Carmine-non-era-nel-finale-di-Mare-Fuori-20260314-IcaroJournal-1.jpg\" alt=\"Perche\u0301 Carmine non era nel finale di Mare Fuori - IcaroJournal\" width=\"1200\" height=\"800\" srcset=\"https:\/\/icarojournal.com\/wp-content\/uploads\/2026\/03\/Perche-Carmine-non-era-nel-finale-di-Mare-Fuori-20260314-IcaroJournal-1.jpg 1200w, https:\/\/icarojournal.com\/wp-content\/uploads\/2026\/03\/Perche-Carmine-non-era-nel-finale-di-Mare-Fuori-20260314-IcaroJournal-1-300x200.jpg 300w, https:\/\/icarojournal.com\/wp-content\/uploads\/2026\/03\/Perche-Carmine-non-era-nel-finale-di-Mare-Fuori-20260314-IcaroJournal-1-1024x683.jpg 1024w, https:\/\/icarojournal.com\/wp-content\/uploads\/2026\/03\/Perche-Carmine-non-era-nel-finale-di-Mare-Fuori-20260314-IcaroJournal-1-768x512.jpg 768w\" sizes=\"auto, (max-width: 1200px) 100vw, 1200px\" \/><figcaption id=\"caption-attachment-6845\" class=\"wp-caption-text\">Perche\u0301 Carmine non era nel finale di Mare Fuori &#8211; IcaroJournal<\/figcaption><\/figure>\n<p>Secondo quanto riferito da Fanpage.it, infatti, sembrerebbe che <strong>Massimiliano Caiazzo<\/strong> sia attualmente impegnato in un progetto lavorativo che era gi\u00e0 stato presentato diversi mesi fa. Stiamo parlando del film dedicato alla vita di Pino Daniele. Sulla base di tale motivazione, Massimiliano Caiazzo avrebbe dovuto rivoluzionare completamente il suo look, con un taglio molto diverso e soprattutto anche l\u2019aspetto fisico, dato che potrebbe aver preso circa 20 kg per essere quanto pi\u00f9 possibile somigliante al cantante napoletano.<\/p>\n<p>Questi due progetti e la necessit\u00e0 di cambiare aspetto avrebbero reso cos\u00ec incompatibile Massimiliano Caiazzo con quello che era il <strong>personaggio<\/strong> <strong>di<\/strong> <strong>Carmine<\/strong>. Sulla base di tale motivazione, dunque, la produzione ha deciso di donare ugualmente un lieto fine ai fan, ma di farlo, purtroppo, in una chiave diversa.<\/p>\n<p><strong>LEGGI ANCHE -&gt;\u00a0<a href=\"https:\/\/icarojournal.com\/index.php\/2026\/03\/10\/stefano-de-martino-innamorato-di-nuovo-dopo-belen-vuole-volare-basso\/\" target=\"_blank\" rel=\"noopener\">Stefano De Martino innamorato di nuovo dopo Belen? \u00abVuole volare basso\u00bb<\/a><\/strong><\/p>\n<p><strong>LEGGI ANCHE -&gt;\u00a0<a href=\"https:\/\/icarojournal.com\/index.php\/2026\/03\/04\/francesca-chillemi-insieme-a-rodrigo-love-story-davanti-le-telecamere\/\" target=\"_blank\" rel=\"noopener\">Francesca Chillemi insieme a Rodrigo: love story davanti le telecamere?<\/a><\/strong><\/p>\n","protected":false},"excerpt":{"rendered":"<p>Ancora una volta si torna a parlare di Mare Fuori e questa volta per un dettaglio che non \u00e8 passato inosservato e che riguarda proprio il finale. Attenzione, cari lettori: allerta spoiler! Questo \u00e8 uno di quegli articoli che puoi leggere solo nel momento in cui sei pienamente consapevole del fatto che ti verr\u00e0 rivelato [&hellip;]<\/p>\n","protected":false},"author":2,"featured_media":6847,"comment_status":"open","ping_status":"open","sticky":false,"template":"","format":"standard","meta":{"iawp_total_views":77,"footnotes":""},"categories":[84],"tags":[558,560,559,557,611,610,609],"class_list":["post-6837","post","type-post","status-publish","format-standard","has-post-thumbnail","hentry","category-gossip","tag-mare-fuori","tag-mare-fuori-news","tag-mare-fuori-serie","tag-maria-esposito","tag-massimiliano-caiazzo","tag-rosa-e-carmine","tag-rosa-ricci"],"yoast_head":"<!-- This site is optimized with the Yoast SEO plugin v27.5 - https:\/\/yoast.com\/product\/yoast-seo-wordpress\/ -->\n<title>Massimiliano Caiazzo assente a Mare Fuori... ma perch\u00e9? - Icaro Journal<\/title>\n<meta name=\"robots\" content=\"index, follow, max-snippet:-1, max-image-preview:large, max-video-preview:-1\" \/>\n<link rel=\"canonical\" href=\"https:\/\/icarojournal.com\/index.php\/2026\/03\/14\/massimiliano-caiazzo-assente-a-mare-fuori-ma-perche\/\" \/>\n<meta property=\"og:locale\" content=\"it_IT\" \/>\n<meta property=\"og:type\" content=\"article\" \/>\n<meta property=\"og:title\" content=\"Massimiliano Caiazzo assente a Mare Fuori... ma perch\u00e9? - Icaro Journal\" \/>\n<meta property=\"og:description\" content=\"Ancora una volta si torna a parlare di Mare Fuori e questa volta per un dettaglio che non \u00e8 passato inosservato e che riguarda proprio il finale. Attenzione, cari lettori: allerta spoiler! Questo \u00e8 uno di quegli articoli che puoi leggere solo nel momento in cui sei pienamente consapevole del fatto che ti verr\u00e0 rivelato [&hellip;]\" \/>\n<meta property=\"og:url\" content=\"https:\/\/icarojournal.com\/index.php\/2026\/03\/14\/massimiliano-caiazzo-assente-a-mare-fuori-ma-perche\/\" \/>\n<meta property=\"og:site_name\" content=\"Icaro Journal\" \/>\n<meta property=\"article:published_time\" content=\"2026-03-14T19:30:47+00:00\" \/>\n<meta property=\"og:image\" content=\"https:\/\/icarojournal.com\/wp-content\/uploads\/2026\/03\/Perche-Carmine-non-era-nel-finale-di-Mare-Fuori-20260314-IcaroJournal.jpg\" \/>\n\t<meta property=\"og:image:width\" content=\"1200\" \/>\n\t<meta property=\"og:image:height\" content=\"800\" \/>\n\t<meta property=\"og:image:type\" content=\"image\/jpeg\" \/>\n<meta name=\"author\" content=\"Francesca Guglielmino\" \/>\n<meta name=\"twitter:card\" content=\"summary_large_image\" \/>\n<meta name=\"twitter:label1\" content=\"Scritto da\" \/>\n\t<meta name=\"twitter:data1\" content=\"Francesca Guglielmino\" \/>\n\t<meta name=\"twitter:label2\" content=\"Tempo di lettura stimato\" \/>\n\t<meta name=\"twitter:data2\" content=\"5 minuti\" \/>\n<script type=\"application\/ld+json\" class=\"yoast-schema-graph\">{\"@context\":\"https:\\\/\\\/schema.org\",\"@graph\":[{\"@type\":\"Article\",\"@id\":\"https:\\\/\\\/icarojournal.com\\\/index.php\\\/2026\\\/03\\\/14\\\/massimiliano-caiazzo-assente-a-mare-fuori-ma-perche\\\/#article\",\"isPartOf\":{\"@id\":\"https:\\\/\\\/icarojournal.com\\\/index.php\\\/2026\\\/03\\\/14\\\/massimiliano-caiazzo-assente-a-mare-fuori-ma-perche\\\/\"},\"author\":{\"name\":\"Francesca Guglielmino\",\"@id\":\"https:\\\/\\\/icarojournal.com\\\/#\\\/schema\\\/person\\\/50728028a3703bea504b6347d37b5f99\"},\"headline\":\"Massimiliano Caiazzo assente a Mare Fuori&#8230; ma perch\u00e9?\",\"datePublished\":\"2026-03-14T19:30:47+00:00\",\"mainEntityOfPage\":{\"@id\":\"https:\\\/\\\/icarojournal.com\\\/index.php\\\/2026\\\/03\\\/14\\\/massimiliano-caiazzo-assente-a-mare-fuori-ma-perche\\\/\"},\"wordCount\":807,\"commentCount\":0,\"publisher\":{\"@id\":\"https:\\\/\\\/icarojournal.com\\\/#organization\"},\"image\":{\"@id\":\"https:\\\/\\\/icarojournal.com\\\/index.php\\\/2026\\\/03\\\/14\\\/massimiliano-caiazzo-assente-a-mare-fuori-ma-perche\\\/#primaryimage\"},\"thumbnailUrl\":\"https:\\\/\\\/icarojournal.com\\\/wp-content\\\/uploads\\\/2026\\\/03\\\/Perche-Carmine-non-era-nel-finale-di-Mare-Fuori-20260314-IcaroJournal.jpg\",\"keywords\":[\"Mare Fuori\",\"Mare Fuori news\",\"Mare Fuori serie\",\"Maria Esposito\",\"Massimiliano Caiazzo\",\"Rosa e Carmine\",\"Rosa Ricci\"],\"articleSection\":[\"Gossip\"],\"inLanguage\":\"it-IT\",\"potentialAction\":[{\"@type\":\"CommentAction\",\"name\":\"Comment\",\"target\":[\"https:\\\/\\\/icarojournal.com\\\/index.php\\\/2026\\\/03\\\/14\\\/massimiliano-caiazzo-assente-a-mare-fuori-ma-perche\\\/#respond\"]}]},{\"@type\":\"WebPage\",\"@id\":\"https:\\\/\\\/icarojournal.com\\\/index.php\\\/2026\\\/03\\\/14\\\/massimiliano-caiazzo-assente-a-mare-fuori-ma-perche\\\/\",\"url\":\"https:\\\/\\\/icarojournal.com\\\/index.php\\\/2026\\\/03\\\/14\\\/massimiliano-caiazzo-assente-a-mare-fuori-ma-perche\\\/\",\"name\":\"Massimiliano Caiazzo assente a Mare Fuori... ma perch\u00e9? - Icaro Journal\",\"isPartOf\":{\"@id\":\"https:\\\/\\\/icarojournal.com\\\/#website\"},\"primaryImageOfPage\":{\"@id\":\"https:\\\/\\\/icarojournal.com\\\/index.php\\\/2026\\\/03\\\/14\\\/massimiliano-caiazzo-assente-a-mare-fuori-ma-perche\\\/#primaryimage\"},\"image\":{\"@id\":\"https:\\\/\\\/icarojournal.com\\\/index.php\\\/2026\\\/03\\\/14\\\/massimiliano-caiazzo-assente-a-mare-fuori-ma-perche\\\/#primaryimage\"},\"thumbnailUrl\":\"https:\\\/\\\/icarojournal.com\\\/wp-content\\\/uploads\\\/2026\\\/03\\\/Perche-Carmine-non-era-nel-finale-di-Mare-Fuori-20260314-IcaroJournal.jpg\",\"datePublished\":\"2026-03-14T19:30:47+00:00\",\"breadcrumb\":{\"@id\":\"https:\\\/\\\/icarojournal.com\\\/index.php\\\/2026\\\/03\\\/14\\\/massimiliano-caiazzo-assente-a-mare-fuori-ma-perche\\\/#breadcrumb\"},\"inLanguage\":\"it-IT\",\"potentialAction\":[{\"@type\":\"ReadAction\",\"target\":[\"https:\\\/\\\/icarojournal.com\\\/index.php\\\/2026\\\/03\\\/14\\\/massimiliano-caiazzo-assente-a-mare-fuori-ma-perche\\\/\"]}]},{\"@type\":\"ImageObject\",\"inLanguage\":\"it-IT\",\"@id\":\"https:\\\/\\\/icarojournal.com\\\/index.php\\\/2026\\\/03\\\/14\\\/massimiliano-caiazzo-assente-a-mare-fuori-ma-perche\\\/#primaryimage\",\"url\":\"https:\\\/\\\/icarojournal.com\\\/wp-content\\\/uploads\\\/2026\\\/03\\\/Perche-Carmine-non-era-nel-finale-di-Mare-Fuori-20260314-IcaroJournal.jpg\",\"contentUrl\":\"https:\\\/\\\/icarojournal.com\\\/wp-content\\\/uploads\\\/2026\\\/03\\\/Perche-Carmine-non-era-nel-finale-di-Mare-Fuori-20260314-IcaroJournal.jpg\",\"width\":1200,\"height\":800,\"caption\":\"Perche\u0301 Carmine non era nel finale di Mare Fuori - IcaroJournal\"},{\"@type\":\"BreadcrumbList\",\"@id\":\"https:\\\/\\\/icarojournal.com\\\/index.php\\\/2026\\\/03\\\/14\\\/massimiliano-caiazzo-assente-a-mare-fuori-ma-perche\\\/#breadcrumb\",\"itemListElement\":[{\"@type\":\"ListItem\",\"position\":1,\"name\":\"Home\",\"item\":\"https:\\\/\\\/icarojournal.com\\\/\"},{\"@type\":\"ListItem\",\"position\":2,\"name\":\"Massimiliano Caiazzo assente a Mare Fuori&#8230; ma perch\u00e9?\"}]},{\"@type\":\"WebSite\",\"@id\":\"https:\\\/\\\/icarojournal.com\\\/#website\",\"url\":\"https:\\\/\\\/icarojournal.com\\\/\",\"name\":\"Icaro Journal\",\"description\":\"Dalla cucina ai viaggi alle storie di vita\",\"publisher\":{\"@id\":\"https:\\\/\\\/icarojournal.com\\\/#organization\"},\"potentialAction\":[{\"@type\":\"SearchAction\",\"target\":{\"@type\":\"EntryPoint\",\"urlTemplate\":\"https:\\\/\\\/icarojournal.com\\\/?s={search_term_string}\"},\"query-input\":{\"@type\":\"PropertyValueSpecification\",\"valueRequired\":true,\"valueName\":\"search_term_string\"}}],\"inLanguage\":\"it-IT\"},{\"@type\":\"Organization\",\"@id\":\"https:\\\/\\\/icarojournal.com\\\/#organization\",\"name\":\"Icaro Journal\",\"url\":\"https:\\\/\\\/icarojournal.com\\\/\",\"logo\":{\"@type\":\"ImageObject\",\"inLanguage\":\"it-IT\",\"@id\":\"https:\\\/\\\/icarojournal.com\\\/#\\\/schema\\\/logo\\\/image\\\/\",\"url\":\"https:\\\/\\\/icarojournal.com\\\/wp-content\\\/uploads\\\/2024\\\/09\\\/cropped-logo.png\",\"contentUrl\":\"https:\\\/\\\/icarojournal.com\\\/wp-content\\\/uploads\\\/2024\\\/09\\\/cropped-logo.png\",\"width\":249,\"height\":112,\"caption\":\"Icaro Journal\"},\"image\":{\"@id\":\"https:\\\/\\\/icarojournal.com\\\/#\\\/schema\\\/logo\\\/image\\\/\"},\"sameAs\":[\"https:\\\/\\\/www.instagram.com\\\/icarojournal\\\/\"]},{\"@type\":\"Person\",\"@id\":\"https:\\\/\\\/icarojournal.com\\\/#\\\/schema\\\/person\\\/50728028a3703bea504b6347d37b5f99\",\"name\":\"Francesca Guglielmino\",\"image\":{\"@type\":\"ImageObject\",\"inLanguage\":\"it-IT\",\"@id\":\"https:\\\/\\\/secure.gravatar.com\\\/avatar\\\/33a9fb184e61458c03502f25a25c41fb4a67a826d476085532fe929fa0faac68?s=96&d=mm&r=g\",\"url\":\"https:\\\/\\\/secure.gravatar.com\\\/avatar\\\/33a9fb184e61458c03502f25a25c41fb4a67a826d476085532fe929fa0faac68?s=96&d=mm&r=g\",\"contentUrl\":\"https:\\\/\\\/secure.gravatar.com\\\/avatar\\\/33a9fb184e61458c03502f25a25c41fb4a67a826d476085532fe929fa0faac68?s=96&d=mm&r=g\",\"caption\":\"Francesca Guglielmino\"},\"sameAs\":[\"http:\\\/\\\/@francesca_guglielmino90\"],\"url\":\"https:\\\/\\\/icarojournal.com\\\/index.php\\\/author\\\/francesca-guglielmino\\\/\"}]}<\/script>\n<!-- \/ Yoast SEO plugin. -->","yoast_head_json":{"title":"Massimiliano Caiazzo assente a Mare Fuori... ma perch\u00e9? - Icaro Journal","robots":{"index":"index","follow":"follow","max-snippet":"max-snippet:-1","max-image-preview":"max-image-preview:large","max-video-preview":"max-video-preview:-1"},"canonical":"https:\/\/icarojournal.com\/index.php\/2026\/03\/14\/massimiliano-caiazzo-assente-a-mare-fuori-ma-perche\/","og_locale":"it_IT","og_type":"article","og_title":"Massimiliano Caiazzo assente a Mare Fuori... ma perch\u00e9? - Icaro Journal","og_description":"Ancora una volta si torna a parlare di Mare Fuori e questa volta per un dettaglio che non \u00e8 passato inosservato e che riguarda proprio il finale. Attenzione, cari lettori: allerta spoiler! Questo \u00e8 uno di quegli articoli che puoi leggere solo nel momento in cui sei pienamente consapevole del fatto che ti verr\u00e0 rivelato [&hellip;]","og_url":"https:\/\/icarojournal.com\/index.php\/2026\/03\/14\/massimiliano-caiazzo-assente-a-mare-fuori-ma-perche\/","og_site_name":"Icaro Journal","article_published_time":"2026-03-14T19:30:47+00:00","og_image":[{"width":1200,"height":800,"url":"https:\/\/icarojournal.com\/wp-content\/uploads\/2026\/03\/Perche-Carmine-non-era-nel-finale-di-Mare-Fuori-20260314-IcaroJournal.jpg","type":"image\/jpeg"}],"author":"Francesca Guglielmino","twitter_card":"summary_large_image","twitter_misc":{"Scritto da":"Francesca Guglielmino","Tempo di lettura stimato":"5 minuti"},"schema":{"@context":"https:\/\/schema.org","@graph":[{"@type":"Article","@id":"https:\/\/icarojournal.com\/index.php\/2026\/03\/14\/massimiliano-caiazzo-assente-a-mare-fuori-ma-perche\/#article","isPartOf":{"@id":"https:\/\/icarojournal.com\/index.php\/2026\/03\/14\/massimiliano-caiazzo-assente-a-mare-fuori-ma-perche\/"},"author":{"name":"Francesca Guglielmino","@id":"https:\/\/icarojournal.com\/#\/schema\/person\/50728028a3703bea504b6347d37b5f99"},"headline":"Massimiliano Caiazzo assente a Mare Fuori&#8230; ma perch\u00e9?","datePublished":"2026-03-14T19:30:47+00:00","mainEntityOfPage":{"@id":"https:\/\/icarojournal.com\/index.php\/2026\/03\/14\/massimiliano-caiazzo-assente-a-mare-fuori-ma-perche\/"},"wordCount":807,"commentCount":0,"publisher":{"@id":"https:\/\/icarojournal.com\/#organization"},"image":{"@id":"https:\/\/icarojournal.com\/index.php\/2026\/03\/14\/massimiliano-caiazzo-assente-a-mare-fuori-ma-perche\/#primaryimage"},"thumbnailUrl":"https:\/\/icarojournal.com\/wp-content\/uploads\/2026\/03\/Perche-Carmine-non-era-nel-finale-di-Mare-Fuori-20260314-IcaroJournal.jpg","keywords":["Mare Fuori","Mare Fuori news","Mare Fuori serie","Maria Esposito","Massimiliano Caiazzo","Rosa e Carmine","Rosa Ricci"],"articleSection":["Gossip"],"inLanguage":"it-IT","potentialAction":[{"@type":"CommentAction","name":"Comment","target":["https:\/\/icarojournal.com\/index.php\/2026\/03\/14\/massimiliano-caiazzo-assente-a-mare-fuori-ma-perche\/#respond"]}]},{"@type":"WebPage","@id":"https:\/\/icarojournal.com\/index.php\/2026\/03\/14\/massimiliano-caiazzo-assente-a-mare-fuori-ma-perche\/","url":"https:\/\/icarojournal.com\/index.php\/2026\/03\/14\/massimiliano-caiazzo-assente-a-mare-fuori-ma-perche\/","name":"Massimiliano Caiazzo assente a Mare Fuori... ma perch\u00e9? - Icaro Journal","isPartOf":{"@id":"https:\/\/icarojournal.com\/#website"},"primaryImageOfPage":{"@id":"https:\/\/icarojournal.com\/index.php\/2026\/03\/14\/massimiliano-caiazzo-assente-a-mare-fuori-ma-perche\/#primaryimage"},"image":{"@id":"https:\/\/icarojournal.com\/index.php\/2026\/03\/14\/massimiliano-caiazzo-assente-a-mare-fuori-ma-perche\/#primaryimage"},"thumbnailUrl":"https:\/\/icarojournal.com\/wp-content\/uploads\/2026\/03\/Perche-Carmine-non-era-nel-finale-di-Mare-Fuori-20260314-IcaroJournal.jpg","datePublished":"2026-03-14T19:30:47+00:00","breadcrumb":{"@id":"https:\/\/icarojournal.com\/index.php\/2026\/03\/14\/massimiliano-caiazzo-assente-a-mare-fuori-ma-perche\/#breadcrumb"},"inLanguage":"it-IT","potentialAction":[{"@type":"ReadAction","target":["https:\/\/icarojournal.com\/index.php\/2026\/03\/14\/massimiliano-caiazzo-assente-a-mare-fuori-ma-perche\/"]}]},{"@type":"ImageObject","inLanguage":"it-IT","@id":"https:\/\/icarojournal.com\/index.php\/2026\/03\/14\/massimiliano-caiazzo-assente-a-mare-fuori-ma-perche\/#primaryimage","url":"https:\/\/icarojournal.com\/wp-content\/uploads\/2026\/03\/Perche-Carmine-non-era-nel-finale-di-Mare-Fuori-20260314-IcaroJournal.jpg","contentUrl":"https:\/\/icarojournal.com\/wp-content\/uploads\/2026\/03\/Perche-Carmine-non-era-nel-finale-di-Mare-Fuori-20260314-IcaroJournal.jpg","width":1200,"height":800,"caption":"Perche\u0301 Carmine non era nel finale di Mare Fuori - IcaroJournal"},{"@type":"BreadcrumbList","@id":"https:\/\/icarojournal.com\/index.php\/2026\/03\/14\/massimiliano-caiazzo-assente-a-mare-fuori-ma-perche\/#breadcrumb","itemListElement":[{"@type":"ListItem","position":1,"name":"Home","item":"https:\/\/icarojournal.com\/"},{"@type":"ListItem","position":2,"name":"Massimiliano Caiazzo assente a Mare Fuori&#8230; ma perch\u00e9?"}]},{"@type":"WebSite","@id":"https:\/\/icarojournal.com\/#website","url":"https:\/\/icarojournal.com\/","name":"Icaro Journal","description":"Dalla cucina ai viaggi alle storie di vita","publisher":{"@id":"https:\/\/icarojournal.com\/#organization"},"potentialAction":[{"@type":"SearchAction","target":{"@type":"EntryPoint","urlTemplate":"https:\/\/icarojournal.com\/?s={search_term_string}"},"query-input":{"@type":"PropertyValueSpecification","valueRequired":true,"valueName":"search_term_string"}}],"inLanguage":"it-IT"},{"@type":"Organization","@id":"https:\/\/icarojournal.com\/#organization","name":"Icaro Journal","url":"https:\/\/icarojournal.com\/","logo":{"@type":"ImageObject","inLanguage":"it-IT","@id":"https:\/\/icarojournal.com\/#\/schema\/logo\/image\/","url":"https:\/\/icarojournal.com\/wp-content\/uploads\/2024\/09\/cropped-logo.png","contentUrl":"https:\/\/icarojournal.com\/wp-content\/uploads\/2024\/09\/cropped-logo.png","width":249,"height":112,"caption":"Icaro Journal"},"image":{"@id":"https:\/\/icarojournal.com\/#\/schema\/logo\/image\/"},"sameAs":["https:\/\/www.instagram.com\/icarojournal\/"]},{"@type":"Person","@id":"https:\/\/icarojournal.com\/#\/schema\/person\/50728028a3703bea504b6347d37b5f99","name":"Francesca Guglielmino","image":{"@type":"ImageObject","inLanguage":"it-IT","@id":"https:\/\/secure.gravatar.com\/avatar\/33a9fb184e61458c03502f25a25c41fb4a67a826d476085532fe929fa0faac68?s=96&d=mm&r=g","url":"https:\/\/secure.gravatar.com\/avatar\/33a9fb184e61458c03502f25a25c41fb4a67a826d476085532fe929fa0faac68?s=96&d=mm&r=g","contentUrl":"https:\/\/secure.gravatar.com\/avatar\/33a9fb184e61458c03502f25a25c41fb4a67a826d476085532fe929fa0faac68?s=96&d=mm&r=g","caption":"Francesca Guglielmino"},"sameAs":["http:\/\/@francesca_guglielmino90"],"url":"https:\/\/icarojournal.com\/index.php\/author\/francesca-guglielmino\/"}]}},"_links":{"self":[{"href":"https:\/\/icarojournal.com\/index.php\/wp-json\/wp\/v2\/posts\/6837","targetHints":{"allow":["GET"]}}],"collection":[{"href":"https:\/\/icarojournal.com\/index.php\/wp-json\/wp\/v2\/posts"}],"about":[{"href":"https:\/\/icarojournal.com\/index.php\/wp-json\/wp\/v2\/types\/post"}],"author":[{"embeddable":true,"href":"https:\/\/icarojournal.com\/index.php\/wp-json\/wp\/v2\/users\/2"}],"replies":[{"embeddable":true,"href":"https:\/\/icarojournal.com\/index.php\/wp-json\/wp\/v2\/comments?post=6837"}],"version-history":[{"count":1,"href":"https:\/\/icarojournal.com\/index.php\/wp-json\/wp\/v2\/posts\/6837\/revisions"}],"predecessor-version":[{"id":6849,"href":"https:\/\/icarojournal.com\/index.php\/wp-json\/wp\/v2\/posts\/6837\/revisions\/6849"}],"wp:featuredmedia":[{"embeddable":true,"href":"https:\/\/icarojournal.com\/index.php\/wp-json\/wp\/v2\/media\/6847"}],"wp:attachment":[{"href":"https:\/\/icarojournal.com\/index.php\/wp-json\/wp\/v2\/media?parent=6837"}],"wp:term":[{"taxonomy":"category","embeddable":true,"href":"https:\/\/icarojournal.com\/index.php\/wp-json\/wp\/v2\/categories?post=6837"},{"taxonomy":"post_tag","embeddable":true,"href":"https:\/\/icarojournal.com\/index.php\/wp-json\/wp\/v2\/tags?post=6837"}],"curies":[{"name":"wp","href":"https:\/\/api.w.org\/{rel}","templated":true}]}}