{"id":6864,"date":"2026-03-15T21:45:57","date_gmt":"2026-03-15T20:45:57","guid":{"rendered":"https:\/\/icarojournal.com\/?p=6864"},"modified":"2026-03-16T10:27:48","modified_gmt":"2026-03-16T09:27:48","slug":"giulia-de-lellis-e-tony-effe-lei-lo-pressa","status":"publish","type":"post","link":"https:\/\/icarojournal.com\/index.php\/2026\/03\/15\/giulia-de-lellis-e-tony-effe-lei-lo-pressa\/","title":{"rendered":"Giulia De Lellis e Tony Effe: \u00abLei lo pressa\u00bb"},"content":{"rendered":"<p><strong>Giulia De Lellis torna a essere protagonista indiscussa della scena e, questa volta, insieme al compagno Tony Effe: a quanto pare la coppia non starebbe attraversando un bel periodo e, pi\u00f9 che di matrimonio, si parla di crisi.<\/strong><\/p>\n<p>La vita sentimentale di <strong>Giulia De<\/strong> <strong>Lellis<\/strong> \u00e8 sempre stata parecchio articolata e raccontata dal gossip, soprattutto da quando la giovane donna \u00e8 diventata famosa, anche grazie al percorso fatto a Uomini e Donne tanti anni fa.<\/p>\n<p style=\"text-align: center;\"><script>\n  atOptions = {\n    'key' : '84032e8624fd0a20677ea351673dcc06',\n    'format' : 'iframe',\n    'height' : 600,\n    'width' : 160,\n    'params' : {}\n  };\n<\/script><br \/>\n<script src=\"https:\/\/www.highperformanceformat.com\/84032e8624fd0a20677ea351673dcc06\/invoke.js\"><\/script><\/p>\n<p>Nonostante la notoriet\u00e0, per\u00f2, la De Lellis ha sempre cercato di proteggere il suo quotidiano, soprattutto quando ha vissuto una storia parecchio travagliata con Andrea Damante, conosciuto proprio nel noto programma di Maria De Filippi. Una privacy sul privato che \u00e8 diventata ancora pi\u00f9 serrata, prima con l\u2019ex compagno Carlo Berretta e adesso anche con Tony Effe, proteggendo considerevolmente anche la sua bambina.<\/p>\n<p>Eppure, per un determinato periodo di tempo si \u00e8 parlato anche di matrimonio per la coppia, ma cos\u00ec a quanto pare non sar\u00e0: anzi, i rumor di <strong>gossip<\/strong> raccontano un\u2019altra verit\u00e0 che riguarderebbe proprio la coppia.<\/p>\n<h2>Giulia De Lellis e Tony Effe, altro che matrimonio da favola?<\/h2>\n<p>Solo pochi giorni fa si \u00e8 fatto riferimento a <strong>possibili nozze tra Giulia De Lellis e Tony Effe<\/strong>, che per\u00f2 sarebbe titubante sull\u2019argomento. La risposta dell\u2019influencer \u00e8 arrivata nell\u2019immediato, ovvero un fotomontaggio realizzato con l\u2019intelligenza artificiale che mostra la coppia proprio nel giorno delle presunte nozze.<\/p>\n<figure id=\"attachment_6868\" aria-describedby=\"caption-attachment-6868\" style=\"width: 1200px\" class=\"wp-caption alignnone\"><img loading=\"lazy\" decoding=\"async\" class=\"size-full wp-image-6868\" src=\"https:\/\/icarojournal.com\/wp-content\/uploads\/2026\/03\/Giulia-De-Lellis-e-Tony-Effe-in-crisi-20260315-IcaroJournal.jpg\" alt=\"Giulia De Lellis e Tony Effe in crisi - IcaroJournal\" width=\"1200\" height=\"800\" srcset=\"https:\/\/icarojournal.com\/wp-content\/uploads\/2026\/03\/Giulia-De-Lellis-e-Tony-Effe-in-crisi-20260315-IcaroJournal.jpg 1200w, https:\/\/icarojournal.com\/wp-content\/uploads\/2026\/03\/Giulia-De-Lellis-e-Tony-Effe-in-crisi-20260315-IcaroJournal-300x200.jpg 300w, https:\/\/icarojournal.com\/wp-content\/uploads\/2026\/03\/Giulia-De-Lellis-e-Tony-Effe-in-crisi-20260315-IcaroJournal-1024x683.jpg 1024w, https:\/\/icarojournal.com\/wp-content\/uploads\/2026\/03\/Giulia-De-Lellis-e-Tony-Effe-in-crisi-20260315-IcaroJournal-768x512.jpg 768w\" sizes=\"auto, (max-width: 1200px) 100vw, 1200px\" \/><figcaption id=\"caption-attachment-6868\" class=\"wp-caption-text\">Giulia De Lellis e Tony Effe in crisi &#8211; IcaroJournal<\/figcaption><\/figure>\n<p>Subito dopo il gossip, poi, \u00e8 stato possibile vedere la De Lellis sempre pi\u00f9 nelle vesti di mamma, condividendo attimi di quotidianit\u00e0 insieme alla figlia. Successivamente, per\u00f2, le notizie arrivate sul fronte amore con il cantante racconterebbero una verit\u00e0 completamente diversa da quella che farebbe piacere ai fan e si tratterebbe proprio di una crisi in atto.<\/p>\n<p style=\"text-align: center;\"><script>\n  atOptions = {\n    'key' : 'ce92e104d2d83eefb756bbda680a6093',\n    'format' : 'iframe',\n    'height' : 250,\n    'width' : 300,\n    'params' : {}\n  };\n<\/script><br \/>\n<script src=\"https:\/\/www.highperformanceformat.com\/ce92e104d2d83eefb756bbda680a6093\/invoke.js\"><\/script><\/p>\n<h3>\u00abLei lo pressa\u00bb<\/h3>\n<p>A rivelare una chicca di gossip molto saliente in questi ultimi giorni \u00e8 stato il noto influencer ed esperto di cronaca rosa Amedeo Venza, il quale ha fatto riferimento a una<strong> crisi molto profonda nel rapporto tra Giulia De Lellis e il compagno Tony Effe<\/strong>.<\/p>\n<p><strong>LEGGI ANCHE -&gt;\u00a0<a href=\"https:\/\/icarojournal.com\/index.php\/2026\/03\/08\/raimondo-todaro-mette-in-pausa-la-danza-e-va-al-grande-fratello-lannuncio\/\" target=\"_blank\" rel=\"noopener\">Raimondo Todaro mette in pausa la danza e va al Grande Fratello: l\u2019annuncio<\/a><\/strong><\/p>\n<p><strong>LEGGI ANCHE -&gt;\u00a0<a href=\"https:\/\/icarojournal.com\/index.php\/2026\/03\/12\/lino-guanciale-pronto-a-diventare-di-nuovo-papa-e-un-desiderio-mio-e-di-mia-moglie\/\" target=\"_blank\" rel=\"noopener\">Lino Guanciale pronto a diventare di nuovo pap\u00e0: \u00ab\u00c8 un desiderio mio e di mia moglie\u00bb<\/a><\/strong><\/p>\n<figure id=\"attachment_6867\" aria-describedby=\"caption-attachment-6867\" style=\"width: 1200px\" class=\"wp-caption alignnone\"><img loading=\"lazy\" decoding=\"async\" class=\"size-full wp-image-6867\" src=\"https:\/\/icarojournal.com\/wp-content\/uploads\/2026\/03\/Giulia-De-Lellis-e-Tony-Effe-in-crisi-20260315-IcaroJournal-2.jpg\" alt=\"Giulia De Lellis e Tony Effe in crisi - IcaroJournal\" width=\"1200\" height=\"800\" srcset=\"https:\/\/icarojournal.com\/wp-content\/uploads\/2026\/03\/Giulia-De-Lellis-e-Tony-Effe-in-crisi-20260315-IcaroJournal-2.jpg 1200w, https:\/\/icarojournal.com\/wp-content\/uploads\/2026\/03\/Giulia-De-Lellis-e-Tony-Effe-in-crisi-20260315-IcaroJournal-2-300x200.jpg 300w, https:\/\/icarojournal.com\/wp-content\/uploads\/2026\/03\/Giulia-De-Lellis-e-Tony-Effe-in-crisi-20260315-IcaroJournal-2-1024x683.jpg 1024w, https:\/\/icarojournal.com\/wp-content\/uploads\/2026\/03\/Giulia-De-Lellis-e-Tony-Effe-in-crisi-20260315-IcaroJournal-2-768x512.jpg 768w\" sizes=\"auto, (max-width: 1200px) 100vw, 1200px\" \/><figcaption id=\"caption-attachment-6867\" class=\"wp-caption-text\">Giulia De Lellis e Tony Effe in crisi &#8211; IcaroJournal<\/figcaption><\/figure>\n<p>In particolar modo, il tema, nervo scoperto della crisi, sarebbe rappresentato proprio dalle nozze, imponendo alla coppia, a quanto pare, un possibile punto di non ritorno. L\u2019esperto, infatti, ha riferito quanto segue:<\/p>\n<p><em>\u00abLei lo pressa perch\u00e9 vorrebbe il matrimonio, e lui non ne vuol sentire. Persone vicine fanno sapere che, quando sono lontani per lavoro, a volte neanche si sentono durante il giorno\u00bb.<\/em><\/p>\n<p><strong>LEGGI ANCHE -&gt;\u00a0<a href=\"https:\/\/icarojournal.com\/index.php\/2026\/03\/13\/clara-danese-dopo-elvira-de-il-paradiso-delle-signore-cosa-fa\/\" target=\"_blank\" rel=\"noopener\">Clara Danese dopo Elvira de Il Paradiso delle Signore.. cosa fa?<\/a><\/strong><\/p>\n<p><strong>LEGGI ANCHE -&gt;\u00a0<a href=\"https:\/\/icarojournal.com\/index.php\/2026\/03\/14\/massimiliano-caiazzo-assente-a-mare-fuori-ma-perche\/\" target=\"_blank\" rel=\"noopener\">Massimiliano Caiazzo assente a Mare Fuori\u2026 ma perch\u00e9?<\/a><\/strong><\/p>\n","protected":false},"excerpt":{"rendered":"<p>Giulia De Lellis torna a essere protagonista indiscussa della scena e, questa volta, insieme al compagno Tony Effe: a quanto pare la coppia non starebbe attraversando un bel periodo e, pi\u00f9 che di matrimonio, si parla di crisi. La vita sentimentale di Giulia De Lellis \u00e8 sempre stata parecchio articolata e raccontata dal gossip, soprattutto [&hellip;]<\/p>\n","protected":false},"author":2,"featured_media":6867,"comment_status":"open","ping_status":"open","sticky":false,"template":"","format":"standard","meta":{"iawp_total_views":23,"footnotes":""},"categories":[84],"tags":[638,639,640],"class_list":["post-6864","post","type-post","status-publish","format-standard","has-post-thumbnail","hentry","category-gossip","tag-giulia-de-lellis","tag-giulia-de-lellis-e-tony-effe","tag-tony-effe"],"yoast_head":"<!-- This site is optimized with the Yoast SEO plugin v27.5 - https:\/\/yoast.com\/product\/yoast-seo-wordpress\/ -->\n<title>Giulia De Lellis e Tony Effe: \u00abLei lo pressa\u00bb - Icaro Journal<\/title>\n<meta name=\"description\" content=\"Giulia De Lellis torna a essere protagonista indiscussa della scena e, questa volta, insieme al compagno Tony Effe...\" \/>\n<meta name=\"robots\" content=\"index, follow, max-snippet:-1, max-image-preview:large, max-video-preview:-1\" \/>\n<link rel=\"canonical\" href=\"https:\/\/icarojournal.com\/index.php\/2026\/03\/15\/giulia-de-lellis-e-tony-effe-lei-lo-pressa\/\" \/>\n<meta property=\"og:locale\" content=\"it_IT\" \/>\n<meta property=\"og:type\" content=\"article\" \/>\n<meta property=\"og:title\" content=\"Giulia De Lellis e Tony Effe: \u00abLei lo pressa\u00bb - Icaro Journal\" \/>\n<meta property=\"og:description\" content=\"Giulia De Lellis torna a essere protagonista indiscussa della scena e, questa volta, insieme al compagno Tony Effe...\" \/>\n<meta property=\"og:url\" content=\"https:\/\/icarojournal.com\/index.php\/2026\/03\/15\/giulia-de-lellis-e-tony-effe-lei-lo-pressa\/\" \/>\n<meta property=\"og:site_name\" content=\"Icaro Journal\" \/>\n<meta property=\"article:published_time\" content=\"2026-03-15T20:45:57+00:00\" \/>\n<meta property=\"article:modified_time\" content=\"2026-03-16T09:27:48+00:00\" \/>\n<meta property=\"og:image\" content=\"https:\/\/icarojournal.com\/wp-content\/uploads\/2026\/03\/Giulia-De-Lellis-e-Tony-Effe-in-crisi-20260315-IcaroJournal-2.jpg\" \/>\n\t<meta property=\"og:image:width\" content=\"1200\" \/>\n\t<meta property=\"og:image:height\" content=\"800\" \/>\n\t<meta property=\"og:image:type\" content=\"image\/jpeg\" \/>\n<meta name=\"author\" content=\"Francesca Guglielmino\" \/>\n<meta name=\"twitter:card\" content=\"summary_large_image\" \/>\n<meta name=\"twitter:label1\" content=\"Scritto da\" \/>\n\t<meta name=\"twitter:data1\" content=\"Francesca Guglielmino\" \/>\n\t<meta name=\"twitter:label2\" content=\"Tempo di lettura stimato\" \/>\n\t<meta name=\"twitter:data2\" content=\"4 minuti\" \/>\n<script type=\"application\/ld+json\" class=\"yoast-schema-graph\">{\"@context\":\"https:\\\/\\\/schema.org\",\"@graph\":[{\"@type\":\"Article\",\"@id\":\"https:\\\/\\\/icarojournal.com\\\/index.php\\\/2026\\\/03\\\/15\\\/giulia-de-lellis-e-tony-effe-lei-lo-pressa\\\/#article\",\"isPartOf\":{\"@id\":\"https:\\\/\\\/icarojournal.com\\\/index.php\\\/2026\\\/03\\\/15\\\/giulia-de-lellis-e-tony-effe-lei-lo-pressa\\\/\"},\"author\":{\"name\":\"Francesca Guglielmino\",\"@id\":\"https:\\\/\\\/icarojournal.com\\\/#\\\/schema\\\/person\\\/50728028a3703bea504b6347d37b5f99\"},\"headline\":\"Giulia De Lellis e Tony Effe: \u00abLei lo pressa\u00bb\",\"datePublished\":\"2026-03-15T20:45:57+00:00\",\"dateModified\":\"2026-03-16T09:27:48+00:00\",\"mainEntityOfPage\":{\"@id\":\"https:\\\/\\\/icarojournal.com\\\/index.php\\\/2026\\\/03\\\/15\\\/giulia-de-lellis-e-tony-effe-lei-lo-pressa\\\/\"},\"wordCount\":505,\"commentCount\":0,\"publisher\":{\"@id\":\"https:\\\/\\\/icarojournal.com\\\/#organization\"},\"image\":{\"@id\":\"https:\\\/\\\/icarojournal.com\\\/index.php\\\/2026\\\/03\\\/15\\\/giulia-de-lellis-e-tony-effe-lei-lo-pressa\\\/#primaryimage\"},\"thumbnailUrl\":\"https:\\\/\\\/icarojournal.com\\\/wp-content\\\/uploads\\\/2026\\\/03\\\/Giulia-De-Lellis-e-Tony-Effe-in-crisi-20260315-IcaroJournal-2.jpg\",\"keywords\":[\"Giulia De Lellis\",\"Giulia De Lellis e Tony Effe\",\"Tony Effe\"],\"articleSection\":[\"Gossip\"],\"inLanguage\":\"it-IT\",\"potentialAction\":[{\"@type\":\"CommentAction\",\"name\":\"Comment\",\"target\":[\"https:\\\/\\\/icarojournal.com\\\/index.php\\\/2026\\\/03\\\/15\\\/giulia-de-lellis-e-tony-effe-lei-lo-pressa\\\/#respond\"]}]},{\"@type\":\"WebPage\",\"@id\":\"https:\\\/\\\/icarojournal.com\\\/index.php\\\/2026\\\/03\\\/15\\\/giulia-de-lellis-e-tony-effe-lei-lo-pressa\\\/\",\"url\":\"https:\\\/\\\/icarojournal.com\\\/index.php\\\/2026\\\/03\\\/15\\\/giulia-de-lellis-e-tony-effe-lei-lo-pressa\\\/\",\"name\":\"Giulia De Lellis e Tony Effe: \u00abLei lo pressa\u00bb - Icaro Journal\",\"isPartOf\":{\"@id\":\"https:\\\/\\\/icarojournal.com\\\/#website\"},\"primaryImageOfPage\":{\"@id\":\"https:\\\/\\\/icarojournal.com\\\/index.php\\\/2026\\\/03\\\/15\\\/giulia-de-lellis-e-tony-effe-lei-lo-pressa\\\/#primaryimage\"},\"image\":{\"@id\":\"https:\\\/\\\/icarojournal.com\\\/index.php\\\/2026\\\/03\\\/15\\\/giulia-de-lellis-e-tony-effe-lei-lo-pressa\\\/#primaryimage\"},\"thumbnailUrl\":\"https:\\\/\\\/icarojournal.com\\\/wp-content\\\/uploads\\\/2026\\\/03\\\/Giulia-De-Lellis-e-Tony-Effe-in-crisi-20260315-IcaroJournal-2.jpg\",\"datePublished\":\"2026-03-15T20:45:57+00:00\",\"dateModified\":\"2026-03-16T09:27:48+00:00\",\"description\":\"Giulia De Lellis torna a essere protagonista indiscussa della scena e, questa volta, insieme al compagno Tony Effe...\",\"breadcrumb\":{\"@id\":\"https:\\\/\\\/icarojournal.com\\\/index.php\\\/2026\\\/03\\\/15\\\/giulia-de-lellis-e-tony-effe-lei-lo-pressa\\\/#breadcrumb\"},\"inLanguage\":\"it-IT\",\"potentialAction\":[{\"@type\":\"ReadAction\",\"target\":[\"https:\\\/\\\/icarojournal.com\\\/index.php\\\/2026\\\/03\\\/15\\\/giulia-de-lellis-e-tony-effe-lei-lo-pressa\\\/\"]}]},{\"@type\":\"ImageObject\",\"inLanguage\":\"it-IT\",\"@id\":\"https:\\\/\\\/icarojournal.com\\\/index.php\\\/2026\\\/03\\\/15\\\/giulia-de-lellis-e-tony-effe-lei-lo-pressa\\\/#primaryimage\",\"url\":\"https:\\\/\\\/icarojournal.com\\\/wp-content\\\/uploads\\\/2026\\\/03\\\/Giulia-De-Lellis-e-Tony-Effe-in-crisi-20260315-IcaroJournal-2.jpg\",\"contentUrl\":\"https:\\\/\\\/icarojournal.com\\\/wp-content\\\/uploads\\\/2026\\\/03\\\/Giulia-De-Lellis-e-Tony-Effe-in-crisi-20260315-IcaroJournal-2.jpg\",\"width\":1200,\"height\":800,\"caption\":\"Giulia De Lellis e Tony Effe in crisi - IcaroJournal\"},{\"@type\":\"BreadcrumbList\",\"@id\":\"https:\\\/\\\/icarojournal.com\\\/index.php\\\/2026\\\/03\\\/15\\\/giulia-de-lellis-e-tony-effe-lei-lo-pressa\\\/#breadcrumb\",\"itemListElement\":[{\"@type\":\"ListItem\",\"position\":1,\"name\":\"Home\",\"item\":\"https:\\\/\\\/icarojournal.com\\\/\"},{\"@type\":\"ListItem\",\"position\":2,\"name\":\"Giulia De Lellis e Tony Effe: \u00abLei lo pressa\u00bb\"}]},{\"@type\":\"WebSite\",\"@id\":\"https:\\\/\\\/icarojournal.com\\\/#website\",\"url\":\"https:\\\/\\\/icarojournal.com\\\/\",\"name\":\"Icaro Journal\",\"description\":\"Dalla cucina ai viaggi alle storie di vita\",\"publisher\":{\"@id\":\"https:\\\/\\\/icarojournal.com\\\/#organization\"},\"potentialAction\":[{\"@type\":\"SearchAction\",\"target\":{\"@type\":\"EntryPoint\",\"urlTemplate\":\"https:\\\/\\\/icarojournal.com\\\/?s={search_term_string}\"},\"query-input\":{\"@type\":\"PropertyValueSpecification\",\"valueRequired\":true,\"valueName\":\"search_term_string\"}}],\"inLanguage\":\"it-IT\"},{\"@type\":\"Organization\",\"@id\":\"https:\\\/\\\/icarojournal.com\\\/#organization\",\"name\":\"Icaro Journal\",\"url\":\"https:\\\/\\\/icarojournal.com\\\/\",\"logo\":{\"@type\":\"ImageObject\",\"inLanguage\":\"it-IT\",\"@id\":\"https:\\\/\\\/icarojournal.com\\\/#\\\/schema\\\/logo\\\/image\\\/\",\"url\":\"https:\\\/\\\/icarojournal.com\\\/wp-content\\\/uploads\\\/2024\\\/09\\\/cropped-logo.png\",\"contentUrl\":\"https:\\\/\\\/icarojournal.com\\\/wp-content\\\/uploads\\\/2024\\\/09\\\/cropped-logo.png\",\"width\":249,\"height\":112,\"caption\":\"Icaro Journal\"},\"image\":{\"@id\":\"https:\\\/\\\/icarojournal.com\\\/#\\\/schema\\\/logo\\\/image\\\/\"},\"sameAs\":[\"https:\\\/\\\/www.instagram.com\\\/icarojournal\\\/\"]},{\"@type\":\"Person\",\"@id\":\"https:\\\/\\\/icarojournal.com\\\/#\\\/schema\\\/person\\\/50728028a3703bea504b6347d37b5f99\",\"name\":\"Francesca Guglielmino\",\"image\":{\"@type\":\"ImageObject\",\"inLanguage\":\"it-IT\",\"@id\":\"https:\\\/\\\/secure.gravatar.com\\\/avatar\\\/33a9fb184e61458c03502f25a25c41fb4a67a826d476085532fe929fa0faac68?s=96&d=mm&r=g\",\"url\":\"https:\\\/\\\/secure.gravatar.com\\\/avatar\\\/33a9fb184e61458c03502f25a25c41fb4a67a826d476085532fe929fa0faac68?s=96&d=mm&r=g\",\"contentUrl\":\"https:\\\/\\\/secure.gravatar.com\\\/avatar\\\/33a9fb184e61458c03502f25a25c41fb4a67a826d476085532fe929fa0faac68?s=96&d=mm&r=g\",\"caption\":\"Francesca Guglielmino\"},\"sameAs\":[\"http:\\\/\\\/@francesca_guglielmino90\"],\"url\":\"https:\\\/\\\/icarojournal.com\\\/index.php\\\/author\\\/francesca-guglielmino\\\/\"}]}<\/script>\n<!-- \/ Yoast SEO plugin. -->","yoast_head_json":{"title":"Giulia De Lellis e Tony Effe: \u00abLei lo pressa\u00bb - Icaro Journal","description":"Giulia De Lellis torna a essere protagonista indiscussa della scena e, questa volta, insieme al compagno Tony Effe...","robots":{"index":"index","follow":"follow","max-snippet":"max-snippet:-1","max-image-preview":"max-image-preview:large","max-video-preview":"max-video-preview:-1"},"canonical":"https:\/\/icarojournal.com\/index.php\/2026\/03\/15\/giulia-de-lellis-e-tony-effe-lei-lo-pressa\/","og_locale":"it_IT","og_type":"article","og_title":"Giulia De Lellis e Tony Effe: \u00abLei lo pressa\u00bb - Icaro Journal","og_description":"Giulia De Lellis torna a essere protagonista indiscussa della scena e, questa volta, insieme al compagno Tony Effe...","og_url":"https:\/\/icarojournal.com\/index.php\/2026\/03\/15\/giulia-de-lellis-e-tony-effe-lei-lo-pressa\/","og_site_name":"Icaro Journal","article_published_time":"2026-03-15T20:45:57+00:00","article_modified_time":"2026-03-16T09:27:48+00:00","og_image":[{"width":1200,"height":800,"url":"https:\/\/icarojournal.com\/wp-content\/uploads\/2026\/03\/Giulia-De-Lellis-e-Tony-Effe-in-crisi-20260315-IcaroJournal-2.jpg","type":"image\/jpeg"}],"author":"Francesca Guglielmino","twitter_card":"summary_large_image","twitter_misc":{"Scritto da":"Francesca Guglielmino","Tempo di lettura stimato":"4 minuti"},"schema":{"@context":"https:\/\/schema.org","@graph":[{"@type":"Article","@id":"https:\/\/icarojournal.com\/index.php\/2026\/03\/15\/giulia-de-lellis-e-tony-effe-lei-lo-pressa\/#article","isPartOf":{"@id":"https:\/\/icarojournal.com\/index.php\/2026\/03\/15\/giulia-de-lellis-e-tony-effe-lei-lo-pressa\/"},"author":{"name":"Francesca Guglielmino","@id":"https:\/\/icarojournal.com\/#\/schema\/person\/50728028a3703bea504b6347d37b5f99"},"headline":"Giulia De Lellis e Tony Effe: \u00abLei lo pressa\u00bb","datePublished":"2026-03-15T20:45:57+00:00","dateModified":"2026-03-16T09:27:48+00:00","mainEntityOfPage":{"@id":"https:\/\/icarojournal.com\/index.php\/2026\/03\/15\/giulia-de-lellis-e-tony-effe-lei-lo-pressa\/"},"wordCount":505,"commentCount":0,"publisher":{"@id":"https:\/\/icarojournal.com\/#organization"},"image":{"@id":"https:\/\/icarojournal.com\/index.php\/2026\/03\/15\/giulia-de-lellis-e-tony-effe-lei-lo-pressa\/#primaryimage"},"thumbnailUrl":"https:\/\/icarojournal.com\/wp-content\/uploads\/2026\/03\/Giulia-De-Lellis-e-Tony-Effe-in-crisi-20260315-IcaroJournal-2.jpg","keywords":["Giulia De Lellis","Giulia De Lellis e Tony Effe","Tony Effe"],"articleSection":["Gossip"],"inLanguage":"it-IT","potentialAction":[{"@type":"CommentAction","name":"Comment","target":["https:\/\/icarojournal.com\/index.php\/2026\/03\/15\/giulia-de-lellis-e-tony-effe-lei-lo-pressa\/#respond"]}]},{"@type":"WebPage","@id":"https:\/\/icarojournal.com\/index.php\/2026\/03\/15\/giulia-de-lellis-e-tony-effe-lei-lo-pressa\/","url":"https:\/\/icarojournal.com\/index.php\/2026\/03\/15\/giulia-de-lellis-e-tony-effe-lei-lo-pressa\/","name":"Giulia De Lellis e Tony Effe: \u00abLei lo pressa\u00bb - Icaro Journal","isPartOf":{"@id":"https:\/\/icarojournal.com\/#website"},"primaryImageOfPage":{"@id":"https:\/\/icarojournal.com\/index.php\/2026\/03\/15\/giulia-de-lellis-e-tony-effe-lei-lo-pressa\/#primaryimage"},"image":{"@id":"https:\/\/icarojournal.com\/index.php\/2026\/03\/15\/giulia-de-lellis-e-tony-effe-lei-lo-pressa\/#primaryimage"},"thumbnailUrl":"https:\/\/icarojournal.com\/wp-content\/uploads\/2026\/03\/Giulia-De-Lellis-e-Tony-Effe-in-crisi-20260315-IcaroJournal-2.jpg","datePublished":"2026-03-15T20:45:57+00:00","dateModified":"2026-03-16T09:27:48+00:00","description":"Giulia De Lellis torna a essere protagonista indiscussa della scena e, questa volta, insieme al compagno Tony Effe...","breadcrumb":{"@id":"https:\/\/icarojournal.com\/index.php\/2026\/03\/15\/giulia-de-lellis-e-tony-effe-lei-lo-pressa\/#breadcrumb"},"inLanguage":"it-IT","potentialAction":[{"@type":"ReadAction","target":["https:\/\/icarojournal.com\/index.php\/2026\/03\/15\/giulia-de-lellis-e-tony-effe-lei-lo-pressa\/"]}]},{"@type":"ImageObject","inLanguage":"it-IT","@id":"https:\/\/icarojournal.com\/index.php\/2026\/03\/15\/giulia-de-lellis-e-tony-effe-lei-lo-pressa\/#primaryimage","url":"https:\/\/icarojournal.com\/wp-content\/uploads\/2026\/03\/Giulia-De-Lellis-e-Tony-Effe-in-crisi-20260315-IcaroJournal-2.jpg","contentUrl":"https:\/\/icarojournal.com\/wp-content\/uploads\/2026\/03\/Giulia-De-Lellis-e-Tony-Effe-in-crisi-20260315-IcaroJournal-2.jpg","width":1200,"height":800,"caption":"Giulia De Lellis e Tony Effe in crisi - IcaroJournal"},{"@type":"BreadcrumbList","@id":"https:\/\/icarojournal.com\/index.php\/2026\/03\/15\/giulia-de-lellis-e-tony-effe-lei-lo-pressa\/#breadcrumb","itemListElement":[{"@type":"ListItem","position":1,"name":"Home","item":"https:\/\/icarojournal.com\/"},{"@type":"ListItem","position":2,"name":"Giulia De Lellis e Tony Effe: \u00abLei lo pressa\u00bb"}]},{"@type":"WebSite","@id":"https:\/\/icarojournal.com\/#website","url":"https:\/\/icarojournal.com\/","name":"Icaro Journal","description":"Dalla cucina ai viaggi alle storie di vita","publisher":{"@id":"https:\/\/icarojournal.com\/#organization"},"potentialAction":[{"@type":"SearchAction","target":{"@type":"EntryPoint","urlTemplate":"https:\/\/icarojournal.com\/?s={search_term_string}"},"query-input":{"@type":"PropertyValueSpecification","valueRequired":true,"valueName":"search_term_string"}}],"inLanguage":"it-IT"},{"@type":"Organization","@id":"https:\/\/icarojournal.com\/#organization","name":"Icaro Journal","url":"https:\/\/icarojournal.com\/","logo":{"@type":"ImageObject","inLanguage":"it-IT","@id":"https:\/\/icarojournal.com\/#\/schema\/logo\/image\/","url":"https:\/\/icarojournal.com\/wp-content\/uploads\/2024\/09\/cropped-logo.png","contentUrl":"https:\/\/icarojournal.com\/wp-content\/uploads\/2024\/09\/cropped-logo.png","width":249,"height":112,"caption":"Icaro Journal"},"image":{"@id":"https:\/\/icarojournal.com\/#\/schema\/logo\/image\/"},"sameAs":["https:\/\/www.instagram.com\/icarojournal\/"]},{"@type":"Person","@id":"https:\/\/icarojournal.com\/#\/schema\/person\/50728028a3703bea504b6347d37b5f99","name":"Francesca Guglielmino","image":{"@type":"ImageObject","inLanguage":"it-IT","@id":"https:\/\/secure.gravatar.com\/avatar\/33a9fb184e61458c03502f25a25c41fb4a67a826d476085532fe929fa0faac68?s=96&d=mm&r=g","url":"https:\/\/secure.gravatar.com\/avatar\/33a9fb184e61458c03502f25a25c41fb4a67a826d476085532fe929fa0faac68?s=96&d=mm&r=g","contentUrl":"https:\/\/secure.gravatar.com\/avatar\/33a9fb184e61458c03502f25a25c41fb4a67a826d476085532fe929fa0faac68?s=96&d=mm&r=g","caption":"Francesca Guglielmino"},"sameAs":["http:\/\/@francesca_guglielmino90"],"url":"https:\/\/icarojournal.com\/index.php\/author\/francesca-guglielmino\/"}]}},"_links":{"self":[{"href":"https:\/\/icarojournal.com\/index.php\/wp-json\/wp\/v2\/posts\/6864","targetHints":{"allow":["GET"]}}],"collection":[{"href":"https:\/\/icarojournal.com\/index.php\/wp-json\/wp\/v2\/posts"}],"about":[{"href":"https:\/\/icarojournal.com\/index.php\/wp-json\/wp\/v2\/types\/post"}],"author":[{"embeddable":true,"href":"https:\/\/icarojournal.com\/index.php\/wp-json\/wp\/v2\/users\/2"}],"replies":[{"embeddable":true,"href":"https:\/\/icarojournal.com\/index.php\/wp-json\/wp\/v2\/comments?post=6864"}],"version-history":[{"count":2,"href":"https:\/\/icarojournal.com\/index.php\/wp-json\/wp\/v2\/posts\/6864\/revisions"}],"predecessor-version":[{"id":6869,"href":"https:\/\/icarojournal.com\/index.php\/wp-json\/wp\/v2\/posts\/6864\/revisions\/6869"}],"wp:featuredmedia":[{"embeddable":true,"href":"https:\/\/icarojournal.com\/index.php\/wp-json\/wp\/v2\/media\/6867"}],"wp:attachment":[{"href":"https:\/\/icarojournal.com\/index.php\/wp-json\/wp\/v2\/media?parent=6864"}],"wp:term":[{"taxonomy":"category","embeddable":true,"href":"https:\/\/icarojournal.com\/index.php\/wp-json\/wp\/v2\/categories?post=6864"},{"taxonomy":"post_tag","embeddable":true,"href":"https:\/\/icarojournal.com\/index.php\/wp-json\/wp\/v2\/tags?post=6864"}],"curies":[{"name":"wp","href":"https:\/\/api.w.org\/{rel}","templated":true}]}}