{"id":6888,"date":"2026-03-16T22:03:27","date_gmt":"2026-03-16T21:03:27","guid":{"rendered":"https:\/\/icarojournal.com\/?p=6888"},"modified":"2026-03-16T22:03:27","modified_gmt":"2026-03-16T21:03:27","slug":"francesca-chillemi-ancora-una-bellissima-notizia-succedera-in-estate","status":"publish","type":"post","link":"https:\/\/icarojournal.com\/index.php\/2026\/03\/16\/francesca-chillemi-ancora-una-bellissima-notizia-succedera-in-estate\/","title":{"rendered":"Francesca Chillemi, ancora una bellissima notizia: succeder\u00e0 in estate"},"content":{"rendered":"<p><strong>L\u2019attenzione dei media torna a concentrarsi nuovamente su Francesca Chillemi, questa volta per un annuncio molto importante che riguarder\u00e0 l\u2019estate 2026. Un nuovo inizio che sta gi\u00e0 scatenando i fan.<\/strong><\/p>\n<p>Nel corso degli ultimi anni abbiamo visto spesso Francesca Chillemi protagonista dell\u2019attenzione mediatica per via di un presunto flirt con Can Yaman. Successivamente, per\u00f2, ha concentrato gran parte di s\u00e9 sulla vita privata, oltre che sulla carriera, dato che qualche mese fa \u00e8 diventata mamma per la seconda volta.<\/p>\n<p style=\"text-align: center;\"><script>\n  atOptions = {\n    'key' : '657a0ccaaf32152ac374e95f28861fa2',\n    'format' : 'iframe',\n    'height' : 60,\n    'width' : 468,\n    'params' : {}\n  };\n<\/script><br \/>\n<script src=\"https:\/\/www.highperformanceformat.com\/657a0ccaaf32152ac374e95f28861fa2\/invoke.js\"><\/script><\/p>\n<p>Non si conoscono i dettagli relativi alla nuova vita con il compagno n\u00e9 tantomeno quelli riguardanti la nascita della bambina. Diversamente, <strong>Francesca<\/strong> <strong>Chillemi<\/strong> \u00e8 un libro aperto sul fronte lavorativo. Ecco perch\u00e9 il nuovo annuncio di queste ore \u00e8 diventato subito virale.<\/p>\n<h2>Francesca Chillemi, estate da sogno in arrivo: le grandi novit\u00e0<\/h2>\n<p>Come abbiamo avuto modo di spiegare precedentemente, quando parliamo di <strong>grandi novit\u00e0 legate a Francesca Chillemi<\/strong> ci riferiamo soprattutto al fronte professionale. Risalgono infatti a pochi giorni fa le foto pubblicate da Chi sui social e sul proprio magazine, che ritraggono Francesca Chillemi insieme al nuovo protagonista di <strong>Viola come il mare<\/strong>.<\/p>\n<figure id=\"attachment_6895\" aria-describedby=\"caption-attachment-6895\" style=\"width: 1200px\" class=\"wp-caption alignnone\"><img loading=\"lazy\" decoding=\"async\" class=\"size-full wp-image-6895\" src=\"https:\/\/icarojournal.com\/wp-content\/uploads\/2026\/03\/Francesca-Chillemi-felice-notizia-20260316-IcaroJournal-1.jpg\" alt=\"Francesca Chillemi felice notizia - IcaroJournal\" width=\"1200\" height=\"800\" srcset=\"https:\/\/icarojournal.com\/wp-content\/uploads\/2026\/03\/Francesca-Chillemi-felice-notizia-20260316-IcaroJournal-1.jpg 1200w, https:\/\/icarojournal.com\/wp-content\/uploads\/2026\/03\/Francesca-Chillemi-felice-notizia-20260316-IcaroJournal-1-300x200.jpg 300w, https:\/\/icarojournal.com\/wp-content\/uploads\/2026\/03\/Francesca-Chillemi-felice-notizia-20260316-IcaroJournal-1-1024x683.jpg 1024w, https:\/\/icarojournal.com\/wp-content\/uploads\/2026\/03\/Francesca-Chillemi-felice-notizia-20260316-IcaroJournal-1-768x512.jpg 768w\" sizes=\"auto, (max-width: 1200px) 100vw, 1200px\" \/><figcaption id=\"caption-attachment-6895\" class=\"wp-caption-text\">Francesca Chillemi felice notizia &#8211; IcaroJournal<\/figcaption><\/figure>\n<p>La serie TV, girata nel cuore di Palermo, sarebbe gi\u00e0 in lavorazione per una nuova stagione. Non si conoscono ancora i dettagli della trama n\u00e9 tantomeno quelli relativi alla messa in onda, ma le immagini diffuse dalla stampa lasciano intendere che l\u2019attrice sia gi\u00e0 tornata sul set. E il quadro non finisce qui, perch\u00e9 a quanto pare anche l\u2019estate 2026 sar\u00e0 ricca di impegni.<\/p>\n<h3>Francesca Chillemi, si torna a casa\u2026<\/h3>\n<p>Come indicato precedentemente, <strong>Francesca Chillemi<\/strong> \u00e8 un libro aperto sul fronte lavorativo. E non si tratta soltanto di Viola come il mare: la ritroveremo anche sul set di un\u2019altra serie amatissima, forse la pi\u00f9 amata tra i fan della stessa attrice e non solo.<\/p>\n<p style=\"text-align: center;\"><script>\n  atOptions = {\n    'key' : '657a0ccaaf32152ac374e95f28861fa2',\n    'format' : 'iframe',\n    'height' : 60,\n    'width' : 468,\n    'params' : {}\n  };\n<\/script><br \/>\n<script src=\"https:\/\/www.highperformanceformat.com\/657a0ccaaf32152ac374e95f28861fa2\/invoke.js\"><\/script><\/p>\n<p>Parliamo di una produzione a cui la Chillemi, in diverse occasioni, ha rivelato di essere particolarmente affezionata. Non a caso, fin dalla prima stagione il suo personaggio ha attraversato una lunga serie di cambiamenti e un percorso evolutivo che oggi la vede protagonista indiscussa della scena, con una compagna \u201cfedele\u201d sempre al suo fianco.<strong> Si tratta di Che Dio ci aiuti e di Francesca Chillemi nel ruolo di<\/strong> <strong>Azzurra<\/strong>, anzi <strong>Suor Azzurra<\/strong>.<\/p>\n<p><strong>LEGGI ANCHE -&gt;\u00a0<a href=\"https:\/\/icarojournal.com\/index.php\/2026\/03\/14\/massimiliano-caiazzo-assente-a-mare-fuori-ma-perche\/\" target=\"_blank\" rel=\"noopener\">Massimiliano Caiazzo assente a Mare Fuori\u2026 ma perch\u00e9?<\/a><\/strong><\/p>\n<p><strong>LEGGI ANCHE -&gt;\u00a0<a href=\"https:\/\/icarojournal.com\/index.php\/2026\/03\/13\/clara-danese-dopo-elvira-de-il-paradiso-delle-signore-cosa-fa\/\" target=\"_blank\" rel=\"noopener\">Clara Danese dopo Elvira de Il Paradiso delle Signore.. cosa fa?<\/a><\/strong><\/p>\n<figure id=\"attachment_6896\" aria-describedby=\"caption-attachment-6896\" style=\"width: 1200px\" class=\"wp-caption alignnone\"><img loading=\"lazy\" decoding=\"async\" class=\"size-full wp-image-6896\" src=\"https:\/\/icarojournal.com\/wp-content\/uploads\/2026\/03\/Francesca-Chillemi-felice-notizia-20260316-IcaroJournal-2.jpg\" alt=\"Francesca Chillemi felice notizia - IcaroJournal\" width=\"1200\" height=\"800\" srcset=\"https:\/\/icarojournal.com\/wp-content\/uploads\/2026\/03\/Francesca-Chillemi-felice-notizia-20260316-IcaroJournal-2.jpg 1200w, https:\/\/icarojournal.com\/wp-content\/uploads\/2026\/03\/Francesca-Chillemi-felice-notizia-20260316-IcaroJournal-2-300x200.jpg 300w, https:\/\/icarojournal.com\/wp-content\/uploads\/2026\/03\/Francesca-Chillemi-felice-notizia-20260316-IcaroJournal-2-1024x683.jpg 1024w, https:\/\/icarojournal.com\/wp-content\/uploads\/2026\/03\/Francesca-Chillemi-felice-notizia-20260316-IcaroJournal-2-768x512.jpg 768w\" sizes=\"auto, (max-width: 1200px) 100vw, 1200px\" \/><figcaption id=\"caption-attachment-6896\" class=\"wp-caption-text\">Francesca Chillemi felice notizia &#8211; IcaroJournal<\/figcaption><\/figure>\n<p>Secondo quanto reso noto da vari magazine che si occupano di cronaca televisiva, come Spettacolo Italiano attraverso i suoi canali social e non solo, <strong>Francesca Chillemi dall\u2019estate 2026 torner\u00e0 nuovamente sul set per una nuova stagione di Che Dio ci aiuti<\/strong>. Cos\u00ec come nel caso di Viola come il mare, per\u00f2, non sono noti i dettagli della trama n\u00e9 come si evolver\u00e0 la storia.<\/p>\n<p>Inoltre, non \u00e8 ancora chiaro quale sar\u00e0 il ruolo di <strong>Elena<\/strong> <strong>Sofia<\/strong> <strong>Ricci<\/strong>, anche lei profondamente legata al personaggio di Suor Angela, da sempre traino del successo della serie: con ogni probabilit\u00e0 potrebbe essere presente come special guest, cos\u00ec come accaduto negli ultimi anni.<\/p>\n<p><strong>LEGGI ANCHE -&gt;\u00a0<a href=\"https:\/\/icarojournal.com\/index.php\/2026\/03\/04\/francesca-chillemi-insieme-a-rodrigo-love-story-davanti-le-telecamere\/\" target=\"_blank\" rel=\"noopener\">Francesca Chillemi insieme a Rodrigo: love story davanti le telecamere?<\/a><\/strong><\/p>\n<p><strong>LEGGI ANCHE -&gt;\u00a0<a href=\"https:\/\/icarojournal.com\/index.php\/2026\/03\/15\/giulia-de-lellis-e-tony-effe-lei-lo-pressa\/\">Giulia De Lellis e Tony Effe: \u00abLei lo pressa\u00bb<\/a><\/strong><\/p>\n","protected":false},"excerpt":{"rendered":"<p>L\u2019attenzione dei media torna a concentrarsi nuovamente su Francesca Chillemi, questa volta per un annuncio molto importante che riguarder\u00e0 l\u2019estate 2026. Un nuovo inizio che sta gi\u00e0 scatenando i fan. Nel corso degli ultimi anni abbiamo visto spesso Francesca Chillemi protagonista dell\u2019attenzione mediatica per via di un presunto flirt con Can Yaman. Successivamente, per\u00f2, ha [&hellip;]<\/p>\n","protected":false},"author":2,"featured_media":6897,"comment_status":"open","ping_status":"open","sticky":false,"template":"","format":"standard","meta":{"iawp_total_views":23,"footnotes":""},"categories":[84],"tags":[525,524,653,527,652,528,529],"class_list":["post-6888","post","type-post","status-publish","format-standard","has-post-thumbnail","hentry","category-gossip","tag-che-dio-ci-aiuti","tag-francesca-chillemi","tag-francesca-chillemi-azzurra","tag-francesca-chillemi-e-can","tag-suor-angela","tag-suor-azzurra","tag-viola-come-il-mare"],"yoast_head":"<!-- This site is optimized with the Yoast SEO plugin v27.5 - https:\/\/yoast.com\/product\/yoast-seo-wordpress\/ -->\n<title>Francesca Chillemi, ancora una bellissima notizia: succeder\u00e0 in estate - Icaro Journal<\/title>\n<meta name=\"description\" content=\"L\u2019attenzione dei media torna a concentrarsi nuovamente su Francesca Chillemi, questa volta per un annuncio molto...\" \/>\n<meta name=\"robots\" content=\"index, follow, max-snippet:-1, max-image-preview:large, max-video-preview:-1\" \/>\n<link rel=\"canonical\" href=\"https:\/\/icarojournal.com\/index.php\/2026\/03\/16\/francesca-chillemi-ancora-una-bellissima-notizia-succedera-in-estate\/\" \/>\n<meta property=\"og:locale\" content=\"it_IT\" \/>\n<meta property=\"og:type\" content=\"article\" \/>\n<meta property=\"og:title\" content=\"Francesca Chillemi, ancora una bellissima notizia: succeder\u00e0 in estate - Icaro Journal\" \/>\n<meta property=\"og:description\" content=\"L\u2019attenzione dei media torna a concentrarsi nuovamente su Francesca Chillemi, questa volta per un annuncio molto...\" \/>\n<meta property=\"og:url\" content=\"https:\/\/icarojournal.com\/index.php\/2026\/03\/16\/francesca-chillemi-ancora-una-bellissima-notizia-succedera-in-estate\/\" \/>\n<meta property=\"og:site_name\" content=\"Icaro Journal\" \/>\n<meta property=\"article:published_time\" content=\"2026-03-16T21:03:27+00:00\" \/>\n<meta property=\"og:image\" content=\"https:\/\/icarojournal.com\/wp-content\/uploads\/2026\/03\/Francesca-Chillemi-felice-notizia-20260316-IcaroJournal.jpg\" \/>\n\t<meta property=\"og:image:width\" content=\"1200\" \/>\n\t<meta property=\"og:image:height\" content=\"800\" \/>\n\t<meta property=\"og:image:type\" content=\"image\/jpeg\" \/>\n<meta name=\"author\" content=\"Francesca Guglielmino\" \/>\n<meta name=\"twitter:card\" content=\"summary_large_image\" \/>\n<meta name=\"twitter:label1\" content=\"Scritto da\" \/>\n\t<meta name=\"twitter:data1\" content=\"Francesca Guglielmino\" \/>\n\t<meta name=\"twitter:label2\" content=\"Tempo di lettura stimato\" \/>\n\t<meta name=\"twitter:data2\" content=\"4 minuti\" \/>\n<script type=\"application\/ld+json\" class=\"yoast-schema-graph\">{\"@context\":\"https:\\\/\\\/schema.org\",\"@graph\":[{\"@type\":\"Article\",\"@id\":\"https:\\\/\\\/icarojournal.com\\\/index.php\\\/2026\\\/03\\\/16\\\/francesca-chillemi-ancora-una-bellissima-notizia-succedera-in-estate\\\/#article\",\"isPartOf\":{\"@id\":\"https:\\\/\\\/icarojournal.com\\\/index.php\\\/2026\\\/03\\\/16\\\/francesca-chillemi-ancora-una-bellissima-notizia-succedera-in-estate\\\/\"},\"author\":{\"name\":\"Francesca Guglielmino\",\"@id\":\"https:\\\/\\\/icarojournal.com\\\/#\\\/schema\\\/person\\\/50728028a3703bea504b6347d37b5f99\"},\"headline\":\"Francesca Chillemi, ancora una bellissima notizia: succeder\u00e0 in estate\",\"datePublished\":\"2026-03-16T21:03:27+00:00\",\"mainEntityOfPage\":{\"@id\":\"https:\\\/\\\/icarojournal.com\\\/index.php\\\/2026\\\/03\\\/16\\\/francesca-chillemi-ancora-una-bellissima-notizia-succedera-in-estate\\\/\"},\"wordCount\":565,\"commentCount\":0,\"publisher\":{\"@id\":\"https:\\\/\\\/icarojournal.com\\\/#organization\"},\"image\":{\"@id\":\"https:\\\/\\\/icarojournal.com\\\/index.php\\\/2026\\\/03\\\/16\\\/francesca-chillemi-ancora-una-bellissima-notizia-succedera-in-estate\\\/#primaryimage\"},\"thumbnailUrl\":\"https:\\\/\\\/icarojournal.com\\\/wp-content\\\/uploads\\\/2026\\\/03\\\/Francesca-Chillemi-felice-notizia-20260316-IcaroJournal.jpg\",\"keywords\":[\"Che Dio Ci Aiuti\",\"Francesca Chillemi\",\"Francesca Chillemi Azzurra\",\"Francesca Chillemi e Can\",\"suor angela\",\"Suor Azzurra\",\"Viola come il mare\"],\"articleSection\":[\"Gossip\"],\"inLanguage\":\"it-IT\",\"potentialAction\":[{\"@type\":\"CommentAction\",\"name\":\"Comment\",\"target\":[\"https:\\\/\\\/icarojournal.com\\\/index.php\\\/2026\\\/03\\\/16\\\/francesca-chillemi-ancora-una-bellissima-notizia-succedera-in-estate\\\/#respond\"]}]},{\"@type\":\"WebPage\",\"@id\":\"https:\\\/\\\/icarojournal.com\\\/index.php\\\/2026\\\/03\\\/16\\\/francesca-chillemi-ancora-una-bellissima-notizia-succedera-in-estate\\\/\",\"url\":\"https:\\\/\\\/icarojournal.com\\\/index.php\\\/2026\\\/03\\\/16\\\/francesca-chillemi-ancora-una-bellissima-notizia-succedera-in-estate\\\/\",\"name\":\"Francesca Chillemi, ancora una bellissima notizia: succeder\u00e0 in estate - Icaro Journal\",\"isPartOf\":{\"@id\":\"https:\\\/\\\/icarojournal.com\\\/#website\"},\"primaryImageOfPage\":{\"@id\":\"https:\\\/\\\/icarojournal.com\\\/index.php\\\/2026\\\/03\\\/16\\\/francesca-chillemi-ancora-una-bellissima-notizia-succedera-in-estate\\\/#primaryimage\"},\"image\":{\"@id\":\"https:\\\/\\\/icarojournal.com\\\/index.php\\\/2026\\\/03\\\/16\\\/francesca-chillemi-ancora-una-bellissima-notizia-succedera-in-estate\\\/#primaryimage\"},\"thumbnailUrl\":\"https:\\\/\\\/icarojournal.com\\\/wp-content\\\/uploads\\\/2026\\\/03\\\/Francesca-Chillemi-felice-notizia-20260316-IcaroJournal.jpg\",\"datePublished\":\"2026-03-16T21:03:27+00:00\",\"description\":\"L\u2019attenzione dei media torna a concentrarsi nuovamente su Francesca Chillemi, questa volta per un annuncio molto...\",\"breadcrumb\":{\"@id\":\"https:\\\/\\\/icarojournal.com\\\/index.php\\\/2026\\\/03\\\/16\\\/francesca-chillemi-ancora-una-bellissima-notizia-succedera-in-estate\\\/#breadcrumb\"},\"inLanguage\":\"it-IT\",\"potentialAction\":[{\"@type\":\"ReadAction\",\"target\":[\"https:\\\/\\\/icarojournal.com\\\/index.php\\\/2026\\\/03\\\/16\\\/francesca-chillemi-ancora-una-bellissima-notizia-succedera-in-estate\\\/\"]}]},{\"@type\":\"ImageObject\",\"inLanguage\":\"it-IT\",\"@id\":\"https:\\\/\\\/icarojournal.com\\\/index.php\\\/2026\\\/03\\\/16\\\/francesca-chillemi-ancora-una-bellissima-notizia-succedera-in-estate\\\/#primaryimage\",\"url\":\"https:\\\/\\\/icarojournal.com\\\/wp-content\\\/uploads\\\/2026\\\/03\\\/Francesca-Chillemi-felice-notizia-20260316-IcaroJournal.jpg\",\"contentUrl\":\"https:\\\/\\\/icarojournal.com\\\/wp-content\\\/uploads\\\/2026\\\/03\\\/Francesca-Chillemi-felice-notizia-20260316-IcaroJournal.jpg\",\"width\":1200,\"height\":800,\"caption\":\"Francesca Chillemi felice notizia - IcaroJournal\"},{\"@type\":\"BreadcrumbList\",\"@id\":\"https:\\\/\\\/icarojournal.com\\\/index.php\\\/2026\\\/03\\\/16\\\/francesca-chillemi-ancora-una-bellissima-notizia-succedera-in-estate\\\/#breadcrumb\",\"itemListElement\":[{\"@type\":\"ListItem\",\"position\":1,\"name\":\"Home\",\"item\":\"https:\\\/\\\/icarojournal.com\\\/\"},{\"@type\":\"ListItem\",\"position\":2,\"name\":\"Francesca Chillemi, ancora una bellissima notizia: succeder\u00e0 in estate\"}]},{\"@type\":\"WebSite\",\"@id\":\"https:\\\/\\\/icarojournal.com\\\/#website\",\"url\":\"https:\\\/\\\/icarojournal.com\\\/\",\"name\":\"Icaro Journal\",\"description\":\"Dalla cucina ai viaggi alle storie di vita\",\"publisher\":{\"@id\":\"https:\\\/\\\/icarojournal.com\\\/#organization\"},\"potentialAction\":[{\"@type\":\"SearchAction\",\"target\":{\"@type\":\"EntryPoint\",\"urlTemplate\":\"https:\\\/\\\/icarojournal.com\\\/?s={search_term_string}\"},\"query-input\":{\"@type\":\"PropertyValueSpecification\",\"valueRequired\":true,\"valueName\":\"search_term_string\"}}],\"inLanguage\":\"it-IT\"},{\"@type\":\"Organization\",\"@id\":\"https:\\\/\\\/icarojournal.com\\\/#organization\",\"name\":\"Icaro Journal\",\"url\":\"https:\\\/\\\/icarojournal.com\\\/\",\"logo\":{\"@type\":\"ImageObject\",\"inLanguage\":\"it-IT\",\"@id\":\"https:\\\/\\\/icarojournal.com\\\/#\\\/schema\\\/logo\\\/image\\\/\",\"url\":\"https:\\\/\\\/icarojournal.com\\\/wp-content\\\/uploads\\\/2024\\\/09\\\/cropped-logo.png\",\"contentUrl\":\"https:\\\/\\\/icarojournal.com\\\/wp-content\\\/uploads\\\/2024\\\/09\\\/cropped-logo.png\",\"width\":249,\"height\":112,\"caption\":\"Icaro Journal\"},\"image\":{\"@id\":\"https:\\\/\\\/icarojournal.com\\\/#\\\/schema\\\/logo\\\/image\\\/\"},\"sameAs\":[\"https:\\\/\\\/www.instagram.com\\\/icarojournal\\\/\"]},{\"@type\":\"Person\",\"@id\":\"https:\\\/\\\/icarojournal.com\\\/#\\\/schema\\\/person\\\/50728028a3703bea504b6347d37b5f99\",\"name\":\"Francesca Guglielmino\",\"image\":{\"@type\":\"ImageObject\",\"inLanguage\":\"it-IT\",\"@id\":\"https:\\\/\\\/secure.gravatar.com\\\/avatar\\\/33a9fb184e61458c03502f25a25c41fb4a67a826d476085532fe929fa0faac68?s=96&d=mm&r=g\",\"url\":\"https:\\\/\\\/secure.gravatar.com\\\/avatar\\\/33a9fb184e61458c03502f25a25c41fb4a67a826d476085532fe929fa0faac68?s=96&d=mm&r=g\",\"contentUrl\":\"https:\\\/\\\/secure.gravatar.com\\\/avatar\\\/33a9fb184e61458c03502f25a25c41fb4a67a826d476085532fe929fa0faac68?s=96&d=mm&r=g\",\"caption\":\"Francesca Guglielmino\"},\"sameAs\":[\"http:\\\/\\\/@francesca_guglielmino90\"],\"url\":\"https:\\\/\\\/icarojournal.com\\\/index.php\\\/author\\\/francesca-guglielmino\\\/\"}]}<\/script>\n<!-- \/ Yoast SEO plugin. -->","yoast_head_json":{"title":"Francesca Chillemi, ancora una bellissima notizia: succeder\u00e0 in estate - Icaro Journal","description":"L\u2019attenzione dei media torna a concentrarsi nuovamente su Francesca Chillemi, questa volta per un annuncio molto...","robots":{"index":"index","follow":"follow","max-snippet":"max-snippet:-1","max-image-preview":"max-image-preview:large","max-video-preview":"max-video-preview:-1"},"canonical":"https:\/\/icarojournal.com\/index.php\/2026\/03\/16\/francesca-chillemi-ancora-una-bellissima-notizia-succedera-in-estate\/","og_locale":"it_IT","og_type":"article","og_title":"Francesca Chillemi, ancora una bellissima notizia: succeder\u00e0 in estate - Icaro Journal","og_description":"L\u2019attenzione dei media torna a concentrarsi nuovamente su Francesca Chillemi, questa volta per un annuncio molto...","og_url":"https:\/\/icarojournal.com\/index.php\/2026\/03\/16\/francesca-chillemi-ancora-una-bellissima-notizia-succedera-in-estate\/","og_site_name":"Icaro Journal","article_published_time":"2026-03-16T21:03:27+00:00","og_image":[{"width":1200,"height":800,"url":"https:\/\/icarojournal.com\/wp-content\/uploads\/2026\/03\/Francesca-Chillemi-felice-notizia-20260316-IcaroJournal.jpg","type":"image\/jpeg"}],"author":"Francesca Guglielmino","twitter_card":"summary_large_image","twitter_misc":{"Scritto da":"Francesca Guglielmino","Tempo di lettura stimato":"4 minuti"},"schema":{"@context":"https:\/\/schema.org","@graph":[{"@type":"Article","@id":"https:\/\/icarojournal.com\/index.php\/2026\/03\/16\/francesca-chillemi-ancora-una-bellissima-notizia-succedera-in-estate\/#article","isPartOf":{"@id":"https:\/\/icarojournal.com\/index.php\/2026\/03\/16\/francesca-chillemi-ancora-una-bellissima-notizia-succedera-in-estate\/"},"author":{"name":"Francesca Guglielmino","@id":"https:\/\/icarojournal.com\/#\/schema\/person\/50728028a3703bea504b6347d37b5f99"},"headline":"Francesca Chillemi, ancora una bellissima notizia: succeder\u00e0 in estate","datePublished":"2026-03-16T21:03:27+00:00","mainEntityOfPage":{"@id":"https:\/\/icarojournal.com\/index.php\/2026\/03\/16\/francesca-chillemi-ancora-una-bellissima-notizia-succedera-in-estate\/"},"wordCount":565,"commentCount":0,"publisher":{"@id":"https:\/\/icarojournal.com\/#organization"},"image":{"@id":"https:\/\/icarojournal.com\/index.php\/2026\/03\/16\/francesca-chillemi-ancora-una-bellissima-notizia-succedera-in-estate\/#primaryimage"},"thumbnailUrl":"https:\/\/icarojournal.com\/wp-content\/uploads\/2026\/03\/Francesca-Chillemi-felice-notizia-20260316-IcaroJournal.jpg","keywords":["Che Dio Ci Aiuti","Francesca Chillemi","Francesca Chillemi Azzurra","Francesca Chillemi e Can","suor angela","Suor Azzurra","Viola come il mare"],"articleSection":["Gossip"],"inLanguage":"it-IT","potentialAction":[{"@type":"CommentAction","name":"Comment","target":["https:\/\/icarojournal.com\/index.php\/2026\/03\/16\/francesca-chillemi-ancora-una-bellissima-notizia-succedera-in-estate\/#respond"]}]},{"@type":"WebPage","@id":"https:\/\/icarojournal.com\/index.php\/2026\/03\/16\/francesca-chillemi-ancora-una-bellissima-notizia-succedera-in-estate\/","url":"https:\/\/icarojournal.com\/index.php\/2026\/03\/16\/francesca-chillemi-ancora-una-bellissima-notizia-succedera-in-estate\/","name":"Francesca Chillemi, ancora una bellissima notizia: succeder\u00e0 in estate - Icaro Journal","isPartOf":{"@id":"https:\/\/icarojournal.com\/#website"},"primaryImageOfPage":{"@id":"https:\/\/icarojournal.com\/index.php\/2026\/03\/16\/francesca-chillemi-ancora-una-bellissima-notizia-succedera-in-estate\/#primaryimage"},"image":{"@id":"https:\/\/icarojournal.com\/index.php\/2026\/03\/16\/francesca-chillemi-ancora-una-bellissima-notizia-succedera-in-estate\/#primaryimage"},"thumbnailUrl":"https:\/\/icarojournal.com\/wp-content\/uploads\/2026\/03\/Francesca-Chillemi-felice-notizia-20260316-IcaroJournal.jpg","datePublished":"2026-03-16T21:03:27+00:00","description":"L\u2019attenzione dei media torna a concentrarsi nuovamente su Francesca Chillemi, questa volta per un annuncio molto...","breadcrumb":{"@id":"https:\/\/icarojournal.com\/index.php\/2026\/03\/16\/francesca-chillemi-ancora-una-bellissima-notizia-succedera-in-estate\/#breadcrumb"},"inLanguage":"it-IT","potentialAction":[{"@type":"ReadAction","target":["https:\/\/icarojournal.com\/index.php\/2026\/03\/16\/francesca-chillemi-ancora-una-bellissima-notizia-succedera-in-estate\/"]}]},{"@type":"ImageObject","inLanguage":"it-IT","@id":"https:\/\/icarojournal.com\/index.php\/2026\/03\/16\/francesca-chillemi-ancora-una-bellissima-notizia-succedera-in-estate\/#primaryimage","url":"https:\/\/icarojournal.com\/wp-content\/uploads\/2026\/03\/Francesca-Chillemi-felice-notizia-20260316-IcaroJournal.jpg","contentUrl":"https:\/\/icarojournal.com\/wp-content\/uploads\/2026\/03\/Francesca-Chillemi-felice-notizia-20260316-IcaroJournal.jpg","width":1200,"height":800,"caption":"Francesca Chillemi felice notizia - IcaroJournal"},{"@type":"BreadcrumbList","@id":"https:\/\/icarojournal.com\/index.php\/2026\/03\/16\/francesca-chillemi-ancora-una-bellissima-notizia-succedera-in-estate\/#breadcrumb","itemListElement":[{"@type":"ListItem","position":1,"name":"Home","item":"https:\/\/icarojournal.com\/"},{"@type":"ListItem","position":2,"name":"Francesca Chillemi, ancora una bellissima notizia: succeder\u00e0 in estate"}]},{"@type":"WebSite","@id":"https:\/\/icarojournal.com\/#website","url":"https:\/\/icarojournal.com\/","name":"Icaro Journal","description":"Dalla cucina ai viaggi alle storie di vita","publisher":{"@id":"https:\/\/icarojournal.com\/#organization"},"potentialAction":[{"@type":"SearchAction","target":{"@type":"EntryPoint","urlTemplate":"https:\/\/icarojournal.com\/?s={search_term_string}"},"query-input":{"@type":"PropertyValueSpecification","valueRequired":true,"valueName":"search_term_string"}}],"inLanguage":"it-IT"},{"@type":"Organization","@id":"https:\/\/icarojournal.com\/#organization","name":"Icaro Journal","url":"https:\/\/icarojournal.com\/","logo":{"@type":"ImageObject","inLanguage":"it-IT","@id":"https:\/\/icarojournal.com\/#\/schema\/logo\/image\/","url":"https:\/\/icarojournal.com\/wp-content\/uploads\/2024\/09\/cropped-logo.png","contentUrl":"https:\/\/icarojournal.com\/wp-content\/uploads\/2024\/09\/cropped-logo.png","width":249,"height":112,"caption":"Icaro Journal"},"image":{"@id":"https:\/\/icarojournal.com\/#\/schema\/logo\/image\/"},"sameAs":["https:\/\/www.instagram.com\/icarojournal\/"]},{"@type":"Person","@id":"https:\/\/icarojournal.com\/#\/schema\/person\/50728028a3703bea504b6347d37b5f99","name":"Francesca Guglielmino","image":{"@type":"ImageObject","inLanguage":"it-IT","@id":"https:\/\/secure.gravatar.com\/avatar\/33a9fb184e61458c03502f25a25c41fb4a67a826d476085532fe929fa0faac68?s=96&d=mm&r=g","url":"https:\/\/secure.gravatar.com\/avatar\/33a9fb184e61458c03502f25a25c41fb4a67a826d476085532fe929fa0faac68?s=96&d=mm&r=g","contentUrl":"https:\/\/secure.gravatar.com\/avatar\/33a9fb184e61458c03502f25a25c41fb4a67a826d476085532fe929fa0faac68?s=96&d=mm&r=g","caption":"Francesca Guglielmino"},"sameAs":["http:\/\/@francesca_guglielmino90"],"url":"https:\/\/icarojournal.com\/index.php\/author\/francesca-guglielmino\/"}]}},"_links":{"self":[{"href":"https:\/\/icarojournal.com\/index.php\/wp-json\/wp\/v2\/posts\/6888","targetHints":{"allow":["GET"]}}],"collection":[{"href":"https:\/\/icarojournal.com\/index.php\/wp-json\/wp\/v2\/posts"}],"about":[{"href":"https:\/\/icarojournal.com\/index.php\/wp-json\/wp\/v2\/types\/post"}],"author":[{"embeddable":true,"href":"https:\/\/icarojournal.com\/index.php\/wp-json\/wp\/v2\/users\/2"}],"replies":[{"embeddable":true,"href":"https:\/\/icarojournal.com\/index.php\/wp-json\/wp\/v2\/comments?post=6888"}],"version-history":[{"count":2,"href":"https:\/\/icarojournal.com\/index.php\/wp-json\/wp\/v2\/posts\/6888\/revisions"}],"predecessor-version":[{"id":6898,"href":"https:\/\/icarojournal.com\/index.php\/wp-json\/wp\/v2\/posts\/6888\/revisions\/6898"}],"wp:featuredmedia":[{"embeddable":true,"href":"https:\/\/icarojournal.com\/index.php\/wp-json\/wp\/v2\/media\/6897"}],"wp:attachment":[{"href":"https:\/\/icarojournal.com\/index.php\/wp-json\/wp\/v2\/media?parent=6888"}],"wp:term":[{"taxonomy":"category","embeddable":true,"href":"https:\/\/icarojournal.com\/index.php\/wp-json\/wp\/v2\/categories?post=6888"},{"taxonomy":"post_tag","embeddable":true,"href":"https:\/\/icarojournal.com\/index.php\/wp-json\/wp\/v2\/tags?post=6888"}],"curies":[{"name":"wp","href":"https:\/\/api.w.org\/{rel}","templated":true}]}}