{"id":6908,"date":"2026-03-17T18:30:01","date_gmt":"2026-03-17T17:30:01","guid":{"rendered":"https:\/\/icarojournal.com\/?p=6908"},"modified":"2026-03-17T17:37:51","modified_gmt":"2026-03-17T16:37:51","slug":"san-patrizio-a-dublino-tre-giorni-nel-verde-che-ti-cambia-lanima","status":"publish","type":"post","link":"https:\/\/icarojournal.com\/index.php\/2026\/03\/17\/san-patrizio-a-dublino-tre-giorni-nel-verde-che-ti-cambia-lanima\/","title":{"rendered":"San Patrizio a Dublino: tre giorni nel verde che ti cambia l&#8217;anima"},"content":{"rendered":"<p><strong>C&#8217;\u00e8 una cosa che devi sapere sull&#8217;Irlanda il 17 marzo: non \u00e8 una festa. \u00c8 un&#8217;abitudine del cuore. Lo capisci appena atterri, quando anche l&#8217;uomo che timbra il passaporto all&#8217;aeroporto ti sorride e dice &#8220;Happy St. Patrick&#8217;s Day&#8221; come se ti conoscesse da sempre.<\/strong><\/p>\n<p>San Patrizio qui non si celebra, si vive. E in tre giorni impari che il verde non \u00e8 solo un colore, \u00e8 uno stato d&#8217;animo. Arrivi il venerd\u00ec pomeriggio e Dublino \u00e8 gi\u00e0 un&#8217;altra cosa. <strong>Grafton Street \u00e8 piena di gente<\/strong>, musicisti di strada suonano fiddle a tutto volume, le vetrine sono piene di trifogli e cappelli verdi. La citt\u00e0 si prepara, ma lo fa con quel sorriso irlandese che ti mette subito a tuo agio.<\/p>\n<p style=\"text-align: center;\"><script>\n  atOptions = {\n    'key' : '84032e8624fd0a20677ea351673dcc06',\n    'format' : 'iframe',\n    'height' : 600,\n    'width' : 160,\n    'params' : {}\n  };\n<\/script><br \/>\n<script src=\"https:\/\/www.highperformanceformat.com\/84032e8624fd0a20677ea351673dcc06\/invoke.js\"><\/script><\/p>\n<p>Cammini verso Trinity College e il cortile \u00e8 pieno di ragazzi che ridono, qualcuno gi\u00e0 con una pinta in mano. La Old Library \u00e8 aperta, il Book of Kells ti aspetta, ma oggi c&#8217;\u00e8 qualcosa di diverso nell&#8217;aria. Forse \u00e8 l&#8217;energia, forse \u00e8 che tutti sembrano pi\u00f9 felici del solito.<\/p>\n<p>La sera, Temple Bar. Non il pub, il quartiere. Le strade acciottolate sono piene di gente che canta, che balla, che vive. Entri in un pub qualsiasi e il barman ti saluta come se fossi un habitu\u00e9. Ordini una pinta di Guinness, quella che qui ha un sapore diverso, pi\u00f9 cremosa, pi\u00f9 vera.<\/p>\n<h2>Preparati per il grande giorno&#8230; il giorno di San Patrizio<\/h2>\n<p>Sabato 17 marzo. Ti svegli presto, perch\u00e9 la parata parte da Parnell Square alle 12 e la citt\u00e0 si prepara da ore. Gia dal mattino le strade si riempiono: famiglie con bambini dipinti di verde, ragazzi con cappelli da folletto, anziani con spille di trifoglio appuntate sul cappotto. La parata \u00e8 qualcosa che non ti aspetti. Carri allegorici enormi, bande musicali da ogni parte del mondo, danzatori con costumi tradizionali che saltano come se avessero le molle sotto i piedi. La folla \u00e8 immensa, oltre 500mila persone, ma non ti senti mai soffocare. Senti solo quella sensazione di essere parte di qualcosa di pi\u00f9 grande.<\/p>\n<figure id=\"attachment_6909\" aria-describedby=\"caption-attachment-6909\" style=\"width: 1200px\" class=\"wp-caption alignnone\"><img loading=\"lazy\" decoding=\"async\" class=\"size-full wp-image-6909\" src=\"https:\/\/icarojournal.com\/wp-content\/uploads\/2026\/03\/San-Patrizio-a-Dublino-20260316-IcaroJournal.jpg\" alt=\"San Patrizio a Dublino - IcaroJournal\" width=\"1200\" height=\"800\" srcset=\"https:\/\/icarojournal.com\/wp-content\/uploads\/2026\/03\/San-Patrizio-a-Dublino-20260316-IcaroJournal.jpg 1200w, https:\/\/icarojournal.com\/wp-content\/uploads\/2026\/03\/San-Patrizio-a-Dublino-20260316-IcaroJournal-300x200.jpg 300w, https:\/\/icarojournal.com\/wp-content\/uploads\/2026\/03\/San-Patrizio-a-Dublino-20260316-IcaroJournal-1024x683.jpg 1024w, https:\/\/icarojournal.com\/wp-content\/uploads\/2026\/03\/San-Patrizio-a-Dublino-20260316-IcaroJournal-768x512.jpg 768w\" sizes=\"auto, (max-width: 1200px) 100vw, 1200px\" \/><figcaption id=\"caption-attachment-6909\" class=\"wp-caption-text\">San Patrizio a Dublino &#8211; IcaroJournal<\/figcaption><\/figure>\n<p><strong>Il corteo attraversa il centro fino alla Cattedrale di San Patrizio<\/strong>. Quando arrivi l\u00ec, con le sue guglie che svettano verdi contro il cielo, capisci perch\u00e9 questo santo \u00e8 cos\u00ec amato. Un ragazzo rapito dai pirati a 16 anni, portato qui come schiavo, fuggito e poi tornato per convertire l&#8217;isola. Us\u00f2 un trifoglio per spiegare la Trinit\u00e0, tre foglie in uno stelo, semplice come tutte le cose vere . Nel pomeriggio, la Guinness Storehouse. Sei piani di storia, pubblicit\u00e0, profumo di malto. In cima, il <strong>Gravity Bar ti regala Dublino distesa<\/strong> <strong>sotto<\/strong>,<strong> con i suoi tetti e il fiume Liffey che la attraversa<\/strong>. La pinta che bevi lass\u00f9, con quella vista, \u00e8 la migliore della tua vita.<\/p>\n<p>La sera, la festa continua. I pub sono pieni, la musica esce dalle porte, la gente balla per strada. Ti trovi a cantare canzoni che non conosci, a brindare con sconosciuti che diventano amici. Sl\u00e1inte, si dice qui, salute.<\/p>\n<p style=\"text-align: center;\"><script>\n  atOptions = {\n    'key' : '84032e8624fd0a20677ea351673dcc06',\n    'format' : 'iframe',\n    'height' : 600,\n    'width' : 160,\n    'params' : {}\n  };\n<\/script><br \/>\n<script src=\"https:\/\/www.highperformanceformat.com\/84032e8624fd0a20677ea351673dcc06\/invoke.js\"><\/script><\/p>\n<h3>Giorno 3: L&#8217;ultimo giorno, quello che porti via<\/h3>\n<p>La domenica \u00e8 pi\u00f9 quieta, <strong>ma Dublino non ha smesso di festeggiare<\/strong>. Vai a St. Stephen&#8217;s Green, il parco nel cuore della citt\u00e0. I cigni sul lago, le coppie sull&#8217;erba, i bambini che corrono. Il verde dei prati oggi sembra pi\u00f9 intenso, come se anche la natura avesse deciso di partecipare.<\/p>\n<p>Nel pomeriggio, una gita a Howth, il villaggio di pescatori a mezz&#8217;ora di treno. Le scogliere sul mare, il vento che scompiglia i capelli, l&#8217;oceano che si perde all&#8217;orizzonte. Cammini sul sentiero e pensi a San Patrizio che pascolava pecore su queste coste, a quello che deve aver provato.<\/p>\n<p>Prima di partire, un ultimo <strong>pub The Brazen Head<\/strong>, <strong>il pi\u00f9 antico di<\/strong>\u00a0<strong>Dublino<\/strong>, aperto dal 1198. Legno scuro, caminetto acceso, musica dal vivo. Ordini un Irish stew, lo stufato tradizionale con agnello e patate, e lo mangi lentamente, assaporando ogni boccone.<\/p>\n<p><strong>LEGGI ANCHE -&gt;\u00a0<a href=\"https:\/\/icarojournal.com\/index.php\/2026\/03\/14\/londra-in-dieci-giorni-quella-che-scopri-quando-smetti-di-fare-il-turista\/\">Londra in dieci giorni: quella che scopri quando smetti di fare il turista<\/a><\/strong><\/p>\n<p><strong>LEGGI ANCHE -&gt;\u00a0<a href=\"https:\/\/icarojournal.com\/index.php\/2026\/03\/13\/catania-in-tre-giorni-quella-che-scopri-quando-smetti-di-cercare-letna\/\">Catania in tre giorni: quella che scopri quando smetti di cercare l\u2019Etna<\/a><\/strong><\/p>\n<figure id=\"attachment_6910\" aria-describedby=\"caption-attachment-6910\" style=\"width: 1200px\" class=\"wp-caption alignnone\"><img loading=\"lazy\" decoding=\"async\" class=\"size-full wp-image-6910\" src=\"https:\/\/icarojournal.com\/wp-content\/uploads\/2026\/03\/San-Patrizio-a-Dublino-20260316-IcaroJournal2.jpg\" alt=\"San Patrizio a Dublino - IcaroJournal\" width=\"1200\" height=\"800\" srcset=\"https:\/\/icarojournal.com\/wp-content\/uploads\/2026\/03\/San-Patrizio-a-Dublino-20260316-IcaroJournal2.jpg 1200w, https:\/\/icarojournal.com\/wp-content\/uploads\/2026\/03\/San-Patrizio-a-Dublino-20260316-IcaroJournal2-300x200.jpg 300w, https:\/\/icarojournal.com\/wp-content\/uploads\/2026\/03\/San-Patrizio-a-Dublino-20260316-IcaroJournal2-1024x683.jpg 1024w, https:\/\/icarojournal.com\/wp-content\/uploads\/2026\/03\/San-Patrizio-a-Dublino-20260316-IcaroJournal2-768x512.jpg 768w\" sizes=\"auto, (max-width: 1200px) 100vw, 1200px\" \/><figcaption id=\"caption-attachment-6910\" class=\"wp-caption-text\">San Patrizio a Dublino &#8211; IcaroJournal<\/figcaption><\/figure>\n<p>Tre giorni a Dublino per San Patrizio ti insegnano che la festa non \u00e8 nei carri, non \u00e8 nella birra, non \u00e8 nei cappelli verdi comprati al supermercato. La festa \u00e8 nelle persone. In quel modo di accoglierti come se fossi di casa, in quel sorriso che non si spegne mai, in quella musica che ti entra dentro e non ti lascia pi\u00f9.<\/p>\n<p>Se devi scegliere tra una parata in tv e una pinta in un pub di Dublino con la gente che canta, scegli la pinta. Tra un selfie davanti a un monumento e una chiacchiera con un vecchio irlandese che ti racconta storie, scegli la chiacchiera.<\/p>\n<p><em>Perch\u00e9 l&#8217;Irlanda non si visita, si vive.<\/em><\/p>\n<p><strong>LEGGI ANCHE -&gt;\u00a0<a href=\"https:\/\/icarojournal.com\/index.php\/2026\/03\/15\/sacile-in-un-weekend-quella-che-scopri-quando-smetti-di-cercare-venezia\/\">Sacile in un weekend: quella che scopri quando smetti di cercare Venezia<\/a><\/strong><\/p>\n<p><strong>LEGGI ANCHE -&gt;\u00a0<a href=\"https:\/\/icarojournal.com\/index.php\/2026\/03\/16\/venezia-in-tre-giorni-quella-che-scopri-quando-smetti-di-seguire-le-frecce\/\">Venezia in tre giorni: quella che scopri quando smetti di seguire le frecce<\/a><\/strong><\/p>\n","protected":false},"excerpt":{"rendered":"<p>C&#8217;\u00e8 una cosa che devi sapere sull&#8217;Irlanda il 17 marzo: non \u00e8 una festa. \u00c8 un&#8217;abitudine del cuore. Lo capisci appena atterri, quando anche l&#8217;uomo che timbra il passaporto all&#8217;aeroporto ti sorride e dice &#8220;Happy St. Patrick&#8217;s Day&#8221; come se ti conoscesse da sempre. San Patrizio qui non si celebra, si vive. E in tre [&hellip;]<\/p>\n","protected":false},"author":4,"featured_media":6911,"comment_status":"open","ping_status":"open","sticky":false,"template":"","format":"standard","meta":{"iawp_total_views":34,"footnotes":""},"categories":[85],"tags":[660,662,661,581,659],"class_list":["post-6908","post","type-post","status-publish","format-standard","has-post-thumbnail","hentry","category-viaggi","tag-cosa-fare-a-dublino","tag-festa-di-san-patrizio-viaggio","tag-viaggi-a-dublino","tag-viaggi-in-3-giorni","tag-viaggi-in-irlanda"],"yoast_head":"<!-- This site is optimized with the Yoast SEO plugin v27.5 - https:\/\/yoast.com\/product\/yoast-seo-wordpress\/ -->\n<title>San Patrizio a Dublino: tre giorni nel verde che ti cambia l&#039;anima - Icaro Journal<\/title>\n<meta name=\"description\" content=\"C&#039;\u00e8 una cosa che devi sapere sull&#039;Irlanda il 17 marzo: non \u00e8 una festa. \u00c8 un&#039;abitudine del cuore. Lo capisci appena atterri...\" \/>\n<meta name=\"robots\" content=\"index, follow, max-snippet:-1, max-image-preview:large, max-video-preview:-1\" \/>\n<link rel=\"canonical\" href=\"https:\/\/icarojournal.com\/index.php\/2026\/03\/17\/san-patrizio-a-dublino-tre-giorni-nel-verde-che-ti-cambia-lanima\/\" \/>\n<meta property=\"og:locale\" content=\"it_IT\" \/>\n<meta property=\"og:type\" content=\"article\" \/>\n<meta property=\"og:title\" content=\"San Patrizio a Dublino: tre giorni nel verde che ti cambia l&#039;anima - Icaro Journal\" \/>\n<meta property=\"og:description\" content=\"C&#039;\u00e8 una cosa che devi sapere sull&#039;Irlanda il 17 marzo: non \u00e8 una festa. \u00c8 un&#039;abitudine del cuore. Lo capisci appena atterri...\" \/>\n<meta property=\"og:url\" content=\"https:\/\/icarojournal.com\/index.php\/2026\/03\/17\/san-patrizio-a-dublino-tre-giorni-nel-verde-che-ti-cambia-lanima\/\" \/>\n<meta property=\"og:site_name\" content=\"Icaro Journal\" \/>\n<meta property=\"article:published_time\" content=\"2026-03-17T17:30:01+00:00\" \/>\n<meta property=\"og:image\" content=\"https:\/\/icarojournal.com\/wp-content\/uploads\/2026\/03\/Sostituire-il-San-Patrizio-a-Dublino-20260316-IcaroJournal-1-nel-dolci-20260316-IcaroJournal-1.jpg\" \/>\n\t<meta property=\"og:image:width\" content=\"1200\" \/>\n\t<meta property=\"og:image:height\" content=\"800\" \/>\n\t<meta property=\"og:image:type\" content=\"image\/jpeg\" \/>\n<meta name=\"author\" content=\"Andrea Piazza\" \/>\n<meta name=\"twitter:card\" content=\"summary_large_image\" \/>\n<meta name=\"twitter:label1\" content=\"Scritto da\" \/>\n\t<meta name=\"twitter:data1\" content=\"Andrea Piazza\" \/>\n\t<meta name=\"twitter:label2\" content=\"Tempo di lettura stimato\" \/>\n\t<meta name=\"twitter:data2\" content=\"6 minuti\" \/>\n<script type=\"application\/ld+json\" class=\"yoast-schema-graph\">{\"@context\":\"https:\\\/\\\/schema.org\",\"@graph\":[{\"@type\":\"Article\",\"@id\":\"https:\\\/\\\/icarojournal.com\\\/index.php\\\/2026\\\/03\\\/17\\\/san-patrizio-a-dublino-tre-giorni-nel-verde-che-ti-cambia-lanima\\\/#article\",\"isPartOf\":{\"@id\":\"https:\\\/\\\/icarojournal.com\\\/index.php\\\/2026\\\/03\\\/17\\\/san-patrizio-a-dublino-tre-giorni-nel-verde-che-ti-cambia-lanima\\\/\"},\"author\":{\"name\":\"Andrea Piazza\",\"@id\":\"https:\\\/\\\/icarojournal.com\\\/#\\\/schema\\\/person\\\/bd374958d33521ed6274c435d77c3805\"},\"headline\":\"San Patrizio a Dublino: tre giorni nel verde che ti cambia l&#8217;anima\",\"datePublished\":\"2026-03-17T17:30:01+00:00\",\"mainEntityOfPage\":{\"@id\":\"https:\\\/\\\/icarojournal.com\\\/index.php\\\/2026\\\/03\\\/17\\\/san-patrizio-a-dublino-tre-giorni-nel-verde-che-ti-cambia-lanima\\\/\"},\"wordCount\":857,\"commentCount\":0,\"publisher\":{\"@id\":\"https:\\\/\\\/icarojournal.com\\\/#organization\"},\"image\":{\"@id\":\"https:\\\/\\\/icarojournal.com\\\/index.php\\\/2026\\\/03\\\/17\\\/san-patrizio-a-dublino-tre-giorni-nel-verde-che-ti-cambia-lanima\\\/#primaryimage\"},\"thumbnailUrl\":\"https:\\\/\\\/icarojournal.com\\\/wp-content\\\/uploads\\\/2026\\\/03\\\/Sostituire-il-San-Patrizio-a-Dublino-20260316-IcaroJournal-1-nel-dolci-20260316-IcaroJournal-1.jpg\",\"keywords\":[\"Cosa fare a Dublino\",\"Festa di San Patrizio viaggio\",\"Viaggi a Dublino\",\"viaggi in 3 giorni\",\"Viaggi in Irlanda\"],\"articleSection\":[\"Viaggi\"],\"inLanguage\":\"it-IT\",\"potentialAction\":[{\"@type\":\"CommentAction\",\"name\":\"Comment\",\"target\":[\"https:\\\/\\\/icarojournal.com\\\/index.php\\\/2026\\\/03\\\/17\\\/san-patrizio-a-dublino-tre-giorni-nel-verde-che-ti-cambia-lanima\\\/#respond\"]}]},{\"@type\":\"WebPage\",\"@id\":\"https:\\\/\\\/icarojournal.com\\\/index.php\\\/2026\\\/03\\\/17\\\/san-patrizio-a-dublino-tre-giorni-nel-verde-che-ti-cambia-lanima\\\/\",\"url\":\"https:\\\/\\\/icarojournal.com\\\/index.php\\\/2026\\\/03\\\/17\\\/san-patrizio-a-dublino-tre-giorni-nel-verde-che-ti-cambia-lanima\\\/\",\"name\":\"San Patrizio a Dublino: tre giorni nel verde che ti cambia l'anima - Icaro Journal\",\"isPartOf\":{\"@id\":\"https:\\\/\\\/icarojournal.com\\\/#website\"},\"primaryImageOfPage\":{\"@id\":\"https:\\\/\\\/icarojournal.com\\\/index.php\\\/2026\\\/03\\\/17\\\/san-patrizio-a-dublino-tre-giorni-nel-verde-che-ti-cambia-lanima\\\/#primaryimage\"},\"image\":{\"@id\":\"https:\\\/\\\/icarojournal.com\\\/index.php\\\/2026\\\/03\\\/17\\\/san-patrizio-a-dublino-tre-giorni-nel-verde-che-ti-cambia-lanima\\\/#primaryimage\"},\"thumbnailUrl\":\"https:\\\/\\\/icarojournal.com\\\/wp-content\\\/uploads\\\/2026\\\/03\\\/Sostituire-il-San-Patrizio-a-Dublino-20260316-IcaroJournal-1-nel-dolci-20260316-IcaroJournal-1.jpg\",\"datePublished\":\"2026-03-17T17:30:01+00:00\",\"description\":\"C'\u00e8 una cosa che devi sapere sull'Irlanda il 17 marzo: non \u00e8 una festa. \u00c8 un'abitudine del cuore. Lo capisci appena atterri...\",\"breadcrumb\":{\"@id\":\"https:\\\/\\\/icarojournal.com\\\/index.php\\\/2026\\\/03\\\/17\\\/san-patrizio-a-dublino-tre-giorni-nel-verde-che-ti-cambia-lanima\\\/#breadcrumb\"},\"inLanguage\":\"it-IT\",\"potentialAction\":[{\"@type\":\"ReadAction\",\"target\":[\"https:\\\/\\\/icarojournal.com\\\/index.php\\\/2026\\\/03\\\/17\\\/san-patrizio-a-dublino-tre-giorni-nel-verde-che-ti-cambia-lanima\\\/\"]}]},{\"@type\":\"ImageObject\",\"inLanguage\":\"it-IT\",\"@id\":\"https:\\\/\\\/icarojournal.com\\\/index.php\\\/2026\\\/03\\\/17\\\/san-patrizio-a-dublino-tre-giorni-nel-verde-che-ti-cambia-lanima\\\/#primaryimage\",\"url\":\"https:\\\/\\\/icarojournal.com\\\/wp-content\\\/uploads\\\/2026\\\/03\\\/Sostituire-il-San-Patrizio-a-Dublino-20260316-IcaroJournal-1-nel-dolci-20260316-IcaroJournal-1.jpg\",\"contentUrl\":\"https:\\\/\\\/icarojournal.com\\\/wp-content\\\/uploads\\\/2026\\\/03\\\/Sostituire-il-San-Patrizio-a-Dublino-20260316-IcaroJournal-1-nel-dolci-20260316-IcaroJournal-1.jpg\",\"width\":1200,\"height\":800,\"caption\":\"San Patrizio a Dublino - IcaroJournal\"},{\"@type\":\"BreadcrumbList\",\"@id\":\"https:\\\/\\\/icarojournal.com\\\/index.php\\\/2026\\\/03\\\/17\\\/san-patrizio-a-dublino-tre-giorni-nel-verde-che-ti-cambia-lanima\\\/#breadcrumb\",\"itemListElement\":[{\"@type\":\"ListItem\",\"position\":1,\"name\":\"Home\",\"item\":\"https:\\\/\\\/icarojournal.com\\\/\"},{\"@type\":\"ListItem\",\"position\":2,\"name\":\"San Patrizio a Dublino: tre giorni nel verde che ti cambia l&#8217;anima\"}]},{\"@type\":\"WebSite\",\"@id\":\"https:\\\/\\\/icarojournal.com\\\/#website\",\"url\":\"https:\\\/\\\/icarojournal.com\\\/\",\"name\":\"Icaro Journal\",\"description\":\"Dalla cucina ai viaggi alle storie di vita\",\"publisher\":{\"@id\":\"https:\\\/\\\/icarojournal.com\\\/#organization\"},\"potentialAction\":[{\"@type\":\"SearchAction\",\"target\":{\"@type\":\"EntryPoint\",\"urlTemplate\":\"https:\\\/\\\/icarojournal.com\\\/?s={search_term_string}\"},\"query-input\":{\"@type\":\"PropertyValueSpecification\",\"valueRequired\":true,\"valueName\":\"search_term_string\"}}],\"inLanguage\":\"it-IT\"},{\"@type\":\"Organization\",\"@id\":\"https:\\\/\\\/icarojournal.com\\\/#organization\",\"name\":\"Icaro Journal\",\"url\":\"https:\\\/\\\/icarojournal.com\\\/\",\"logo\":{\"@type\":\"ImageObject\",\"inLanguage\":\"it-IT\",\"@id\":\"https:\\\/\\\/icarojournal.com\\\/#\\\/schema\\\/logo\\\/image\\\/\",\"url\":\"https:\\\/\\\/icarojournal.com\\\/wp-content\\\/uploads\\\/2024\\\/09\\\/cropped-logo.png\",\"contentUrl\":\"https:\\\/\\\/icarojournal.com\\\/wp-content\\\/uploads\\\/2024\\\/09\\\/cropped-logo.png\",\"width\":249,\"height\":112,\"caption\":\"Icaro Journal\"},\"image\":{\"@id\":\"https:\\\/\\\/icarojournal.com\\\/#\\\/schema\\\/logo\\\/image\\\/\"},\"sameAs\":[\"https:\\\/\\\/www.instagram.com\\\/icarojournal\\\/\"]},{\"@type\":\"Person\",\"@id\":\"https:\\\/\\\/icarojournal.com\\\/#\\\/schema\\\/person\\\/bd374958d33521ed6274c435d77c3805\",\"name\":\"Andrea Piazza\",\"image\":{\"@type\":\"ImageObject\",\"inLanguage\":\"it-IT\",\"@id\":\"https:\\\/\\\/icarojournal.com\\\/wp-content\\\/uploads\\\/2026\\\/03\\\/Screenshot-2026-03-09-alle-16.33.43-100x100.png\",\"url\":\"https:\\\/\\\/icarojournal.com\\\/wp-content\\\/uploads\\\/2026\\\/03\\\/Screenshot-2026-03-09-alle-16.33.43-100x100.png\",\"contentUrl\":\"https:\\\/\\\/icarojournal.com\\\/wp-content\\\/uploads\\\/2026\\\/03\\\/Screenshot-2026-03-09-alle-16.33.43-100x100.png\",\"caption\":\"Andrea Piazza\"},\"url\":\"https:\\\/\\\/icarojournal.com\\\/index.php\\\/author\\\/andrea-piazza\\\/\"}]}<\/script>\n<!-- \/ Yoast SEO plugin. -->","yoast_head_json":{"title":"San Patrizio a Dublino: tre giorni nel verde che ti cambia l'anima - Icaro Journal","description":"C'\u00e8 una cosa che devi sapere sull'Irlanda il 17 marzo: non \u00e8 una festa. \u00c8 un'abitudine del cuore. Lo capisci appena atterri...","robots":{"index":"index","follow":"follow","max-snippet":"max-snippet:-1","max-image-preview":"max-image-preview:large","max-video-preview":"max-video-preview:-1"},"canonical":"https:\/\/icarojournal.com\/index.php\/2026\/03\/17\/san-patrizio-a-dublino-tre-giorni-nel-verde-che-ti-cambia-lanima\/","og_locale":"it_IT","og_type":"article","og_title":"San Patrizio a Dublino: tre giorni nel verde che ti cambia l'anima - Icaro Journal","og_description":"C'\u00e8 una cosa che devi sapere sull'Irlanda il 17 marzo: non \u00e8 una festa. \u00c8 un'abitudine del cuore. Lo capisci appena atterri...","og_url":"https:\/\/icarojournal.com\/index.php\/2026\/03\/17\/san-patrizio-a-dublino-tre-giorni-nel-verde-che-ti-cambia-lanima\/","og_site_name":"Icaro Journal","article_published_time":"2026-03-17T17:30:01+00:00","og_image":[{"width":1200,"height":800,"url":"https:\/\/icarojournal.com\/wp-content\/uploads\/2026\/03\/Sostituire-il-San-Patrizio-a-Dublino-20260316-IcaroJournal-1-nel-dolci-20260316-IcaroJournal-1.jpg","type":"image\/jpeg"}],"author":"Andrea Piazza","twitter_card":"summary_large_image","twitter_misc":{"Scritto da":"Andrea Piazza","Tempo di lettura stimato":"6 minuti"},"schema":{"@context":"https:\/\/schema.org","@graph":[{"@type":"Article","@id":"https:\/\/icarojournal.com\/index.php\/2026\/03\/17\/san-patrizio-a-dublino-tre-giorni-nel-verde-che-ti-cambia-lanima\/#article","isPartOf":{"@id":"https:\/\/icarojournal.com\/index.php\/2026\/03\/17\/san-patrizio-a-dublino-tre-giorni-nel-verde-che-ti-cambia-lanima\/"},"author":{"name":"Andrea Piazza","@id":"https:\/\/icarojournal.com\/#\/schema\/person\/bd374958d33521ed6274c435d77c3805"},"headline":"San Patrizio a Dublino: tre giorni nel verde che ti cambia l&#8217;anima","datePublished":"2026-03-17T17:30:01+00:00","mainEntityOfPage":{"@id":"https:\/\/icarojournal.com\/index.php\/2026\/03\/17\/san-patrizio-a-dublino-tre-giorni-nel-verde-che-ti-cambia-lanima\/"},"wordCount":857,"commentCount":0,"publisher":{"@id":"https:\/\/icarojournal.com\/#organization"},"image":{"@id":"https:\/\/icarojournal.com\/index.php\/2026\/03\/17\/san-patrizio-a-dublino-tre-giorni-nel-verde-che-ti-cambia-lanima\/#primaryimage"},"thumbnailUrl":"https:\/\/icarojournal.com\/wp-content\/uploads\/2026\/03\/Sostituire-il-San-Patrizio-a-Dublino-20260316-IcaroJournal-1-nel-dolci-20260316-IcaroJournal-1.jpg","keywords":["Cosa fare a Dublino","Festa di San Patrizio viaggio","Viaggi a Dublino","viaggi in 3 giorni","Viaggi in Irlanda"],"articleSection":["Viaggi"],"inLanguage":"it-IT","potentialAction":[{"@type":"CommentAction","name":"Comment","target":["https:\/\/icarojournal.com\/index.php\/2026\/03\/17\/san-patrizio-a-dublino-tre-giorni-nel-verde-che-ti-cambia-lanima\/#respond"]}]},{"@type":"WebPage","@id":"https:\/\/icarojournal.com\/index.php\/2026\/03\/17\/san-patrizio-a-dublino-tre-giorni-nel-verde-che-ti-cambia-lanima\/","url":"https:\/\/icarojournal.com\/index.php\/2026\/03\/17\/san-patrizio-a-dublino-tre-giorni-nel-verde-che-ti-cambia-lanima\/","name":"San Patrizio a Dublino: tre giorni nel verde che ti cambia l'anima - Icaro Journal","isPartOf":{"@id":"https:\/\/icarojournal.com\/#website"},"primaryImageOfPage":{"@id":"https:\/\/icarojournal.com\/index.php\/2026\/03\/17\/san-patrizio-a-dublino-tre-giorni-nel-verde-che-ti-cambia-lanima\/#primaryimage"},"image":{"@id":"https:\/\/icarojournal.com\/index.php\/2026\/03\/17\/san-patrizio-a-dublino-tre-giorni-nel-verde-che-ti-cambia-lanima\/#primaryimage"},"thumbnailUrl":"https:\/\/icarojournal.com\/wp-content\/uploads\/2026\/03\/Sostituire-il-San-Patrizio-a-Dublino-20260316-IcaroJournal-1-nel-dolci-20260316-IcaroJournal-1.jpg","datePublished":"2026-03-17T17:30:01+00:00","description":"C'\u00e8 una cosa che devi sapere sull'Irlanda il 17 marzo: non \u00e8 una festa. \u00c8 un'abitudine del cuore. Lo capisci appena atterri...","breadcrumb":{"@id":"https:\/\/icarojournal.com\/index.php\/2026\/03\/17\/san-patrizio-a-dublino-tre-giorni-nel-verde-che-ti-cambia-lanima\/#breadcrumb"},"inLanguage":"it-IT","potentialAction":[{"@type":"ReadAction","target":["https:\/\/icarojournal.com\/index.php\/2026\/03\/17\/san-patrizio-a-dublino-tre-giorni-nel-verde-che-ti-cambia-lanima\/"]}]},{"@type":"ImageObject","inLanguage":"it-IT","@id":"https:\/\/icarojournal.com\/index.php\/2026\/03\/17\/san-patrizio-a-dublino-tre-giorni-nel-verde-che-ti-cambia-lanima\/#primaryimage","url":"https:\/\/icarojournal.com\/wp-content\/uploads\/2026\/03\/Sostituire-il-San-Patrizio-a-Dublino-20260316-IcaroJournal-1-nel-dolci-20260316-IcaroJournal-1.jpg","contentUrl":"https:\/\/icarojournal.com\/wp-content\/uploads\/2026\/03\/Sostituire-il-San-Patrizio-a-Dublino-20260316-IcaroJournal-1-nel-dolci-20260316-IcaroJournal-1.jpg","width":1200,"height":800,"caption":"San Patrizio a Dublino - IcaroJournal"},{"@type":"BreadcrumbList","@id":"https:\/\/icarojournal.com\/index.php\/2026\/03\/17\/san-patrizio-a-dublino-tre-giorni-nel-verde-che-ti-cambia-lanima\/#breadcrumb","itemListElement":[{"@type":"ListItem","position":1,"name":"Home","item":"https:\/\/icarojournal.com\/"},{"@type":"ListItem","position":2,"name":"San Patrizio a Dublino: tre giorni nel verde che ti cambia l&#8217;anima"}]},{"@type":"WebSite","@id":"https:\/\/icarojournal.com\/#website","url":"https:\/\/icarojournal.com\/","name":"Icaro Journal","description":"Dalla cucina ai viaggi alle storie di vita","publisher":{"@id":"https:\/\/icarojournal.com\/#organization"},"potentialAction":[{"@type":"SearchAction","target":{"@type":"EntryPoint","urlTemplate":"https:\/\/icarojournal.com\/?s={search_term_string}"},"query-input":{"@type":"PropertyValueSpecification","valueRequired":true,"valueName":"search_term_string"}}],"inLanguage":"it-IT"},{"@type":"Organization","@id":"https:\/\/icarojournal.com\/#organization","name":"Icaro Journal","url":"https:\/\/icarojournal.com\/","logo":{"@type":"ImageObject","inLanguage":"it-IT","@id":"https:\/\/icarojournal.com\/#\/schema\/logo\/image\/","url":"https:\/\/icarojournal.com\/wp-content\/uploads\/2024\/09\/cropped-logo.png","contentUrl":"https:\/\/icarojournal.com\/wp-content\/uploads\/2024\/09\/cropped-logo.png","width":249,"height":112,"caption":"Icaro Journal"},"image":{"@id":"https:\/\/icarojournal.com\/#\/schema\/logo\/image\/"},"sameAs":["https:\/\/www.instagram.com\/icarojournal\/"]},{"@type":"Person","@id":"https:\/\/icarojournal.com\/#\/schema\/person\/bd374958d33521ed6274c435d77c3805","name":"Andrea Piazza","image":{"@type":"ImageObject","inLanguage":"it-IT","@id":"https:\/\/icarojournal.com\/wp-content\/uploads\/2026\/03\/Screenshot-2026-03-09-alle-16.33.43-100x100.png","url":"https:\/\/icarojournal.com\/wp-content\/uploads\/2026\/03\/Screenshot-2026-03-09-alle-16.33.43-100x100.png","contentUrl":"https:\/\/icarojournal.com\/wp-content\/uploads\/2026\/03\/Screenshot-2026-03-09-alle-16.33.43-100x100.png","caption":"Andrea Piazza"},"url":"https:\/\/icarojournal.com\/index.php\/author\/andrea-piazza\/"}]}},"_links":{"self":[{"href":"https:\/\/icarojournal.com\/index.php\/wp-json\/wp\/v2\/posts\/6908","targetHints":{"allow":["GET"]}}],"collection":[{"href":"https:\/\/icarojournal.com\/index.php\/wp-json\/wp\/v2\/posts"}],"about":[{"href":"https:\/\/icarojournal.com\/index.php\/wp-json\/wp\/v2\/types\/post"}],"author":[{"embeddable":true,"href":"https:\/\/icarojournal.com\/index.php\/wp-json\/wp\/v2\/users\/4"}],"replies":[{"embeddable":true,"href":"https:\/\/icarojournal.com\/index.php\/wp-json\/wp\/v2\/comments?post=6908"}],"version-history":[{"count":1,"href":"https:\/\/icarojournal.com\/index.php\/wp-json\/wp\/v2\/posts\/6908\/revisions"}],"predecessor-version":[{"id":6912,"href":"https:\/\/icarojournal.com\/index.php\/wp-json\/wp\/v2\/posts\/6908\/revisions\/6912"}],"wp:featuredmedia":[{"embeddable":true,"href":"https:\/\/icarojournal.com\/index.php\/wp-json\/wp\/v2\/media\/6911"}],"wp:attachment":[{"href":"https:\/\/icarojournal.com\/index.php\/wp-json\/wp\/v2\/media?parent=6908"}],"wp:term":[{"taxonomy":"category","embeddable":true,"href":"https:\/\/icarojournal.com\/index.php\/wp-json\/wp\/v2\/categories?post=6908"},{"taxonomy":"post_tag","embeddable":true,"href":"https:\/\/icarojournal.com\/index.php\/wp-json\/wp\/v2\/tags?post=6908"}],"curies":[{"name":"wp","href":"https:\/\/api.w.org\/{rel}","templated":true}]}}