{"id":7939,"date":"2026-04-26T11:41:20","date_gmt":"2026-04-26T09:41:20","guid":{"rendered":"https:\/\/icarojournal.com\/?p=7939"},"modified":"2026-04-26T11:41:20","modified_gmt":"2026-04-26T09:41:20","slug":"questa-e-vegana-al-100-la-faccio-senza-lievito-e-cuocio-in-friggitrice-ad-aria","status":"publish","type":"post","link":"https:\/\/icarojournal.com\/index.php\/2026\/04\/26\/questa-e-vegana-al-100-la-faccio-senza-lievito-e-cuocio-in-friggitrice-ad-aria\/","title":{"rendered":"Questa \u00e8 vegana al 100%, la faccio senza lievito e cuocio in friggitrice ad aria"},"content":{"rendered":"<p><strong>La domenica \u00e8 la giornata del relax per eccellenza, ecco perch\u00e9 ho preferito puntare tutto su questa ricetta vegana al 100%, che non richiede il lievito e, soprattutto, che possiamo preparare senza nemmeno accendere il forno, perch\u00e9 faremo tutto in friggitrice ad aria.<\/strong><\/p>\n<p>Cresce sempre di pi\u00f9 il pregiudizio nei confronti della cucina vegana, ignari del fatto che gi\u00e0 molti degli alimenti che introduciamo nel quotidiano lo sono gi\u00e0. Un esempio pratico e lampante per capire quanto stiamo dicendo \u00e8 rappresentato dalla base pizza: se riflettiamo molto attentamente, gli ingredienti che la vanno a comporre sono pochi e lontani dal mondo della proteina animale, facciamo riferimento a farina, acqua, olio, sale e lievito.<\/p>\n<p>A determinare poi se <strong>il piatto rimane vegano<\/strong>, <strong>diventa<\/strong> <strong>vegetariano<\/strong> oppure non rientra in nessuna di queste due categorie, \u00e8 il condimento. Pi\u00f9 semplice sar\u00e0, pi\u00f9 facile sar\u00e0 far rimanere la nostra pizza vegana, magari optando per qualche formaggio vegetale, oppure trasformarla in un piatto vegetariano, se proprio vogliamo rimanere nei meandri della leggerezza. Per capirci, <strong>la pizza margherita che tutti noi conosciamo e amiamo in realt\u00e0 \u00e8 vegetariana<\/strong>. A ogni modo, oggi <strong>rimarremo fedeli alla base vegetale di questa ricetta<\/strong> e la faremo senza lievito, quindi dimezzeremo considerevolmente i tempi di attesa.<\/p>\n<h2>Una ricetta vegana al 100% da fare senza lievito: prova subito questa base pizza<\/h2>\n<p>Come avrete facilmente intuito, dunque,<strong> il piatto al quale facciamo riferimento oggi \u00e8 la base pizza<\/strong>, una delle ricette pi\u00f9 tradizionali e famose di sempre ma che in realt\u00e0 ha una base vegetale, quindi \u00e8 una ricetta vegana al 100%. Inoltre, andremo a eliminare il lievito, cos\u00ec non dovremo attendere ore per la lievitazione, ma potremo procedere tranquillamente in pochi minuti rispetto alla classica ricetta. Gli ingredienti che ci serviranno, dunque, sono solo i seguenti.<\/p>\n<ul>\n<li>600 grammi di farina,<\/li>\n<li>300 grammi di acqua,<\/li>\n<li>8 grammi di sale,<\/li>\n<li>40 ml di olio.<\/li>\n<\/ul>\n<h3>Preparazione della nostra base pizza vegana<\/h3>\n<p>La preparazione di questa base pizza \u00e8 molto semplice e, inoltre, come potete notare, non ha bisogno del lievito, quindi non sar\u00e0 necessario un tempo d\u2019attesa se non lo desideriamo, ma possiamo procedere direttamente con la cottura. Iniziamo prendendo una ciotola capiente dove mettere all\u2019interno la farina, andiamo a creare una fontanella al centro dove mettere prima l\u2019olio, poi il sale, e mettiamo l\u2019acqua a filo, cos\u00ec da procedere con la preparazione dell\u2019impasto.<strong> Lavoriamo gli ingredienti insieme fin quando non avremo ottenuto un impasto abbastanza elastico<\/strong>, merito dell\u2019olio d\u2019oliva. Se vi accorgete che l\u2019impasto \u00e8 troppo duro, comunque sia, non disperate: aggiungete giusto un cucchiaino di olio, senza esagerare, in modo tale da continuare a lavorare finch\u00e9 questo non ritorna morbido.<\/p>\n<p><strong>LEGGI ANCHE -&gt;\u00a0<a href=\"https:\/\/icarojournal.com\/index.php\/2026\/04\/24\/torta-morbida-senza-glutine-buona-e-pure-vegana-che-fa-te-ne-privi\/\" target=\"_blank\" rel=\"noopener\">Torta morbida, senza glutine, buona e pure vegana: che fa te ne privi?<\/a><\/strong><\/p>\n<p><strong>LEGGI ANCHE -&gt;\u00a0<a href=\"https:\/\/icarojournal.com\/index.php\/2026\/04\/25\/spumone-al-caffe-light-non-metto-panna-o-zucchero-ma-e-lo-stesso-dolcissimo\/\" target=\"_blank\" rel=\"noopener\">Spumone al caff\u00e8 light, non metto panna o zucchero, ma \u00e8 lo stesso dolcissimo!<\/a><\/strong><\/p>\n<p>Adesso, se lo desideriamo, possiamo lasciarlo respirare per circa cinque minuti, giusto il tempo di accendere il programma di <strong>preriscaldamento nella friggitrice ad aria<\/strong>, cos\u00ec da riscaldarla in anticipo. Dividiamo il nostro impasto in quattro parti, <strong>stendiamolo pian piano con<\/strong> <strong>il<\/strong> <strong>mattarello<\/strong>. La dimensione dipende dalla vostra friggitrice ad aria, cercate di preparare una base pizza che si adatti al cestello, lasciando giusto qualche centimetro di margine per la cottura. Adesso possiamo cuocere la nostra base pizza gi\u00e0 cos\u00ec e farne una pan pizza da condire successivamente oppure, pi\u00f9 semplicemente, condiamo con salsa di pomodoro, formaggio vegetale o qualunque altro tipo di ingrediente, verdura e tanto altro ancora.<\/p>\n<p>La nostra pizza sar\u00e0 subito pronta per essere servita in tavola e tu sarai rimasta fedele alla tua dieta vegana al 100%, oppure, pi\u00f9 semplicemente, avrai introdotto nel tuo piano alimentare un nuovo alimento in realt\u00e0 gi\u00e0 noto, che ha comunque una <strong>base vegetale al 100%.<\/strong><\/p>\n<p><strong>LEGGI ANCHE -&gt;\u00a0<a href=\"https:\/\/icarojournal.com\/index.php\/2026\/04\/25\/torta-al-cioccolato-super-golosa-e-gustosa-senza-lattosio-e-non-solo-anche-questa-e-vegana\/\" target=\"_blank\" rel=\"noopener\">Torta al cioccolato super golosa e gustosa, senza lattosio e non solo\u2026 anche questa \u00e8 vegana<\/a><\/strong><\/p>\n<p><strong>LEGGI ANCHE -&gt;\u00a0<a href=\"https:\/\/icarojournal.com\/index.php\/2026\/04\/25\/pasta-con-crema-di-carciofi-con-il-minimo-sforzo-in-meno-di-15-minuti-sara-tutto-pronto\/\" target=\"_blank\" rel=\"noopener\">Pasta con crema di carciofi con il minimo sforzo, in meno di 15 minuti sar\u00e0 tutto pronto<\/a><\/strong><\/p>\n","protected":false},"excerpt":{"rendered":"<p>La domenica \u00e8 la giornata del relax per eccellenza, ecco perch\u00e9 ho preferito puntare tutto su questa ricetta vegana al 100%, che non richiede il lievito e, soprattutto, che possiamo preparare senza nemmeno accendere il forno, perch\u00e9 faremo tutto in friggitrice ad aria. Cresce sempre di pi\u00f9 il pregiudizio nei confronti della cucina vegana, ignari [&hellip;]<\/p>\n","protected":false},"author":2,"featured_media":7940,"comment_status":"open","ping_status":"open","sticky":false,"template":"","format":"standard","meta":{"iawp_total_views":10,"footnotes":""},"categories":[360],"tags":[552,510,386,404],"class_list":["post-7939","post","type-post","status-publish","format-standard","has-post-thumbnail","hentry","category-cucina","tag-pizza","tag-pizza-in-friggitrice-ad-aria","tag-ricette-vegane","tag-ricette-vegetariane"],"yoast_head":"<!-- This site is optimized with the Yoast SEO plugin v27.4 - https:\/\/yoast.com\/product\/yoast-seo-wordpress\/ -->\n<title>Questa \u00e8 vegana al 100%, la faccio senza lievito e cuocio in friggitrice ad aria - Icaro Journal<\/title>\n<meta name=\"description\" content=\"La domenica \u00e8 la giornata del relax per eccellenza, ecco perch\u00e9 ho preferito puntare tutto su questa ricetta vegana al 100%\" \/>\n<meta name=\"robots\" content=\"index, follow, max-snippet:-1, max-image-preview:large, max-video-preview:-1\" \/>\n<link rel=\"canonical\" href=\"https:\/\/icarojournal.com\/index.php\/2026\/04\/26\/questa-e-vegana-al-100-la-faccio-senza-lievito-e-cuocio-in-friggitrice-ad-aria\/\" \/>\n<meta property=\"og:locale\" content=\"it_IT\" \/>\n<meta property=\"og:type\" content=\"article\" \/>\n<meta property=\"og:title\" content=\"Questa \u00e8 vegana al 100%, la faccio senza lievito e cuocio in friggitrice ad aria - Icaro Journal\" \/>\n<meta property=\"og:description\" content=\"La domenica \u00e8 la giornata del relax per eccellenza, ecco perch\u00e9 ho preferito puntare tutto su questa ricetta vegana al 100%\" \/>\n<meta property=\"og:url\" content=\"https:\/\/icarojournal.com\/index.php\/2026\/04\/26\/questa-e-vegana-al-100-la-faccio-senza-lievito-e-cuocio-in-friggitrice-ad-aria\/\" \/>\n<meta property=\"og:site_name\" content=\"Icaro Journal\" \/>\n<meta property=\"article:published_time\" content=\"2026-04-26T09:41:20+00:00\" \/>\n<meta property=\"og:image\" content=\"https:\/\/icarojournal.com\/wp-content\/uploads\/2026\/04\/Ricetta-vegana-al-100-20260426-IcaroJournal-.jpg\" \/>\n\t<meta property=\"og:image:width\" content=\"1200\" \/>\n\t<meta property=\"og:image:height\" content=\"800\" \/>\n\t<meta property=\"og:image:type\" content=\"image\/jpeg\" \/>\n<meta name=\"author\" content=\"Francesca Guglielmino\" \/>\n<meta name=\"twitter:card\" content=\"summary_large_image\" \/>\n<meta name=\"twitter:label1\" content=\"Scritto da\" \/>\n\t<meta name=\"twitter:data1\" content=\"Francesca Guglielmino\" \/>\n\t<meta name=\"twitter:label2\" content=\"Tempo di lettura stimato\" \/>\n\t<meta name=\"twitter:data2\" content=\"4 minuti\" \/>\n<script type=\"application\/ld+json\" class=\"yoast-schema-graph\">{\"@context\":\"https:\\\/\\\/schema.org\",\"@graph\":[{\"@type\":\"Article\",\"@id\":\"https:\\\/\\\/icarojournal.com\\\/index.php\\\/2026\\\/04\\\/26\\\/questa-e-vegana-al-100-la-faccio-senza-lievito-e-cuocio-in-friggitrice-ad-aria\\\/#article\",\"isPartOf\":{\"@id\":\"https:\\\/\\\/icarojournal.com\\\/index.php\\\/2026\\\/04\\\/26\\\/questa-e-vegana-al-100-la-faccio-senza-lievito-e-cuocio-in-friggitrice-ad-aria\\\/\"},\"author\":{\"name\":\"Francesca Guglielmino\",\"@id\":\"https:\\\/\\\/icarojournal.com\\\/#\\\/schema\\\/person\\\/50728028a3703bea504b6347d37b5f99\"},\"headline\":\"Questa \u00e8 vegana al 100%, la faccio senza lievito e cuocio in friggitrice ad aria\",\"datePublished\":\"2026-04-26T09:41:20+00:00\",\"mainEntityOfPage\":{\"@id\":\"https:\\\/\\\/icarojournal.com\\\/index.php\\\/2026\\\/04\\\/26\\\/questa-e-vegana-al-100-la-faccio-senza-lievito-e-cuocio-in-friggitrice-ad-aria\\\/\"},\"wordCount\":669,\"commentCount\":0,\"publisher\":{\"@id\":\"https:\\\/\\\/icarojournal.com\\\/#organization\"},\"image\":{\"@id\":\"https:\\\/\\\/icarojournal.com\\\/index.php\\\/2026\\\/04\\\/26\\\/questa-e-vegana-al-100-la-faccio-senza-lievito-e-cuocio-in-friggitrice-ad-aria\\\/#primaryimage\"},\"thumbnailUrl\":\"https:\\\/\\\/icarojournal.com\\\/wp-content\\\/uploads\\\/2026\\\/04\\\/Ricetta-vegana-al-100-20260426-IcaroJournal-.jpg\",\"keywords\":[\"pizza\",\"pizza in friggitrice ad aria\",\"ricette vegane\",\"ricette vegetariane\"],\"articleSection\":[\"Cucina\"],\"inLanguage\":\"it-IT\",\"potentialAction\":[{\"@type\":\"CommentAction\",\"name\":\"Comment\",\"target\":[\"https:\\\/\\\/icarojournal.com\\\/index.php\\\/2026\\\/04\\\/26\\\/questa-e-vegana-al-100-la-faccio-senza-lievito-e-cuocio-in-friggitrice-ad-aria\\\/#respond\"]}]},{\"@type\":\"WebPage\",\"@id\":\"https:\\\/\\\/icarojournal.com\\\/index.php\\\/2026\\\/04\\\/26\\\/questa-e-vegana-al-100-la-faccio-senza-lievito-e-cuocio-in-friggitrice-ad-aria\\\/\",\"url\":\"https:\\\/\\\/icarojournal.com\\\/index.php\\\/2026\\\/04\\\/26\\\/questa-e-vegana-al-100-la-faccio-senza-lievito-e-cuocio-in-friggitrice-ad-aria\\\/\",\"name\":\"Questa \u00e8 vegana al 100%, la faccio senza lievito e cuocio in friggitrice ad aria - Icaro Journal\",\"isPartOf\":{\"@id\":\"https:\\\/\\\/icarojournal.com\\\/#website\"},\"primaryImageOfPage\":{\"@id\":\"https:\\\/\\\/icarojournal.com\\\/index.php\\\/2026\\\/04\\\/26\\\/questa-e-vegana-al-100-la-faccio-senza-lievito-e-cuocio-in-friggitrice-ad-aria\\\/#primaryimage\"},\"image\":{\"@id\":\"https:\\\/\\\/icarojournal.com\\\/index.php\\\/2026\\\/04\\\/26\\\/questa-e-vegana-al-100-la-faccio-senza-lievito-e-cuocio-in-friggitrice-ad-aria\\\/#primaryimage\"},\"thumbnailUrl\":\"https:\\\/\\\/icarojournal.com\\\/wp-content\\\/uploads\\\/2026\\\/04\\\/Ricetta-vegana-al-100-20260426-IcaroJournal-.jpg\",\"datePublished\":\"2026-04-26T09:41:20+00:00\",\"description\":\"La domenica \u00e8 la giornata del relax per eccellenza, ecco perch\u00e9 ho preferito puntare tutto su questa ricetta vegana al 100%\",\"breadcrumb\":{\"@id\":\"https:\\\/\\\/icarojournal.com\\\/index.php\\\/2026\\\/04\\\/26\\\/questa-e-vegana-al-100-la-faccio-senza-lievito-e-cuocio-in-friggitrice-ad-aria\\\/#breadcrumb\"},\"inLanguage\":\"it-IT\",\"potentialAction\":[{\"@type\":\"ReadAction\",\"target\":[\"https:\\\/\\\/icarojournal.com\\\/index.php\\\/2026\\\/04\\\/26\\\/questa-e-vegana-al-100-la-faccio-senza-lievito-e-cuocio-in-friggitrice-ad-aria\\\/\"]}]},{\"@type\":\"ImageObject\",\"inLanguage\":\"it-IT\",\"@id\":\"https:\\\/\\\/icarojournal.com\\\/index.php\\\/2026\\\/04\\\/26\\\/questa-e-vegana-al-100-la-faccio-senza-lievito-e-cuocio-in-friggitrice-ad-aria\\\/#primaryimage\",\"url\":\"https:\\\/\\\/icarojournal.com\\\/wp-content\\\/uploads\\\/2026\\\/04\\\/Ricetta-vegana-al-100-20260426-IcaroJournal-.jpg\",\"contentUrl\":\"https:\\\/\\\/icarojournal.com\\\/wp-content\\\/uploads\\\/2026\\\/04\\\/Ricetta-vegana-al-100-20260426-IcaroJournal-.jpg\",\"width\":1200,\"height\":800,\"caption\":\"Ricetta vegana al 100% - IcaroJournal\"},{\"@type\":\"BreadcrumbList\",\"@id\":\"https:\\\/\\\/icarojournal.com\\\/index.php\\\/2026\\\/04\\\/26\\\/questa-e-vegana-al-100-la-faccio-senza-lievito-e-cuocio-in-friggitrice-ad-aria\\\/#breadcrumb\",\"itemListElement\":[{\"@type\":\"ListItem\",\"position\":1,\"name\":\"Home\",\"item\":\"https:\\\/\\\/icarojournal.com\\\/\"},{\"@type\":\"ListItem\",\"position\":2,\"name\":\"Questa \u00e8 vegana al 100%, la faccio senza lievito e cuocio in friggitrice ad aria\"}]},{\"@type\":\"WebSite\",\"@id\":\"https:\\\/\\\/icarojournal.com\\\/#website\",\"url\":\"https:\\\/\\\/icarojournal.com\\\/\",\"name\":\"Icaro Journal\",\"description\":\"Dalla cucina ai viaggi alle storie di vita\",\"publisher\":{\"@id\":\"https:\\\/\\\/icarojournal.com\\\/#organization\"},\"potentialAction\":[{\"@type\":\"SearchAction\",\"target\":{\"@type\":\"EntryPoint\",\"urlTemplate\":\"https:\\\/\\\/icarojournal.com\\\/?s={search_term_string}\"},\"query-input\":{\"@type\":\"PropertyValueSpecification\",\"valueRequired\":true,\"valueName\":\"search_term_string\"}}],\"inLanguage\":\"it-IT\"},{\"@type\":\"Organization\",\"@id\":\"https:\\\/\\\/icarojournal.com\\\/#organization\",\"name\":\"Icaro Journal\",\"url\":\"https:\\\/\\\/icarojournal.com\\\/\",\"logo\":{\"@type\":\"ImageObject\",\"inLanguage\":\"it-IT\",\"@id\":\"https:\\\/\\\/icarojournal.com\\\/#\\\/schema\\\/logo\\\/image\\\/\",\"url\":\"https:\\\/\\\/icarojournal.com\\\/wp-content\\\/uploads\\\/2024\\\/09\\\/cropped-logo.png\",\"contentUrl\":\"https:\\\/\\\/icarojournal.com\\\/wp-content\\\/uploads\\\/2024\\\/09\\\/cropped-logo.png\",\"width\":249,\"height\":112,\"caption\":\"Icaro Journal\"},\"image\":{\"@id\":\"https:\\\/\\\/icarojournal.com\\\/#\\\/schema\\\/logo\\\/image\\\/\"},\"sameAs\":[\"https:\\\/\\\/www.instagram.com\\\/icarojournal\\\/\"]},{\"@type\":\"Person\",\"@id\":\"https:\\\/\\\/icarojournal.com\\\/#\\\/schema\\\/person\\\/50728028a3703bea504b6347d37b5f99\",\"name\":\"Francesca Guglielmino\",\"image\":{\"@type\":\"ImageObject\",\"inLanguage\":\"it-IT\",\"@id\":\"https:\\\/\\\/secure.gravatar.com\\\/avatar\\\/33a9fb184e61458c03502f25a25c41fb4a67a826d476085532fe929fa0faac68?s=96&d=mm&r=g\",\"url\":\"https:\\\/\\\/secure.gravatar.com\\\/avatar\\\/33a9fb184e61458c03502f25a25c41fb4a67a826d476085532fe929fa0faac68?s=96&d=mm&r=g\",\"contentUrl\":\"https:\\\/\\\/secure.gravatar.com\\\/avatar\\\/33a9fb184e61458c03502f25a25c41fb4a67a826d476085532fe929fa0faac68?s=96&d=mm&r=g\",\"caption\":\"Francesca Guglielmino\"},\"sameAs\":[\"http:\\\/\\\/@francesca_guglielmino90\"],\"url\":\"https:\\\/\\\/icarojournal.com\\\/index.php\\\/author\\\/francesca-guglielmino\\\/\"}]}<\/script>\n<!-- \/ Yoast SEO plugin. -->","yoast_head_json":{"title":"Questa \u00e8 vegana al 100%, la faccio senza lievito e cuocio in friggitrice ad aria - Icaro Journal","description":"La domenica \u00e8 la giornata del relax per eccellenza, ecco perch\u00e9 ho preferito puntare tutto su questa ricetta vegana al 100%","robots":{"index":"index","follow":"follow","max-snippet":"max-snippet:-1","max-image-preview":"max-image-preview:large","max-video-preview":"max-video-preview:-1"},"canonical":"https:\/\/icarojournal.com\/index.php\/2026\/04\/26\/questa-e-vegana-al-100-la-faccio-senza-lievito-e-cuocio-in-friggitrice-ad-aria\/","og_locale":"it_IT","og_type":"article","og_title":"Questa \u00e8 vegana al 100%, la faccio senza lievito e cuocio in friggitrice ad aria - Icaro Journal","og_description":"La domenica \u00e8 la giornata del relax per eccellenza, ecco perch\u00e9 ho preferito puntare tutto su questa ricetta vegana al 100%","og_url":"https:\/\/icarojournal.com\/index.php\/2026\/04\/26\/questa-e-vegana-al-100-la-faccio-senza-lievito-e-cuocio-in-friggitrice-ad-aria\/","og_site_name":"Icaro Journal","article_published_time":"2026-04-26T09:41:20+00:00","og_image":[{"width":1200,"height":800,"url":"https:\/\/icarojournal.com\/wp-content\/uploads\/2026\/04\/Ricetta-vegana-al-100-20260426-IcaroJournal-.jpg","type":"image\/jpeg"}],"author":"Francesca Guglielmino","twitter_card":"summary_large_image","twitter_misc":{"Scritto da":"Francesca Guglielmino","Tempo di lettura stimato":"4 minuti"},"schema":{"@context":"https:\/\/schema.org","@graph":[{"@type":"Article","@id":"https:\/\/icarojournal.com\/index.php\/2026\/04\/26\/questa-e-vegana-al-100-la-faccio-senza-lievito-e-cuocio-in-friggitrice-ad-aria\/#article","isPartOf":{"@id":"https:\/\/icarojournal.com\/index.php\/2026\/04\/26\/questa-e-vegana-al-100-la-faccio-senza-lievito-e-cuocio-in-friggitrice-ad-aria\/"},"author":{"name":"Francesca Guglielmino","@id":"https:\/\/icarojournal.com\/#\/schema\/person\/50728028a3703bea504b6347d37b5f99"},"headline":"Questa \u00e8 vegana al 100%, la faccio senza lievito e cuocio in friggitrice ad aria","datePublished":"2026-04-26T09:41:20+00:00","mainEntityOfPage":{"@id":"https:\/\/icarojournal.com\/index.php\/2026\/04\/26\/questa-e-vegana-al-100-la-faccio-senza-lievito-e-cuocio-in-friggitrice-ad-aria\/"},"wordCount":669,"commentCount":0,"publisher":{"@id":"https:\/\/icarojournal.com\/#organization"},"image":{"@id":"https:\/\/icarojournal.com\/index.php\/2026\/04\/26\/questa-e-vegana-al-100-la-faccio-senza-lievito-e-cuocio-in-friggitrice-ad-aria\/#primaryimage"},"thumbnailUrl":"https:\/\/icarojournal.com\/wp-content\/uploads\/2026\/04\/Ricetta-vegana-al-100-20260426-IcaroJournal-.jpg","keywords":["pizza","pizza in friggitrice ad aria","ricette vegane","ricette vegetariane"],"articleSection":["Cucina"],"inLanguage":"it-IT","potentialAction":[{"@type":"CommentAction","name":"Comment","target":["https:\/\/icarojournal.com\/index.php\/2026\/04\/26\/questa-e-vegana-al-100-la-faccio-senza-lievito-e-cuocio-in-friggitrice-ad-aria\/#respond"]}]},{"@type":"WebPage","@id":"https:\/\/icarojournal.com\/index.php\/2026\/04\/26\/questa-e-vegana-al-100-la-faccio-senza-lievito-e-cuocio-in-friggitrice-ad-aria\/","url":"https:\/\/icarojournal.com\/index.php\/2026\/04\/26\/questa-e-vegana-al-100-la-faccio-senza-lievito-e-cuocio-in-friggitrice-ad-aria\/","name":"Questa \u00e8 vegana al 100%, la faccio senza lievito e cuocio in friggitrice ad aria - Icaro Journal","isPartOf":{"@id":"https:\/\/icarojournal.com\/#website"},"primaryImageOfPage":{"@id":"https:\/\/icarojournal.com\/index.php\/2026\/04\/26\/questa-e-vegana-al-100-la-faccio-senza-lievito-e-cuocio-in-friggitrice-ad-aria\/#primaryimage"},"image":{"@id":"https:\/\/icarojournal.com\/index.php\/2026\/04\/26\/questa-e-vegana-al-100-la-faccio-senza-lievito-e-cuocio-in-friggitrice-ad-aria\/#primaryimage"},"thumbnailUrl":"https:\/\/icarojournal.com\/wp-content\/uploads\/2026\/04\/Ricetta-vegana-al-100-20260426-IcaroJournal-.jpg","datePublished":"2026-04-26T09:41:20+00:00","description":"La domenica \u00e8 la giornata del relax per eccellenza, ecco perch\u00e9 ho preferito puntare tutto su questa ricetta vegana al 100%","breadcrumb":{"@id":"https:\/\/icarojournal.com\/index.php\/2026\/04\/26\/questa-e-vegana-al-100-la-faccio-senza-lievito-e-cuocio-in-friggitrice-ad-aria\/#breadcrumb"},"inLanguage":"it-IT","potentialAction":[{"@type":"ReadAction","target":["https:\/\/icarojournal.com\/index.php\/2026\/04\/26\/questa-e-vegana-al-100-la-faccio-senza-lievito-e-cuocio-in-friggitrice-ad-aria\/"]}]},{"@type":"ImageObject","inLanguage":"it-IT","@id":"https:\/\/icarojournal.com\/index.php\/2026\/04\/26\/questa-e-vegana-al-100-la-faccio-senza-lievito-e-cuocio-in-friggitrice-ad-aria\/#primaryimage","url":"https:\/\/icarojournal.com\/wp-content\/uploads\/2026\/04\/Ricetta-vegana-al-100-20260426-IcaroJournal-.jpg","contentUrl":"https:\/\/icarojournal.com\/wp-content\/uploads\/2026\/04\/Ricetta-vegana-al-100-20260426-IcaroJournal-.jpg","width":1200,"height":800,"caption":"Ricetta vegana al 100% - IcaroJournal"},{"@type":"BreadcrumbList","@id":"https:\/\/icarojournal.com\/index.php\/2026\/04\/26\/questa-e-vegana-al-100-la-faccio-senza-lievito-e-cuocio-in-friggitrice-ad-aria\/#breadcrumb","itemListElement":[{"@type":"ListItem","position":1,"name":"Home","item":"https:\/\/icarojournal.com\/"},{"@type":"ListItem","position":2,"name":"Questa \u00e8 vegana al 100%, la faccio senza lievito e cuocio in friggitrice ad aria"}]},{"@type":"WebSite","@id":"https:\/\/icarojournal.com\/#website","url":"https:\/\/icarojournal.com\/","name":"Icaro Journal","description":"Dalla cucina ai viaggi alle storie di vita","publisher":{"@id":"https:\/\/icarojournal.com\/#organization"},"potentialAction":[{"@type":"SearchAction","target":{"@type":"EntryPoint","urlTemplate":"https:\/\/icarojournal.com\/?s={search_term_string}"},"query-input":{"@type":"PropertyValueSpecification","valueRequired":true,"valueName":"search_term_string"}}],"inLanguage":"it-IT"},{"@type":"Organization","@id":"https:\/\/icarojournal.com\/#organization","name":"Icaro Journal","url":"https:\/\/icarojournal.com\/","logo":{"@type":"ImageObject","inLanguage":"it-IT","@id":"https:\/\/icarojournal.com\/#\/schema\/logo\/image\/","url":"https:\/\/icarojournal.com\/wp-content\/uploads\/2024\/09\/cropped-logo.png","contentUrl":"https:\/\/icarojournal.com\/wp-content\/uploads\/2024\/09\/cropped-logo.png","width":249,"height":112,"caption":"Icaro Journal"},"image":{"@id":"https:\/\/icarojournal.com\/#\/schema\/logo\/image\/"},"sameAs":["https:\/\/www.instagram.com\/icarojournal\/"]},{"@type":"Person","@id":"https:\/\/icarojournal.com\/#\/schema\/person\/50728028a3703bea504b6347d37b5f99","name":"Francesca Guglielmino","image":{"@type":"ImageObject","inLanguage":"it-IT","@id":"https:\/\/secure.gravatar.com\/avatar\/33a9fb184e61458c03502f25a25c41fb4a67a826d476085532fe929fa0faac68?s=96&d=mm&r=g","url":"https:\/\/secure.gravatar.com\/avatar\/33a9fb184e61458c03502f25a25c41fb4a67a826d476085532fe929fa0faac68?s=96&d=mm&r=g","contentUrl":"https:\/\/secure.gravatar.com\/avatar\/33a9fb184e61458c03502f25a25c41fb4a67a826d476085532fe929fa0faac68?s=96&d=mm&r=g","caption":"Francesca Guglielmino"},"sameAs":["http:\/\/@francesca_guglielmino90"],"url":"https:\/\/icarojournal.com\/index.php\/author\/francesca-guglielmino\/"}]}},"_links":{"self":[{"href":"https:\/\/icarojournal.com\/index.php\/wp-json\/wp\/v2\/posts\/7939","targetHints":{"allow":["GET"]}}],"collection":[{"href":"https:\/\/icarojournal.com\/index.php\/wp-json\/wp\/v2\/posts"}],"about":[{"href":"https:\/\/icarojournal.com\/index.php\/wp-json\/wp\/v2\/types\/post"}],"author":[{"embeddable":true,"href":"https:\/\/icarojournal.com\/index.php\/wp-json\/wp\/v2\/users\/2"}],"replies":[{"embeddable":true,"href":"https:\/\/icarojournal.com\/index.php\/wp-json\/wp\/v2\/comments?post=7939"}],"version-history":[{"count":1,"href":"https:\/\/icarojournal.com\/index.php\/wp-json\/wp\/v2\/posts\/7939\/revisions"}],"predecessor-version":[{"id":7941,"href":"https:\/\/icarojournal.com\/index.php\/wp-json\/wp\/v2\/posts\/7939\/revisions\/7941"}],"wp:featuredmedia":[{"embeddable":true,"href":"https:\/\/icarojournal.com\/index.php\/wp-json\/wp\/v2\/media\/7940"}],"wp:attachment":[{"href":"https:\/\/icarojournal.com\/index.php\/wp-json\/wp\/v2\/media?parent=7939"}],"wp:term":[{"taxonomy":"category","embeddable":true,"href":"https:\/\/icarojournal.com\/index.php\/wp-json\/wp\/v2\/categories?post=7939"},{"taxonomy":"post_tag","embeddable":true,"href":"https:\/\/icarojournal.com\/index.php\/wp-json\/wp\/v2\/tags?post=7939"}],"curies":[{"name":"wp","href":"https:\/\/api.w.org\/{rel}","templated":true}]}}