{"id":7951,"date":"2026-04-26T19:35:25","date_gmt":"2026-04-26T17:35:25","guid":{"rendered":"https:\/\/icarojournal.com\/?p=7951"},"modified":"2026-04-26T19:35:37","modified_gmt":"2026-04-26T17:35:37","slug":"il-piccolo-tibet-in-abruzzo-dove-la-terra-incontra-il-cielo","status":"publish","type":"post","link":"https:\/\/icarojournal.com\/index.php\/2026\/04\/26\/il-piccolo-tibet-in-abruzzo-dove-la-terra-incontra-il-cielo\/","title":{"rendered":"Il piccolo Tibet in Abruzzo: dove la terra incontra il cielo"},"content":{"rendered":"<p><strong>La prima volta che lo vedi, non ci credi. La strada si arrampica tra montagne che sembrano dipinte a olio, e a ogni tornante il mondo sotto di te diventa pi\u00f9 piccolo. Poi, all\u2019improvviso, la strada si apre. Le montagne si allontanano, l\u2019orizzonte si perde nel niente, e l\u2019altopiano ti si para davanti come un mare di pietra e prato. L\u2019aria \u00e8 sottile, il vento forte, e per un attimo pensi di essere finito in un altro continente. Invece sei in Abruzzo. E questo posto si chiama Campo Imperatore, ma tutti lo chiamano il Piccolo Tibet.<\/strong><\/p>\n<p>Santo Stefano di Sessanio ti accoglie con il silenzio. Le macchine le lasci fuori, perch\u00e9 qui dentro si cammina. I vicoli sono scale di pietra, archi a sesto acuto, case addossate l\u2019una all\u2019altra come se avessero paura del freddo. Non c\u2019\u00e8 nessuno. O quasi. Una vecchia spazza la soglia, un gatto nero ti attraversa la strada e scompare in un cortile. I passi risuonano sui ciottoli, e il rumore \u00e8 l\u2019unica musica che serve.<\/p>\n<p><strong>Sali verso la Torre Medicea<\/strong>. \u00c8 stata ricostruita pietra su pietra dopo che un terremoto l\u2019ha buttata gi\u00f9, e oggi svetta sul borgo come un dito puntato verso il cielo. Lass\u00f9, il vento \u00e8 pi\u00f9 forte. Sotto di te, i tetti si stringono come pecore al pascolo. Pensi ai pastori di un tempo, ai mercanti di lana, ai signori che hanno dominato queste terre. E poi all\u2019abbandono, alle case vuote, al silenzio che durava anni. Oggi, qualcuno ha ridato vita a quelle mura, una stanza alla volta. Ma il borgo non \u00e8 diventato un museo. \u00c8 tornato a respirare.<\/p>\n<h2>L\u2019altopiano che toglie il fiato<\/h2>\n<p>Scendi dal borgo e ti butti nell\u2019altopiano. \u00c8 una distesa che non finisce mai, un prato immenso che si perde all\u2019orizzonte, con le<strong> cime del Gran Sasso che fanno da corona<\/strong>. L\u2019erba \u00e8 ancora umida di rugiada, e il sole la fa brillare come un tappeto di seta verde. Cammini senza meta, e pi\u00f9 vai avanti pi\u00f9 il mondo diventa silenzioso. Non ci sono case, non ci sono strade, non ci sono rumori. Solo il vento e il fruscio dell\u2019erba sotto i passi.<\/p>\n<p>In lontananza, su un colle solitario, vedi una sagoma di pietra. \u00c8 <strong>Rocca<\/strong> <strong>Calascio<\/strong>,<strong> uno dei castelli pi\u00f9 alti d\u2019Italia<\/strong>. La salita \u00e8 ripida, il sentiero \u00e8 sassoso, e le gambe bruciano. Ma a ogni passo il panorama si apre di pi\u00f9. Quando arrivi in cima, il fiato ti manca. E non \u00e8 solo per la fatica. Il mondo \u00e8 tutto sotto di te: l\u2019altopiano, le montagne, i borghi lontani, e il cielo che sembra cos\u00ec vicino da poterlo toccare.<\/p>\n<h3>La sera, il fuoco e il sapore della lana<\/h3>\n<p>La sera torni a <strong>Santo<\/strong> <strong>Stefano<\/strong>. Le trattorie sono piccole, con poche tavole e il camino acceso. Ordini una zuppa di lenticchie. Sono piccole, scure, e crescono solo qui, tra le pietre di questo altopiano arido. Il sapore \u00e8 terroso, intenso, e ti riscalda lo stomaco come una coperta.<\/p>\n<p><strong>LEGGI ANCHE -&gt;\u00a0<a href=\"https:\/\/icarojournal.com\/index.php\/2026\/04\/23\/costanza-tutto-pronto-per-la-seconda-stagione-parla-miriam-dalmazio\/\" target=\"_blank\" rel=\"noopener\">Costanza, tutto pronto per la seconda stagione, parla Miriam Dalmazio<\/a><\/strong><\/p>\n<p><strong>LEGGI ANCHE -&gt;\u00a0<a href=\"https:\/\/icarojournal.com\/index.php\/2026\/04\/24\/napoli-in-4-giorni-il-caos-il-silenzio-e-il-cristo-che-ti-guarda\/\" target=\"_blank\" rel=\"noopener\">Napoli in 4 giorni: il caos, il silenzio e il Cristo che ti guarda<\/a><\/strong><\/p>\n<p>Poi arrivano gli arrosticini. Sono spiedini di pecora cotti sulla brace, croccanti fuori e morbidi dentro. Il fumo profuma di rosmarino, e l\u2019aria della sera \u00e8 cos\u00ec fredda che il vapore del respiro si mescola a quello della griglia. Li mangi con le mani, in piedi sul selciato, mentre il paese si accende di luci calde.<\/p>\n<p>Il Piccolo Tibet ti lascia con le ossa piene di vento e gli occhi pieni di orizzonte. Non \u00e8 un posto che si racconta, \u00e8 un posto che si cammina. E pi\u00f9 sali, pi\u00f9 capisci che la bellezza qui \u00e8 fatica, \u00e8 silenzio, \u00e8 solitudine.<\/p>\n<p><strong>LEGGI ANCHE -&gt;\u00a0<a href=\"https:\/\/icarojournal.com\/index.php\/2026\/04\/23\/taormina-in-un-weekend-di-primavera-il-teatro-il-mare-e-il-mandorlo-in-fiore\/\" target=\"_blank\" rel=\"noopener\">Taormina in un weekend di primavera: il teatro, il mare e il mandorlo in fiore<\/a><\/strong><\/p>\n<p><strong>LEGGI ANCHE -&gt;\u00a0<a href=\"https:\/\/icarojournal.com\/index.php\/2026\/04\/25\/malaga-dove-picasso-ha-imparato-a-guardare-la-luce\/\" target=\"_blank\" rel=\"noopener\">Malaga: dove Picasso ha imparato a guardare la luce<\/a><\/strong><\/p>\n","protected":false},"excerpt":{"rendered":"<p>La prima volta che lo vedi, non ci credi. La strada si arrampica tra montagne che sembrano dipinte a olio, e a ogni tornante il mondo sotto di te diventa pi\u00f9 piccolo. Poi, all\u2019improvviso, la strada si apre. Le montagne si allontanano, l\u2019orizzonte si perde nel niente, e l\u2019altopiano ti si para davanti come un [&hellip;]<\/p>\n","protected":false},"author":4,"featured_media":7953,"comment_status":"open","ping_status":"open","sticky":false,"template":"","format":"standard","meta":{"iawp_total_views":2,"footnotes":""},"categories":[85],"tags":[],"class_list":["post-7951","post","type-post","status-publish","format-standard","has-post-thumbnail","hentry","category-viaggi"],"yoast_head":"<!-- This site is optimized with the Yoast SEO plugin v27.4 - https:\/\/yoast.com\/product\/yoast-seo-wordpress\/ -->\n<title>Il piccolo Tibet in Abruzzo: dove la terra incontra il cielo - Icaro Journal<\/title>\n<meta name=\"description\" content=\"La prima volta che lo vedi, non ci credi. La strada si arrampica tra montagne che sembrano dipinte a olio, e a ogni tornante...\" \/>\n<meta name=\"robots\" content=\"index, follow, max-snippet:-1, max-image-preview:large, max-video-preview:-1\" \/>\n<link rel=\"canonical\" href=\"https:\/\/icarojournal.com\/index.php\/2026\/04\/26\/il-piccolo-tibet-in-abruzzo-dove-la-terra-incontra-il-cielo\/\" \/>\n<meta property=\"og:locale\" content=\"it_IT\" \/>\n<meta property=\"og:type\" content=\"article\" \/>\n<meta property=\"og:title\" content=\"Il piccolo Tibet in Abruzzo: dove la terra incontra il cielo - Icaro Journal\" \/>\n<meta property=\"og:description\" content=\"La prima volta che lo vedi, non ci credi. La strada si arrampica tra montagne che sembrano dipinte a olio, e a ogni tornante...\" \/>\n<meta property=\"og:url\" content=\"https:\/\/icarojournal.com\/index.php\/2026\/04\/26\/il-piccolo-tibet-in-abruzzo-dove-la-terra-incontra-il-cielo\/\" \/>\n<meta property=\"og:site_name\" content=\"Icaro Journal\" \/>\n<meta property=\"article:published_time\" content=\"2026-04-26T17:35:25+00:00\" \/>\n<meta property=\"article:modified_time\" content=\"2026-04-26T17:35:37+00:00\" \/>\n<meta property=\"og:image\" content=\"https:\/\/icarojournal.com\/wp-content\/uploads\/2026\/04\/Piccolo-Tibet-un-Abruzzo-20260426-IcaroJournal-.jpg\" \/>\n\t<meta property=\"og:image:width\" content=\"1200\" \/>\n\t<meta property=\"og:image:height\" content=\"800\" \/>\n\t<meta property=\"og:image:type\" content=\"image\/jpeg\" \/>\n<meta name=\"author\" content=\"Andrea Piazza\" \/>\n<meta name=\"twitter:card\" content=\"summary_large_image\" \/>\n<meta name=\"twitter:label1\" content=\"Scritto da\" \/>\n\t<meta name=\"twitter:data1\" content=\"Andrea Piazza\" \/>\n\t<meta name=\"twitter:label2\" content=\"Tempo di lettura stimato\" \/>\n\t<meta name=\"twitter:data2\" content=\"4 minuti\" \/>\n<script type=\"application\/ld+json\" class=\"yoast-schema-graph\">{\"@context\":\"https:\\\/\\\/schema.org\",\"@graph\":[{\"@type\":\"Article\",\"@id\":\"https:\\\/\\\/icarojournal.com\\\/index.php\\\/2026\\\/04\\\/26\\\/il-piccolo-tibet-in-abruzzo-dove-la-terra-incontra-il-cielo\\\/#article\",\"isPartOf\":{\"@id\":\"https:\\\/\\\/icarojournal.com\\\/index.php\\\/2026\\\/04\\\/26\\\/il-piccolo-tibet-in-abruzzo-dove-la-terra-incontra-il-cielo\\\/\"},\"author\":{\"name\":\"Andrea Piazza\",\"@id\":\"https:\\\/\\\/icarojournal.com\\\/#\\\/schema\\\/person\\\/bd374958d33521ed6274c435d77c3805\"},\"headline\":\"Il piccolo Tibet in Abruzzo: dove la terra incontra il cielo\",\"datePublished\":\"2026-04-26T17:35:25+00:00\",\"dateModified\":\"2026-04-26T17:35:37+00:00\",\"mainEntityOfPage\":{\"@id\":\"https:\\\/\\\/icarojournal.com\\\/index.php\\\/2026\\\/04\\\/26\\\/il-piccolo-tibet-in-abruzzo-dove-la-terra-incontra-il-cielo\\\/\"},\"wordCount\":667,\"commentCount\":0,\"publisher\":{\"@id\":\"https:\\\/\\\/icarojournal.com\\\/#organization\"},\"image\":{\"@id\":\"https:\\\/\\\/icarojournal.com\\\/index.php\\\/2026\\\/04\\\/26\\\/il-piccolo-tibet-in-abruzzo-dove-la-terra-incontra-il-cielo\\\/#primaryimage\"},\"thumbnailUrl\":\"https:\\\/\\\/icarojournal.com\\\/wp-content\\\/uploads\\\/2026\\\/04\\\/Piccolo-Tibet-un-Abruzzo-20260426-IcaroJournal-.jpg\",\"articleSection\":[\"Viaggi\"],\"inLanguage\":\"it-IT\",\"potentialAction\":[{\"@type\":\"CommentAction\",\"name\":\"Comment\",\"target\":[\"https:\\\/\\\/icarojournal.com\\\/index.php\\\/2026\\\/04\\\/26\\\/il-piccolo-tibet-in-abruzzo-dove-la-terra-incontra-il-cielo\\\/#respond\"]}]},{\"@type\":\"WebPage\",\"@id\":\"https:\\\/\\\/icarojournal.com\\\/index.php\\\/2026\\\/04\\\/26\\\/il-piccolo-tibet-in-abruzzo-dove-la-terra-incontra-il-cielo\\\/\",\"url\":\"https:\\\/\\\/icarojournal.com\\\/index.php\\\/2026\\\/04\\\/26\\\/il-piccolo-tibet-in-abruzzo-dove-la-terra-incontra-il-cielo\\\/\",\"name\":\"Il piccolo Tibet in Abruzzo: dove la terra incontra il cielo - Icaro Journal\",\"isPartOf\":{\"@id\":\"https:\\\/\\\/icarojournal.com\\\/#website\"},\"primaryImageOfPage\":{\"@id\":\"https:\\\/\\\/icarojournal.com\\\/index.php\\\/2026\\\/04\\\/26\\\/il-piccolo-tibet-in-abruzzo-dove-la-terra-incontra-il-cielo\\\/#primaryimage\"},\"image\":{\"@id\":\"https:\\\/\\\/icarojournal.com\\\/index.php\\\/2026\\\/04\\\/26\\\/il-piccolo-tibet-in-abruzzo-dove-la-terra-incontra-il-cielo\\\/#primaryimage\"},\"thumbnailUrl\":\"https:\\\/\\\/icarojournal.com\\\/wp-content\\\/uploads\\\/2026\\\/04\\\/Piccolo-Tibet-un-Abruzzo-20260426-IcaroJournal-.jpg\",\"datePublished\":\"2026-04-26T17:35:25+00:00\",\"dateModified\":\"2026-04-26T17:35:37+00:00\",\"description\":\"La prima volta che lo vedi, non ci credi. La strada si arrampica tra montagne che sembrano dipinte a olio, e a ogni tornante...\",\"breadcrumb\":{\"@id\":\"https:\\\/\\\/icarojournal.com\\\/index.php\\\/2026\\\/04\\\/26\\\/il-piccolo-tibet-in-abruzzo-dove-la-terra-incontra-il-cielo\\\/#breadcrumb\"},\"inLanguage\":\"it-IT\",\"potentialAction\":[{\"@type\":\"ReadAction\",\"target\":[\"https:\\\/\\\/icarojournal.com\\\/index.php\\\/2026\\\/04\\\/26\\\/il-piccolo-tibet-in-abruzzo-dove-la-terra-incontra-il-cielo\\\/\"]}]},{\"@type\":\"ImageObject\",\"inLanguage\":\"it-IT\",\"@id\":\"https:\\\/\\\/icarojournal.com\\\/index.php\\\/2026\\\/04\\\/26\\\/il-piccolo-tibet-in-abruzzo-dove-la-terra-incontra-il-cielo\\\/#primaryimage\",\"url\":\"https:\\\/\\\/icarojournal.com\\\/wp-content\\\/uploads\\\/2026\\\/04\\\/Piccolo-Tibet-un-Abruzzo-20260426-IcaroJournal-.jpg\",\"contentUrl\":\"https:\\\/\\\/icarojournal.com\\\/wp-content\\\/uploads\\\/2026\\\/04\\\/Piccolo-Tibet-un-Abruzzo-20260426-IcaroJournal-.jpg\",\"width\":1200,\"height\":800,\"caption\":\"Piccolo Tibet un Abruzzo - IcaroJournal\"},{\"@type\":\"BreadcrumbList\",\"@id\":\"https:\\\/\\\/icarojournal.com\\\/index.php\\\/2026\\\/04\\\/26\\\/il-piccolo-tibet-in-abruzzo-dove-la-terra-incontra-il-cielo\\\/#breadcrumb\",\"itemListElement\":[{\"@type\":\"ListItem\",\"position\":1,\"name\":\"Home\",\"item\":\"https:\\\/\\\/icarojournal.com\\\/\"},{\"@type\":\"ListItem\",\"position\":2,\"name\":\"Il piccolo Tibet in Abruzzo: dove la terra incontra il cielo\"}]},{\"@type\":\"WebSite\",\"@id\":\"https:\\\/\\\/icarojournal.com\\\/#website\",\"url\":\"https:\\\/\\\/icarojournal.com\\\/\",\"name\":\"Icaro Journal\",\"description\":\"Dalla cucina ai viaggi alle storie di vita\",\"publisher\":{\"@id\":\"https:\\\/\\\/icarojournal.com\\\/#organization\"},\"potentialAction\":[{\"@type\":\"SearchAction\",\"target\":{\"@type\":\"EntryPoint\",\"urlTemplate\":\"https:\\\/\\\/icarojournal.com\\\/?s={search_term_string}\"},\"query-input\":{\"@type\":\"PropertyValueSpecification\",\"valueRequired\":true,\"valueName\":\"search_term_string\"}}],\"inLanguage\":\"it-IT\"},{\"@type\":\"Organization\",\"@id\":\"https:\\\/\\\/icarojournal.com\\\/#organization\",\"name\":\"Icaro Journal\",\"url\":\"https:\\\/\\\/icarojournal.com\\\/\",\"logo\":{\"@type\":\"ImageObject\",\"inLanguage\":\"it-IT\",\"@id\":\"https:\\\/\\\/icarojournal.com\\\/#\\\/schema\\\/logo\\\/image\\\/\",\"url\":\"https:\\\/\\\/icarojournal.com\\\/wp-content\\\/uploads\\\/2024\\\/09\\\/cropped-logo.png\",\"contentUrl\":\"https:\\\/\\\/icarojournal.com\\\/wp-content\\\/uploads\\\/2024\\\/09\\\/cropped-logo.png\",\"width\":249,\"height\":112,\"caption\":\"Icaro Journal\"},\"image\":{\"@id\":\"https:\\\/\\\/icarojournal.com\\\/#\\\/schema\\\/logo\\\/image\\\/\"},\"sameAs\":[\"https:\\\/\\\/www.instagram.com\\\/icarojournal\\\/\"]},{\"@type\":\"Person\",\"@id\":\"https:\\\/\\\/icarojournal.com\\\/#\\\/schema\\\/person\\\/bd374958d33521ed6274c435d77c3805\",\"name\":\"Andrea Piazza\",\"image\":{\"@type\":\"ImageObject\",\"inLanguage\":\"it-IT\",\"@id\":\"https:\\\/\\\/icarojournal.com\\\/wp-content\\\/uploads\\\/2026\\\/03\\\/Screenshot-2026-03-09-alle-16.33.43-100x100.png\",\"url\":\"https:\\\/\\\/icarojournal.com\\\/wp-content\\\/uploads\\\/2026\\\/03\\\/Screenshot-2026-03-09-alle-16.33.43-100x100.png\",\"contentUrl\":\"https:\\\/\\\/icarojournal.com\\\/wp-content\\\/uploads\\\/2026\\\/03\\\/Screenshot-2026-03-09-alle-16.33.43-100x100.png\",\"caption\":\"Andrea Piazza\"},\"url\":\"https:\\\/\\\/icarojournal.com\\\/index.php\\\/author\\\/andrea-piazza\\\/\"}]}<\/script>\n<!-- \/ Yoast SEO plugin. -->","yoast_head_json":{"title":"Il piccolo Tibet in Abruzzo: dove la terra incontra il cielo - Icaro Journal","description":"La prima volta che lo vedi, non ci credi. La strada si arrampica tra montagne che sembrano dipinte a olio, e a ogni tornante...","robots":{"index":"index","follow":"follow","max-snippet":"max-snippet:-1","max-image-preview":"max-image-preview:large","max-video-preview":"max-video-preview:-1"},"canonical":"https:\/\/icarojournal.com\/index.php\/2026\/04\/26\/il-piccolo-tibet-in-abruzzo-dove-la-terra-incontra-il-cielo\/","og_locale":"it_IT","og_type":"article","og_title":"Il piccolo Tibet in Abruzzo: dove la terra incontra il cielo - Icaro Journal","og_description":"La prima volta che lo vedi, non ci credi. La strada si arrampica tra montagne che sembrano dipinte a olio, e a ogni tornante...","og_url":"https:\/\/icarojournal.com\/index.php\/2026\/04\/26\/il-piccolo-tibet-in-abruzzo-dove-la-terra-incontra-il-cielo\/","og_site_name":"Icaro Journal","article_published_time":"2026-04-26T17:35:25+00:00","article_modified_time":"2026-04-26T17:35:37+00:00","og_image":[{"width":1200,"height":800,"url":"https:\/\/icarojournal.com\/wp-content\/uploads\/2026\/04\/Piccolo-Tibet-un-Abruzzo-20260426-IcaroJournal-.jpg","type":"image\/jpeg"}],"author":"Andrea Piazza","twitter_card":"summary_large_image","twitter_misc":{"Scritto da":"Andrea Piazza","Tempo di lettura stimato":"4 minuti"},"schema":{"@context":"https:\/\/schema.org","@graph":[{"@type":"Article","@id":"https:\/\/icarojournal.com\/index.php\/2026\/04\/26\/il-piccolo-tibet-in-abruzzo-dove-la-terra-incontra-il-cielo\/#article","isPartOf":{"@id":"https:\/\/icarojournal.com\/index.php\/2026\/04\/26\/il-piccolo-tibet-in-abruzzo-dove-la-terra-incontra-il-cielo\/"},"author":{"name":"Andrea Piazza","@id":"https:\/\/icarojournal.com\/#\/schema\/person\/bd374958d33521ed6274c435d77c3805"},"headline":"Il piccolo Tibet in Abruzzo: dove la terra incontra il cielo","datePublished":"2026-04-26T17:35:25+00:00","dateModified":"2026-04-26T17:35:37+00:00","mainEntityOfPage":{"@id":"https:\/\/icarojournal.com\/index.php\/2026\/04\/26\/il-piccolo-tibet-in-abruzzo-dove-la-terra-incontra-il-cielo\/"},"wordCount":667,"commentCount":0,"publisher":{"@id":"https:\/\/icarojournal.com\/#organization"},"image":{"@id":"https:\/\/icarojournal.com\/index.php\/2026\/04\/26\/il-piccolo-tibet-in-abruzzo-dove-la-terra-incontra-il-cielo\/#primaryimage"},"thumbnailUrl":"https:\/\/icarojournal.com\/wp-content\/uploads\/2026\/04\/Piccolo-Tibet-un-Abruzzo-20260426-IcaroJournal-.jpg","articleSection":["Viaggi"],"inLanguage":"it-IT","potentialAction":[{"@type":"CommentAction","name":"Comment","target":["https:\/\/icarojournal.com\/index.php\/2026\/04\/26\/il-piccolo-tibet-in-abruzzo-dove-la-terra-incontra-il-cielo\/#respond"]}]},{"@type":"WebPage","@id":"https:\/\/icarojournal.com\/index.php\/2026\/04\/26\/il-piccolo-tibet-in-abruzzo-dove-la-terra-incontra-il-cielo\/","url":"https:\/\/icarojournal.com\/index.php\/2026\/04\/26\/il-piccolo-tibet-in-abruzzo-dove-la-terra-incontra-il-cielo\/","name":"Il piccolo Tibet in Abruzzo: dove la terra incontra il cielo - Icaro Journal","isPartOf":{"@id":"https:\/\/icarojournal.com\/#website"},"primaryImageOfPage":{"@id":"https:\/\/icarojournal.com\/index.php\/2026\/04\/26\/il-piccolo-tibet-in-abruzzo-dove-la-terra-incontra-il-cielo\/#primaryimage"},"image":{"@id":"https:\/\/icarojournal.com\/index.php\/2026\/04\/26\/il-piccolo-tibet-in-abruzzo-dove-la-terra-incontra-il-cielo\/#primaryimage"},"thumbnailUrl":"https:\/\/icarojournal.com\/wp-content\/uploads\/2026\/04\/Piccolo-Tibet-un-Abruzzo-20260426-IcaroJournal-.jpg","datePublished":"2026-04-26T17:35:25+00:00","dateModified":"2026-04-26T17:35:37+00:00","description":"La prima volta che lo vedi, non ci credi. La strada si arrampica tra montagne che sembrano dipinte a olio, e a ogni tornante...","breadcrumb":{"@id":"https:\/\/icarojournal.com\/index.php\/2026\/04\/26\/il-piccolo-tibet-in-abruzzo-dove-la-terra-incontra-il-cielo\/#breadcrumb"},"inLanguage":"it-IT","potentialAction":[{"@type":"ReadAction","target":["https:\/\/icarojournal.com\/index.php\/2026\/04\/26\/il-piccolo-tibet-in-abruzzo-dove-la-terra-incontra-il-cielo\/"]}]},{"@type":"ImageObject","inLanguage":"it-IT","@id":"https:\/\/icarojournal.com\/index.php\/2026\/04\/26\/il-piccolo-tibet-in-abruzzo-dove-la-terra-incontra-il-cielo\/#primaryimage","url":"https:\/\/icarojournal.com\/wp-content\/uploads\/2026\/04\/Piccolo-Tibet-un-Abruzzo-20260426-IcaroJournal-.jpg","contentUrl":"https:\/\/icarojournal.com\/wp-content\/uploads\/2026\/04\/Piccolo-Tibet-un-Abruzzo-20260426-IcaroJournal-.jpg","width":1200,"height":800,"caption":"Piccolo Tibet un Abruzzo - IcaroJournal"},{"@type":"BreadcrumbList","@id":"https:\/\/icarojournal.com\/index.php\/2026\/04\/26\/il-piccolo-tibet-in-abruzzo-dove-la-terra-incontra-il-cielo\/#breadcrumb","itemListElement":[{"@type":"ListItem","position":1,"name":"Home","item":"https:\/\/icarojournal.com\/"},{"@type":"ListItem","position":2,"name":"Il piccolo Tibet in Abruzzo: dove la terra incontra il cielo"}]},{"@type":"WebSite","@id":"https:\/\/icarojournal.com\/#website","url":"https:\/\/icarojournal.com\/","name":"Icaro Journal","description":"Dalla cucina ai viaggi alle storie di vita","publisher":{"@id":"https:\/\/icarojournal.com\/#organization"},"potentialAction":[{"@type":"SearchAction","target":{"@type":"EntryPoint","urlTemplate":"https:\/\/icarojournal.com\/?s={search_term_string}"},"query-input":{"@type":"PropertyValueSpecification","valueRequired":true,"valueName":"search_term_string"}}],"inLanguage":"it-IT"},{"@type":"Organization","@id":"https:\/\/icarojournal.com\/#organization","name":"Icaro Journal","url":"https:\/\/icarojournal.com\/","logo":{"@type":"ImageObject","inLanguage":"it-IT","@id":"https:\/\/icarojournal.com\/#\/schema\/logo\/image\/","url":"https:\/\/icarojournal.com\/wp-content\/uploads\/2024\/09\/cropped-logo.png","contentUrl":"https:\/\/icarojournal.com\/wp-content\/uploads\/2024\/09\/cropped-logo.png","width":249,"height":112,"caption":"Icaro Journal"},"image":{"@id":"https:\/\/icarojournal.com\/#\/schema\/logo\/image\/"},"sameAs":["https:\/\/www.instagram.com\/icarojournal\/"]},{"@type":"Person","@id":"https:\/\/icarojournal.com\/#\/schema\/person\/bd374958d33521ed6274c435d77c3805","name":"Andrea Piazza","image":{"@type":"ImageObject","inLanguage":"it-IT","@id":"https:\/\/icarojournal.com\/wp-content\/uploads\/2026\/03\/Screenshot-2026-03-09-alle-16.33.43-100x100.png","url":"https:\/\/icarojournal.com\/wp-content\/uploads\/2026\/03\/Screenshot-2026-03-09-alle-16.33.43-100x100.png","contentUrl":"https:\/\/icarojournal.com\/wp-content\/uploads\/2026\/03\/Screenshot-2026-03-09-alle-16.33.43-100x100.png","caption":"Andrea Piazza"},"url":"https:\/\/icarojournal.com\/index.php\/author\/andrea-piazza\/"}]}},"_links":{"self":[{"href":"https:\/\/icarojournal.com\/index.php\/wp-json\/wp\/v2\/posts\/7951","targetHints":{"allow":["GET"]}}],"collection":[{"href":"https:\/\/icarojournal.com\/index.php\/wp-json\/wp\/v2\/posts"}],"about":[{"href":"https:\/\/icarojournal.com\/index.php\/wp-json\/wp\/v2\/types\/post"}],"author":[{"embeddable":true,"href":"https:\/\/icarojournal.com\/index.php\/wp-json\/wp\/v2\/users\/4"}],"replies":[{"embeddable":true,"href":"https:\/\/icarojournal.com\/index.php\/wp-json\/wp\/v2\/comments?post=7951"}],"version-history":[{"count":2,"href":"https:\/\/icarojournal.com\/index.php\/wp-json\/wp\/v2\/posts\/7951\/revisions"}],"predecessor-version":[{"id":7955,"href":"https:\/\/icarojournal.com\/index.php\/wp-json\/wp\/v2\/posts\/7951\/revisions\/7955"}],"wp:featuredmedia":[{"embeddable":true,"href":"https:\/\/icarojournal.com\/index.php\/wp-json\/wp\/v2\/media\/7953"}],"wp:attachment":[{"href":"https:\/\/icarojournal.com\/index.php\/wp-json\/wp\/v2\/media?parent=7951"}],"wp:term":[{"taxonomy":"category","embeddable":true,"href":"https:\/\/icarojournal.com\/index.php\/wp-json\/wp\/v2\/categories?post=7951"},{"taxonomy":"post_tag","embeddable":true,"href":"https:\/\/icarojournal.com\/index.php\/wp-json\/wp\/v2\/tags?post=7951"}],"curies":[{"name":"wp","href":"https:\/\/api.w.org\/{rel}","templated":true}]}}