{"id":7956,"date":"2026-04-27T20:50:10","date_gmt":"2026-04-27T18:50:10","guid":{"rendered":"https:\/\/icarojournal.com\/?p=7956"},"modified":"2026-04-27T20:50:10","modified_gmt":"2026-04-27T18:50:10","slug":"chiara-baschetti-dopo-il-paradiso-delle-signore-la-foto-senza-veli-lascia-senza-fiato","status":"publish","type":"post","link":"https:\/\/icarojournal.com\/index.php\/2026\/04\/27\/chiara-baschetti-dopo-il-paradiso-delle-signore-la-foto-senza-veli-lascia-senza-fiato\/","title":{"rendered":"Chiara Baschetti dopo Il Paradiso Delle Signore: la foto senza veli lascia senza fiato"},"content":{"rendered":"<p><strong>\u00c8 arrivata sul set de Il Paradiso delle Signore per poco tempo, facciamo riferimento a Chiara Baschetti, ma in men che non si dica ha conquistato il pubblico con la sua bellezza ed eleganza\u2026 Stiamo parlando dell\u2019ex Matilde: ma che fine ha fatto l\u2019attrice?<\/strong><\/p>\n<p>Il Paradiso delle Signore \u00e8 stato un banco di prova per numerosi attori, i quali hanno avuto modo di mettersi in gioco avviando le loro carriere o riprendendo in mano la carriera televisiva. Poi c\u2019\u00e8 <strong>Chiara<\/strong> <strong>Baschetti<\/strong>, bella come il sole, che con la sua eleganza e il suo talento ha interpretato in modo eccellente Matilde.<\/p>\n<p>Matilde e Vittorio hanno dato una nuova linfa vitale alla serie tv, peccato per\u00f2 che il loro percorso in qualit\u00e0 di coppia sia durato troppo poco.<\/p>\n<p>A ogni modo, comunque sia, l\u2019attrice \u00e8 stata impegnata in una lunga serie di progetti, alcuni dei quali raccontati anche sui <strong>social network<\/strong>. Ma nel mirino dell\u2019attenzione mediatica troviamo una foto che ha pubblicato proprio in queste ultime ore e che, inevitabilmente, ha acceso gli animi dei fan.<\/p>\n<h2>Chiara Baschetti incanta il web: la foto diventa virale<\/h2>\n<p>Una volta concluso il percorso a <strong>Il Paradiso delle Signore<\/strong>, <strong>Chiara Baschetti<\/strong> ha avuto modo di mettersi in gioco in altri progetti lavorativi, cos\u00ec come indicato precedentemente. Un esempio pratico e lampante per capire quanto stiamo dicendo, poi, \u00e8 rappresentato proprio dal percorso effettuato nella serie tv Blanca, anche in questo caso riscuotendo un grandissimo successo in una veste diversa da quella di Matilde negli anni 60, mostrando anche qui un\u2019eleganza e una bellezza che di certo non passano inosservate.<\/p>\n<figure id=\"attachment_7968\" aria-describedby=\"caption-attachment-7968\" style=\"width: 1200px\" class=\"wp-caption alignnone\"><img loading=\"lazy\" decoding=\"async\" class=\"size-full wp-image-7968\" src=\"https:\/\/icarojournal.com\/wp-content\/uploads\/2026\/04\/Chiara-Baschetti-dopo-Il-Paradiso-delle-Signore-20260426-IcaroJournal-2.jpg\" alt=\"Chiara Baschetti dopo Il Paradiso delle Signore - IcaroJournal\" width=\"1200\" height=\"800\" srcset=\"https:\/\/icarojournal.com\/wp-content\/uploads\/2026\/04\/Chiara-Baschetti-dopo-Il-Paradiso-delle-Signore-20260426-IcaroJournal-2.jpg 1200w, https:\/\/icarojournal.com\/wp-content\/uploads\/2026\/04\/Chiara-Baschetti-dopo-Il-Paradiso-delle-Signore-20260426-IcaroJournal-2-300x200.jpg 300w, https:\/\/icarojournal.com\/wp-content\/uploads\/2026\/04\/Chiara-Baschetti-dopo-Il-Paradiso-delle-Signore-20260426-IcaroJournal-2-1024x683.jpg 1024w, https:\/\/icarojournal.com\/wp-content\/uploads\/2026\/04\/Chiara-Baschetti-dopo-Il-Paradiso-delle-Signore-20260426-IcaroJournal-2-768x512.jpg 768w\" sizes=\"auto, (max-width: 1200px) 100vw, 1200px\" \/><figcaption id=\"caption-attachment-7968\" class=\"wp-caption-text\">Chiara Baschetti dopo Il Paradiso delle Signore &#8211; IcaroJournal<\/figcaption><\/figure>\n<p>In questo frangente, per\u00f2, l\u2019attrice non ha mai smesso di raccontarsi sui social network attraverso varie passioni, cos\u00ec come quella dello yoga, che condivide con moltissimi fan. Per\u00f2, nel mirino dell\u2019attenzione dei media in questione troviamo una <strong>foto pubblicata dalla Baschetti<\/strong> proprio nel corso delle ultime ore, in occasione del 25 aprile, nonch\u00e9 Festa della Liberazione italiana, dove si mostra senza veli, in bianco e nero, e sensualissima per un messaggio di libert\u00e0.<\/p>\n<h3>\u00abLiberi da ogni forma di manipolazione\u2026\u00bb<\/h3>\n<p>La foto alla quale facciamo riferimento, dunque, in men che non si dica ha conquistato una lunga serie di like da parte dei fan, incantati a loro volta dalla bellezza dell\u2019attrice e non solo. Ci\u00f2 che risuona forte e immediato \u00e8 proprio il messaggio di libert\u00e0 di Chiara Baschetti, pubblicato in un giorno speciale per tutti gli italiani, come appunto quello del 25 aprile.<\/p>\n<p><strong>LEGGI ANCHE -&gt;\u00a0<a href=\"https:\/\/icarojournal.com\/index.php\/2026\/04\/21\/marta-filippi-rompe-il-silenzio-su-matteo-branciamore-glielho-proposto-io\/\" target=\"_blank\" rel=\"noopener\">Marta Filippi rompe il silenzio su Matteo Branciamore: \u00abGliel\u2019ho proposto io\u00bb<\/a><\/strong><\/p>\n<p><strong>LEGGI ANCHE -&gt;\u00a0<a href=\"https:\/\/icarojournal.com\/index.php\/2026\/04\/23\/costanza-tutto-pronto-per-la-seconda-stagione-parla-miriam-dalmazio\/\" target=\"_blank\" rel=\"noopener\">Costanza, tutto pronto per la seconda stagione, parla Miriam Dalmazio<\/a><\/strong><\/p>\n<blockquote class=\"instagram-media\" style=\"background: #FFF; border: 0; border-radius: 3px; box-shadow: 0 0 1px 0 rgba(0,0,0,0.5),0 1px 10px 0 rgba(0,0,0,0.15); margin: 1px; max-width: 540px; min-width: 326px; padding: 0; width: calc(100% - 2px);\" data-instgrm-captioned=\"\" data-instgrm-permalink=\"https:\/\/www.instagram.com\/p\/DXjDOeCDc6-\/?utm_source=ig_embed&amp;utm_campaign=loading\" data-instgrm-version=\"14\">\n<div style=\"padding: 16px;\">\n<p>&nbsp;<\/p>\n<div style=\"display: flex; flex-direction: row; align-items: center;\">\n<div style=\"background-color: #f4f4f4; border-radius: 50%; flex-grow: 0; height: 40px; margin-right: 14px; width: 40px;\"><\/div>\n<div style=\"display: flex; flex-direction: column; flex-grow: 1; justify-content: center;\">\n<div style=\"background-color: #f4f4f4; border-radius: 4px; flex-grow: 0; height: 14px; margin-bottom: 6px; width: 100px;\"><\/div>\n<div style=\"background-color: #f4f4f4; border-radius: 4px; flex-grow: 0; height: 14px; width: 60px;\"><\/div>\n<\/div>\n<\/div>\n<div style=\"padding: 19% 0;\"><\/div>\n<div style=\"display: block; height: 50px; margin: 0 auto 12px; width: 50px;\"><\/div>\n<div style=\"padding-top: 8px;\">\n<div style=\"color: #3897f0; font-family: Arial,sans-serif; font-size: 14px; font-style: normal; font-weight: 550; line-height: 18px;\">Visualizza questo post su Instagram<\/div>\n<\/div>\n<div style=\"padding: 12.5% 0;\"><\/div>\n<div style=\"display: flex; flex-direction: row; margin-bottom: 14px; align-items: center;\">\n<div>\n<div style=\"background-color: #f4f4f4; border-radius: 50%; height: 12.5px; width: 12.5px; transform: translateX(0px) translateY(7px);\"><\/div>\n<div style=\"background-color: #f4f4f4; height: 12.5px; transform: rotate(-45deg) translateX(3px) translateY(1px); width: 12.5px; flex-grow: 0; margin-right: 14px; margin-left: 2px;\"><\/div>\n<div style=\"background-color: #f4f4f4; border-radius: 50%; height: 12.5px; width: 12.5px; transform: translateX(9px) translateY(-18px);\"><\/div>\n<\/div>\n<div style=\"margin-left: 8px;\">\n<div style=\"background-color: #f4f4f4; border-radius: 50%; flex-grow: 0; height: 20px; width: 20px;\"><\/div>\n<div style=\"width: 0; height: 0; border-top: 2px solid transparent; border-left: 6px solid #f4f4f4; border-bottom: 2px solid transparent; transform: translateX(16px) translateY(-4px) rotate(30deg);\"><\/div>\n<\/div>\n<div style=\"margin-left: auto;\">\n<div style=\"width: 0px; border-top: 8px solid #F4F4F4; border-right: 8px solid transparent; transform: translateY(16px);\"><\/div>\n<div style=\"background-color: #f4f4f4; flex-grow: 0; height: 12px; width: 16px; transform: translateY(-4px);\"><\/div>\n<div style=\"width: 0; height: 0; border-top: 8px solid #F4F4F4; border-left: 8px solid transparent; transform: translateY(-4px) translateX(8px);\"><\/div>\n<\/div>\n<\/div>\n<div style=\"display: flex; flex-direction: column; flex-grow: 1; justify-content: center; margin-bottom: 24px;\">\n<div style=\"background-color: #f4f4f4; border-radius: 4px; flex-grow: 0; height: 14px; margin-bottom: 6px; width: 224px;\"><\/div>\n<div style=\"background-color: #f4f4f4; border-radius: 4px; flex-grow: 0; height: 14px; width: 144px;\"><\/div>\n<\/div>\n<p>&nbsp;<\/p>\n<p style=\"color: #c9c8cd; font-family: Arial,sans-serif; font-size: 14px; line-height: 17px; margin-bottom: 0; margin-top: 8px; overflow: hidden; padding: 8px 0 7px; text-align: center; text-overflow: ellipsis; white-space: nowrap;\"><a style=\"color: #c9c8cd; font-family: Arial,sans-serif; font-size: 14px; font-style: normal; font-weight: normal; line-height: 17px; text-decoration: none;\" href=\"https:\/\/www.instagram.com\/p\/DXjDOeCDc6-\/?utm_source=ig_embed&amp;utm_campaign=loading\" target=\"_blank\" rel=\"noopener\">Un post condiviso da Chiara Baschetti (@chiarabaschetti)<\/a><\/p>\n<\/div>\n<\/blockquote>\n<p><script async src=\"\/\/www.instagram.com\/embed.js\"><\/script><\/p>\n<p>Qui, infatti, insieme alle belle parole spese per la nostra nazione, Chiara Baschetti comincia cos\u00ec il suo messaggio: \u00ab<em>Liberi da ogni forma di manipolazione, di identificazione, di omologazione. Liberi da ogni forma di inganno. Viva la resistenza e la ribellione<\/em>\u00bb.<\/p>\n<p><strong>LEGGI ANCHE -&gt;\u00a0<a href=\"https:\/\/icarojournal.com\/index.php\/2026\/04\/25\/alessandro-tersigni-il-retroscena-sul-privato-una-comparsa-nella-sua-vita\/\" target=\"_blank\" rel=\"noopener\">Alessandro Tersigni, il retroscena sul privato: \u00abUna comparsa nella sua vita\u00bb<\/a><\/strong><\/p>\n<p><strong>LEGGI ANCHE -&gt;\u00a0<a href=\"https:\/\/icarojournal.com\/index.php\/2026\/04\/26\/questa-e-vegana-al-100-la-faccio-senza-lievito-e-cuocio-in-friggitrice-ad-aria\/\" target=\"_blank\" rel=\"noopener\">Questa \u00e8 vegana al 100%, la faccio senza lievito e cuocio in friggitrice ad aria<\/a><\/strong><\/p>\n","protected":false},"excerpt":{"rendered":"<p>\u00c8 arrivata sul set de Il Paradiso delle Signore per poco tempo, facciamo riferimento a Chiara Baschetti, ma in men che non si dica ha conquistato il pubblico con la sua bellezza ed eleganza\u2026 Stiamo parlando dell\u2019ex Matilde: ma che fine ha fatto l\u2019attrice? Il Paradiso delle Signore \u00e8 stato un banco di prova per [&hellip;]<\/p>\n","protected":false},"author":2,"featured_media":7969,"comment_status":"open","ping_status":"open","sticky":false,"template":"","format":"standard","meta":{"iawp_total_views":39,"footnotes":""},"categories":[84],"tags":[957,483,841,879],"class_list":["post-7956","post","type-post","status-publish","format-standard","has-post-thumbnail","hentry","category-gossip","tag-chiara-baschetti","tag-il-paradiso-delle-signore","tag-il-paradiso-delle-signore-anticipazioni","tag-il-paradiso-delle-signore-rai"],"yoast_head":"<!-- This site is optimized with the Yoast SEO plugin v27.4 - https:\/\/yoast.com\/product\/yoast-seo-wordpress\/ -->\n<title>Chiara Baschetti dopo Il Paradiso Delle Signore: la foto senza veli lascia senza fiato - Icaro Journal<\/title>\n<meta name=\"robots\" content=\"index, follow, max-snippet:-1, max-image-preview:large, max-video-preview:-1\" \/>\n<link rel=\"canonical\" href=\"https:\/\/icarojournal.com\/index.php\/2026\/04\/27\/chiara-baschetti-dopo-il-paradiso-delle-signore-la-foto-senza-veli-lascia-senza-fiato\/\" \/>\n<meta property=\"og:locale\" content=\"it_IT\" \/>\n<meta property=\"og:type\" content=\"article\" \/>\n<meta property=\"og:title\" content=\"Chiara Baschetti dopo Il Paradiso Delle Signore: la foto senza veli lascia senza fiato - Icaro Journal\" \/>\n<meta property=\"og:description\" content=\"\u00c8 arrivata sul set de Il Paradiso delle Signore per poco tempo, facciamo riferimento a Chiara Baschetti, ma in men che non si dica ha conquistato il pubblico con la sua bellezza ed eleganza\u2026 Stiamo parlando dell\u2019ex Matilde: ma che fine ha fatto l\u2019attrice? Il Paradiso delle Signore \u00e8 stato un banco di prova per [&hellip;]\" \/>\n<meta property=\"og:url\" content=\"https:\/\/icarojournal.com\/index.php\/2026\/04\/27\/chiara-baschetti-dopo-il-paradiso-delle-signore-la-foto-senza-veli-lascia-senza-fiato\/\" \/>\n<meta property=\"og:site_name\" content=\"Icaro Journal\" \/>\n<meta property=\"article:published_time\" content=\"2026-04-27T18:50:10+00:00\" \/>\n<meta property=\"og:image\" content=\"https:\/\/icarojournal.com\/wp-content\/uploads\/2026\/04\/Chiara-Baschetti-dopo-Il-Paradiso-delle-Signore-20260427-IcaroJournal-.jpg\" \/>\n\t<meta property=\"og:image:width\" content=\"1200\" \/>\n\t<meta property=\"og:image:height\" content=\"800\" \/>\n\t<meta property=\"og:image:type\" content=\"image\/jpeg\" \/>\n<meta name=\"author\" content=\"Francesca Guglielmino\" \/>\n<meta name=\"twitter:card\" content=\"summary_large_image\" \/>\n<meta name=\"twitter:label1\" content=\"Scritto da\" \/>\n\t<meta name=\"twitter:data1\" content=\"Francesca Guglielmino\" \/>\n\t<meta name=\"twitter:label2\" content=\"Tempo di lettura stimato\" \/>\n\t<meta name=\"twitter:data2\" content=\"4 minuti\" \/>\n<script type=\"application\/ld+json\" class=\"yoast-schema-graph\">{\"@context\":\"https:\\\/\\\/schema.org\",\"@graph\":[{\"@type\":\"Article\",\"@id\":\"https:\\\/\\\/icarojournal.com\\\/index.php\\\/2026\\\/04\\\/27\\\/chiara-baschetti-dopo-il-paradiso-delle-signore-la-foto-senza-veli-lascia-senza-fiato\\\/#article\",\"isPartOf\":{\"@id\":\"https:\\\/\\\/icarojournal.com\\\/index.php\\\/2026\\\/04\\\/27\\\/chiara-baschetti-dopo-il-paradiso-delle-signore-la-foto-senza-veli-lascia-senza-fiato\\\/\"},\"author\":{\"name\":\"Francesca Guglielmino\",\"@id\":\"https:\\\/\\\/icarojournal.com\\\/#\\\/schema\\\/person\\\/50728028a3703bea504b6347d37b5f99\"},\"headline\":\"Chiara Baschetti dopo Il Paradiso Delle Signore: la foto senza veli lascia senza fiato\",\"datePublished\":\"2026-04-27T18:50:10+00:00\",\"mainEntityOfPage\":{\"@id\":\"https:\\\/\\\/icarojournal.com\\\/index.php\\\/2026\\\/04\\\/27\\\/chiara-baschetti-dopo-il-paradiso-delle-signore-la-foto-senza-veli-lascia-senza-fiato\\\/\"},\"wordCount\":552,\"commentCount\":0,\"publisher\":{\"@id\":\"https:\\\/\\\/icarojournal.com\\\/#organization\"},\"image\":{\"@id\":\"https:\\\/\\\/icarojournal.com\\\/index.php\\\/2026\\\/04\\\/27\\\/chiara-baschetti-dopo-il-paradiso-delle-signore-la-foto-senza-veli-lascia-senza-fiato\\\/#primaryimage\"},\"thumbnailUrl\":\"https:\\\/\\\/icarojournal.com\\\/wp-content\\\/uploads\\\/2026\\\/04\\\/Chiara-Baschetti-dopo-Il-Paradiso-delle-Signore-20260427-IcaroJournal-.jpg\",\"keywords\":[\"Chiara Baschetti\",\"Il Paradiso delle Signore\",\"Il paradiso delle signore anticipazioni\",\"il paradiso delle signore rai\"],\"articleSection\":[\"Gossip\"],\"inLanguage\":\"it-IT\",\"potentialAction\":[{\"@type\":\"CommentAction\",\"name\":\"Comment\",\"target\":[\"https:\\\/\\\/icarojournal.com\\\/index.php\\\/2026\\\/04\\\/27\\\/chiara-baschetti-dopo-il-paradiso-delle-signore-la-foto-senza-veli-lascia-senza-fiato\\\/#respond\"]}]},{\"@type\":\"WebPage\",\"@id\":\"https:\\\/\\\/icarojournal.com\\\/index.php\\\/2026\\\/04\\\/27\\\/chiara-baschetti-dopo-il-paradiso-delle-signore-la-foto-senza-veli-lascia-senza-fiato\\\/\",\"url\":\"https:\\\/\\\/icarojournal.com\\\/index.php\\\/2026\\\/04\\\/27\\\/chiara-baschetti-dopo-il-paradiso-delle-signore-la-foto-senza-veli-lascia-senza-fiato\\\/\",\"name\":\"Chiara Baschetti dopo Il Paradiso Delle Signore: la foto senza veli lascia senza fiato - Icaro Journal\",\"isPartOf\":{\"@id\":\"https:\\\/\\\/icarojournal.com\\\/#website\"},\"primaryImageOfPage\":{\"@id\":\"https:\\\/\\\/icarojournal.com\\\/index.php\\\/2026\\\/04\\\/27\\\/chiara-baschetti-dopo-il-paradiso-delle-signore-la-foto-senza-veli-lascia-senza-fiato\\\/#primaryimage\"},\"image\":{\"@id\":\"https:\\\/\\\/icarojournal.com\\\/index.php\\\/2026\\\/04\\\/27\\\/chiara-baschetti-dopo-il-paradiso-delle-signore-la-foto-senza-veli-lascia-senza-fiato\\\/#primaryimage\"},\"thumbnailUrl\":\"https:\\\/\\\/icarojournal.com\\\/wp-content\\\/uploads\\\/2026\\\/04\\\/Chiara-Baschetti-dopo-Il-Paradiso-delle-Signore-20260427-IcaroJournal-.jpg\",\"datePublished\":\"2026-04-27T18:50:10+00:00\",\"breadcrumb\":{\"@id\":\"https:\\\/\\\/icarojournal.com\\\/index.php\\\/2026\\\/04\\\/27\\\/chiara-baschetti-dopo-il-paradiso-delle-signore-la-foto-senza-veli-lascia-senza-fiato\\\/#breadcrumb\"},\"inLanguage\":\"it-IT\",\"potentialAction\":[{\"@type\":\"ReadAction\",\"target\":[\"https:\\\/\\\/icarojournal.com\\\/index.php\\\/2026\\\/04\\\/27\\\/chiara-baschetti-dopo-il-paradiso-delle-signore-la-foto-senza-veli-lascia-senza-fiato\\\/\"]}]},{\"@type\":\"ImageObject\",\"inLanguage\":\"it-IT\",\"@id\":\"https:\\\/\\\/icarojournal.com\\\/index.php\\\/2026\\\/04\\\/27\\\/chiara-baschetti-dopo-il-paradiso-delle-signore-la-foto-senza-veli-lascia-senza-fiato\\\/#primaryimage\",\"url\":\"https:\\\/\\\/icarojournal.com\\\/wp-content\\\/uploads\\\/2026\\\/04\\\/Chiara-Baschetti-dopo-Il-Paradiso-delle-Signore-20260427-IcaroJournal-.jpg\",\"contentUrl\":\"https:\\\/\\\/icarojournal.com\\\/wp-content\\\/uploads\\\/2026\\\/04\\\/Chiara-Baschetti-dopo-Il-Paradiso-delle-Signore-20260427-IcaroJournal-.jpg\",\"width\":1200,\"height\":800,\"caption\":\"Chiara Baschetti dopo Il Paradiso delle Signore - IcaroJournal\"},{\"@type\":\"BreadcrumbList\",\"@id\":\"https:\\\/\\\/icarojournal.com\\\/index.php\\\/2026\\\/04\\\/27\\\/chiara-baschetti-dopo-il-paradiso-delle-signore-la-foto-senza-veli-lascia-senza-fiato\\\/#breadcrumb\",\"itemListElement\":[{\"@type\":\"ListItem\",\"position\":1,\"name\":\"Home\",\"item\":\"https:\\\/\\\/icarojournal.com\\\/\"},{\"@type\":\"ListItem\",\"position\":2,\"name\":\"Chiara Baschetti dopo Il Paradiso Delle Signore: la foto senza veli lascia senza fiato\"}]},{\"@type\":\"WebSite\",\"@id\":\"https:\\\/\\\/icarojournal.com\\\/#website\",\"url\":\"https:\\\/\\\/icarojournal.com\\\/\",\"name\":\"Icaro Journal\",\"description\":\"Dalla cucina ai viaggi alle storie di vita\",\"publisher\":{\"@id\":\"https:\\\/\\\/icarojournal.com\\\/#organization\"},\"potentialAction\":[{\"@type\":\"SearchAction\",\"target\":{\"@type\":\"EntryPoint\",\"urlTemplate\":\"https:\\\/\\\/icarojournal.com\\\/?s={search_term_string}\"},\"query-input\":{\"@type\":\"PropertyValueSpecification\",\"valueRequired\":true,\"valueName\":\"search_term_string\"}}],\"inLanguage\":\"it-IT\"},{\"@type\":\"Organization\",\"@id\":\"https:\\\/\\\/icarojournal.com\\\/#organization\",\"name\":\"Icaro Journal\",\"url\":\"https:\\\/\\\/icarojournal.com\\\/\",\"logo\":{\"@type\":\"ImageObject\",\"inLanguage\":\"it-IT\",\"@id\":\"https:\\\/\\\/icarojournal.com\\\/#\\\/schema\\\/logo\\\/image\\\/\",\"url\":\"https:\\\/\\\/icarojournal.com\\\/wp-content\\\/uploads\\\/2024\\\/09\\\/cropped-logo.png\",\"contentUrl\":\"https:\\\/\\\/icarojournal.com\\\/wp-content\\\/uploads\\\/2024\\\/09\\\/cropped-logo.png\",\"width\":249,\"height\":112,\"caption\":\"Icaro Journal\"},\"image\":{\"@id\":\"https:\\\/\\\/icarojournal.com\\\/#\\\/schema\\\/logo\\\/image\\\/\"},\"sameAs\":[\"https:\\\/\\\/www.instagram.com\\\/icarojournal\\\/\"]},{\"@type\":\"Person\",\"@id\":\"https:\\\/\\\/icarojournal.com\\\/#\\\/schema\\\/person\\\/50728028a3703bea504b6347d37b5f99\",\"name\":\"Francesca Guglielmino\",\"image\":{\"@type\":\"ImageObject\",\"inLanguage\":\"it-IT\",\"@id\":\"https:\\\/\\\/secure.gravatar.com\\\/avatar\\\/33a9fb184e61458c03502f25a25c41fb4a67a826d476085532fe929fa0faac68?s=96&d=mm&r=g\",\"url\":\"https:\\\/\\\/secure.gravatar.com\\\/avatar\\\/33a9fb184e61458c03502f25a25c41fb4a67a826d476085532fe929fa0faac68?s=96&d=mm&r=g\",\"contentUrl\":\"https:\\\/\\\/secure.gravatar.com\\\/avatar\\\/33a9fb184e61458c03502f25a25c41fb4a67a826d476085532fe929fa0faac68?s=96&d=mm&r=g\",\"caption\":\"Francesca Guglielmino\"},\"sameAs\":[\"http:\\\/\\\/@francesca_guglielmino90\"],\"url\":\"https:\\\/\\\/icarojournal.com\\\/index.php\\\/author\\\/francesca-guglielmino\\\/\"}]}<\/script>\n<!-- \/ Yoast SEO plugin. -->","yoast_head_json":{"title":"Chiara Baschetti dopo Il Paradiso Delle Signore: la foto senza veli lascia senza fiato - Icaro Journal","robots":{"index":"index","follow":"follow","max-snippet":"max-snippet:-1","max-image-preview":"max-image-preview:large","max-video-preview":"max-video-preview:-1"},"canonical":"https:\/\/icarojournal.com\/index.php\/2026\/04\/27\/chiara-baschetti-dopo-il-paradiso-delle-signore-la-foto-senza-veli-lascia-senza-fiato\/","og_locale":"it_IT","og_type":"article","og_title":"Chiara Baschetti dopo Il Paradiso Delle Signore: la foto senza veli lascia senza fiato - Icaro Journal","og_description":"\u00c8 arrivata sul set de Il Paradiso delle Signore per poco tempo, facciamo riferimento a Chiara Baschetti, ma in men che non si dica ha conquistato il pubblico con la sua bellezza ed eleganza\u2026 Stiamo parlando dell\u2019ex Matilde: ma che fine ha fatto l\u2019attrice? Il Paradiso delle Signore \u00e8 stato un banco di prova per [&hellip;]","og_url":"https:\/\/icarojournal.com\/index.php\/2026\/04\/27\/chiara-baschetti-dopo-il-paradiso-delle-signore-la-foto-senza-veli-lascia-senza-fiato\/","og_site_name":"Icaro Journal","article_published_time":"2026-04-27T18:50:10+00:00","og_image":[{"width":1200,"height":800,"url":"https:\/\/icarojournal.com\/wp-content\/uploads\/2026\/04\/Chiara-Baschetti-dopo-Il-Paradiso-delle-Signore-20260427-IcaroJournal-.jpg","type":"image\/jpeg"}],"author":"Francesca Guglielmino","twitter_card":"summary_large_image","twitter_misc":{"Scritto da":"Francesca Guglielmino","Tempo di lettura stimato":"4 minuti"},"schema":{"@context":"https:\/\/schema.org","@graph":[{"@type":"Article","@id":"https:\/\/icarojournal.com\/index.php\/2026\/04\/27\/chiara-baschetti-dopo-il-paradiso-delle-signore-la-foto-senza-veli-lascia-senza-fiato\/#article","isPartOf":{"@id":"https:\/\/icarojournal.com\/index.php\/2026\/04\/27\/chiara-baschetti-dopo-il-paradiso-delle-signore-la-foto-senza-veli-lascia-senza-fiato\/"},"author":{"name":"Francesca Guglielmino","@id":"https:\/\/icarojournal.com\/#\/schema\/person\/50728028a3703bea504b6347d37b5f99"},"headline":"Chiara Baschetti dopo Il Paradiso Delle Signore: la foto senza veli lascia senza fiato","datePublished":"2026-04-27T18:50:10+00:00","mainEntityOfPage":{"@id":"https:\/\/icarojournal.com\/index.php\/2026\/04\/27\/chiara-baschetti-dopo-il-paradiso-delle-signore-la-foto-senza-veli-lascia-senza-fiato\/"},"wordCount":552,"commentCount":0,"publisher":{"@id":"https:\/\/icarojournal.com\/#organization"},"image":{"@id":"https:\/\/icarojournal.com\/index.php\/2026\/04\/27\/chiara-baschetti-dopo-il-paradiso-delle-signore-la-foto-senza-veli-lascia-senza-fiato\/#primaryimage"},"thumbnailUrl":"https:\/\/icarojournal.com\/wp-content\/uploads\/2026\/04\/Chiara-Baschetti-dopo-Il-Paradiso-delle-Signore-20260427-IcaroJournal-.jpg","keywords":["Chiara Baschetti","Il Paradiso delle Signore","Il paradiso delle signore anticipazioni","il paradiso delle signore rai"],"articleSection":["Gossip"],"inLanguage":"it-IT","potentialAction":[{"@type":"CommentAction","name":"Comment","target":["https:\/\/icarojournal.com\/index.php\/2026\/04\/27\/chiara-baschetti-dopo-il-paradiso-delle-signore-la-foto-senza-veli-lascia-senza-fiato\/#respond"]}]},{"@type":"WebPage","@id":"https:\/\/icarojournal.com\/index.php\/2026\/04\/27\/chiara-baschetti-dopo-il-paradiso-delle-signore-la-foto-senza-veli-lascia-senza-fiato\/","url":"https:\/\/icarojournal.com\/index.php\/2026\/04\/27\/chiara-baschetti-dopo-il-paradiso-delle-signore-la-foto-senza-veli-lascia-senza-fiato\/","name":"Chiara Baschetti dopo Il Paradiso Delle Signore: la foto senza veli lascia senza fiato - Icaro Journal","isPartOf":{"@id":"https:\/\/icarojournal.com\/#website"},"primaryImageOfPage":{"@id":"https:\/\/icarojournal.com\/index.php\/2026\/04\/27\/chiara-baschetti-dopo-il-paradiso-delle-signore-la-foto-senza-veli-lascia-senza-fiato\/#primaryimage"},"image":{"@id":"https:\/\/icarojournal.com\/index.php\/2026\/04\/27\/chiara-baschetti-dopo-il-paradiso-delle-signore-la-foto-senza-veli-lascia-senza-fiato\/#primaryimage"},"thumbnailUrl":"https:\/\/icarojournal.com\/wp-content\/uploads\/2026\/04\/Chiara-Baschetti-dopo-Il-Paradiso-delle-Signore-20260427-IcaroJournal-.jpg","datePublished":"2026-04-27T18:50:10+00:00","breadcrumb":{"@id":"https:\/\/icarojournal.com\/index.php\/2026\/04\/27\/chiara-baschetti-dopo-il-paradiso-delle-signore-la-foto-senza-veli-lascia-senza-fiato\/#breadcrumb"},"inLanguage":"it-IT","potentialAction":[{"@type":"ReadAction","target":["https:\/\/icarojournal.com\/index.php\/2026\/04\/27\/chiara-baschetti-dopo-il-paradiso-delle-signore-la-foto-senza-veli-lascia-senza-fiato\/"]}]},{"@type":"ImageObject","inLanguage":"it-IT","@id":"https:\/\/icarojournal.com\/index.php\/2026\/04\/27\/chiara-baschetti-dopo-il-paradiso-delle-signore-la-foto-senza-veli-lascia-senza-fiato\/#primaryimage","url":"https:\/\/icarojournal.com\/wp-content\/uploads\/2026\/04\/Chiara-Baschetti-dopo-Il-Paradiso-delle-Signore-20260427-IcaroJournal-.jpg","contentUrl":"https:\/\/icarojournal.com\/wp-content\/uploads\/2026\/04\/Chiara-Baschetti-dopo-Il-Paradiso-delle-Signore-20260427-IcaroJournal-.jpg","width":1200,"height":800,"caption":"Chiara Baschetti dopo Il Paradiso delle Signore - IcaroJournal"},{"@type":"BreadcrumbList","@id":"https:\/\/icarojournal.com\/index.php\/2026\/04\/27\/chiara-baschetti-dopo-il-paradiso-delle-signore-la-foto-senza-veli-lascia-senza-fiato\/#breadcrumb","itemListElement":[{"@type":"ListItem","position":1,"name":"Home","item":"https:\/\/icarojournal.com\/"},{"@type":"ListItem","position":2,"name":"Chiara Baschetti dopo Il Paradiso Delle Signore: la foto senza veli lascia senza fiato"}]},{"@type":"WebSite","@id":"https:\/\/icarojournal.com\/#website","url":"https:\/\/icarojournal.com\/","name":"Icaro Journal","description":"Dalla cucina ai viaggi alle storie di vita","publisher":{"@id":"https:\/\/icarojournal.com\/#organization"},"potentialAction":[{"@type":"SearchAction","target":{"@type":"EntryPoint","urlTemplate":"https:\/\/icarojournal.com\/?s={search_term_string}"},"query-input":{"@type":"PropertyValueSpecification","valueRequired":true,"valueName":"search_term_string"}}],"inLanguage":"it-IT"},{"@type":"Organization","@id":"https:\/\/icarojournal.com\/#organization","name":"Icaro Journal","url":"https:\/\/icarojournal.com\/","logo":{"@type":"ImageObject","inLanguage":"it-IT","@id":"https:\/\/icarojournal.com\/#\/schema\/logo\/image\/","url":"https:\/\/icarojournal.com\/wp-content\/uploads\/2024\/09\/cropped-logo.png","contentUrl":"https:\/\/icarojournal.com\/wp-content\/uploads\/2024\/09\/cropped-logo.png","width":249,"height":112,"caption":"Icaro Journal"},"image":{"@id":"https:\/\/icarojournal.com\/#\/schema\/logo\/image\/"},"sameAs":["https:\/\/www.instagram.com\/icarojournal\/"]},{"@type":"Person","@id":"https:\/\/icarojournal.com\/#\/schema\/person\/50728028a3703bea504b6347d37b5f99","name":"Francesca Guglielmino","image":{"@type":"ImageObject","inLanguage":"it-IT","@id":"https:\/\/secure.gravatar.com\/avatar\/33a9fb184e61458c03502f25a25c41fb4a67a826d476085532fe929fa0faac68?s=96&d=mm&r=g","url":"https:\/\/secure.gravatar.com\/avatar\/33a9fb184e61458c03502f25a25c41fb4a67a826d476085532fe929fa0faac68?s=96&d=mm&r=g","contentUrl":"https:\/\/secure.gravatar.com\/avatar\/33a9fb184e61458c03502f25a25c41fb4a67a826d476085532fe929fa0faac68?s=96&d=mm&r=g","caption":"Francesca Guglielmino"},"sameAs":["http:\/\/@francesca_guglielmino90"],"url":"https:\/\/icarojournal.com\/index.php\/author\/francesca-guglielmino\/"}]}},"_links":{"self":[{"href":"https:\/\/icarojournal.com\/index.php\/wp-json\/wp\/v2\/posts\/7956","targetHints":{"allow":["GET"]}}],"collection":[{"href":"https:\/\/icarojournal.com\/index.php\/wp-json\/wp\/v2\/posts"}],"about":[{"href":"https:\/\/icarojournal.com\/index.php\/wp-json\/wp\/v2\/types\/post"}],"author":[{"embeddable":true,"href":"https:\/\/icarojournal.com\/index.php\/wp-json\/wp\/v2\/users\/2"}],"replies":[{"embeddable":true,"href":"https:\/\/icarojournal.com\/index.php\/wp-json\/wp\/v2\/comments?post=7956"}],"version-history":[{"count":1,"href":"https:\/\/icarojournal.com\/index.php\/wp-json\/wp\/v2\/posts\/7956\/revisions"}],"predecessor-version":[{"id":7972,"href":"https:\/\/icarojournal.com\/index.php\/wp-json\/wp\/v2\/posts\/7956\/revisions\/7972"}],"wp:featuredmedia":[{"embeddable":true,"href":"https:\/\/icarojournal.com\/index.php\/wp-json\/wp\/v2\/media\/7969"}],"wp:attachment":[{"href":"https:\/\/icarojournal.com\/index.php\/wp-json\/wp\/v2\/media?parent=7956"}],"wp:term":[{"taxonomy":"category","embeddable":true,"href":"https:\/\/icarojournal.com\/index.php\/wp-json\/wp\/v2\/categories?post=7956"},{"taxonomy":"post_tag","embeddable":true,"href":"https:\/\/icarojournal.com\/index.php\/wp-json\/wp\/v2\/tags?post=7956"}],"curies":[{"name":"wp","href":"https:\/\/api.w.org\/{rel}","templated":true}]}}