{"id":7971,"date":"2026-05-01T19:38:22","date_gmt":"2026-05-01T17:38:22","guid":{"rendered":"https:\/\/icarojournal.com\/?p=7971"},"modified":"2026-05-01T19:38:22","modified_gmt":"2026-05-01T17:38:22","slug":"quali-giacche-portare-con-se-per-completare-perfettamente-gli-outfit-della-vacanza","status":"publish","type":"post","link":"https:\/\/icarojournal.com\/index.php\/2026\/05\/01\/quali-giacche-portare-con-se-per-completare-perfettamente-gli-outfit-della-vacanza\/","title":{"rendered":"Quali giacche portare con se per completare perfettamente gli outfit della vacanza"},"content":{"rendered":"<p><strong>Quando iniziamo a pensare a cosa portare con noi in valigia ci blocchiamo quando si parla di giubbotti e giacche, potremmo portarne solo uno e indossarlo direttamente ma spesso e volentieri non si pu\u00f2 prevedere il clima del posto.<\/strong><\/p>\n<p>Non importa se stiamo passeggiando in riva al mare o tra il trambusto di una citt\u00e0, il giubbotto giusto fa la differenza, \u00e8 un tocco finale all\u2019outfit che da un impatto visivo.<\/p>\n<p>Con la scelta giusta la valigia rimane light contenendo tutto il necessario per affrontare tutte le situazioni con tranquillit\u00e0 e stile.<\/p>\n<h2>I due immancabili nell\u2019armadio: giacca e giubbotti in viaggio<\/h2>\n<p>Un giubbotto di jeans e un bomber sono dei classici ideali sui quali <strong>creare outfit<\/strong> <strong>per<\/strong> <strong>il<\/strong> <strong>nostro<\/strong> <strong>viaggio<\/strong>. Il primo \u00e8 un capo senza tempo, si abbina con jeans, pantaloncini o non, anche se di tonalit\u00e0 differenti, con gonne di qualsiasi fantasia e persino con un bell completo monocromo elegante. Per restare alla moda prendine uno oversize optando per un lavaggio chiaro che va perfettamente d\u2019accordo con l\u2019estate.<\/p>\n<figure id=\"attachment_8103\" aria-describedby=\"caption-attachment-8103\" style=\"width: 1200px\" class=\"wp-caption alignnone\"><img loading=\"lazy\" decoding=\"async\" class=\"size-full wp-image-8103\" src=\"https:\/\/icarojournal.com\/wp-content\/uploads\/2026\/04\/Quali-giacche-portare-in-vacanza-20260401-IcaroJournal.jpg\" alt=\"Quali giacche portare in vacanza - IcaroJournal\" width=\"1200\" height=\"800\" srcset=\"https:\/\/icarojournal.com\/wp-content\/uploads\/2026\/04\/Quali-giacche-portare-in-vacanza-20260401-IcaroJournal.jpg 1200w, https:\/\/icarojournal.com\/wp-content\/uploads\/2026\/04\/Quali-giacche-portare-in-vacanza-20260401-IcaroJournal-300x200.jpg 300w, https:\/\/icarojournal.com\/wp-content\/uploads\/2026\/04\/Quali-giacche-portare-in-vacanza-20260401-IcaroJournal-1024x683.jpg 1024w, https:\/\/icarojournal.com\/wp-content\/uploads\/2026\/04\/Quali-giacche-portare-in-vacanza-20260401-IcaroJournal-768x512.jpg 768w\" sizes=\"auto, (max-width: 1200px) 100vw, 1200px\" \/><figcaption id=\"caption-attachment-8103\" class=\"wp-caption-text\">Quali giacche portare in vacanza &#8211; IcaroJournal<\/figcaption><\/figure>\n<p>D\u2019altronde a <strong>differenza di altri giubbotti quello di jeans ha infinite varianti particolari<\/strong>, che siano con strass, glitter, frange o semplicemente qualche strappo. Mentre il bomber scelto sui colori neutri, quindi bianco, beige o nero \u00e8 armonioso da vedere abbinato a jeans e sneakers, di giorno come di notte, su pantaloni come anche su un vestito.<\/p>\n<h3>Il perfetto bilancio tra prevenzione ed eleganza<\/h3>\n<p>Come dicevamo poco prima, nessuno pu\u00f2 salvarsi dal brutto tempo in vacanza, la pioggia non annuncia il suo arrivo, ma capita puntualmente nel momento pi\u00f9 inopportuno. Una mantella per la pioggia di plastica, facilmente comprimibile ottima da infilare nello zaino aiuta a prevenire il problema e a risolverlo senza influenzare l\u2019estetica dell\u2019outfit data la trasparenza, non ha nulla a che fare con il k-way che risulta un po pi\u00f9 ingombrante e che non mira a migliorare l\u2019estetica del look.<\/p>\n<p><strong>LEGGI ANCHE -&gt;\u00a0<a href=\"https:\/\/icarojournal.com\/index.php\/2026\/04\/26\/il-piccolo-tibet-in-abruzzo-dove-la-terra-incontra-il-cielo\/\" target=\"_blank\" rel=\"noopener\">Il piccolo Tibet in Abruzzo: dove la terra incontra il cielo<\/a><\/strong><\/p>\n<p><strong>LEGGI ANCHE -&gt;\u00a0<a href=\"https:\/\/icarojournal.com\/index.php\/2026\/04\/29\/attenzione-perche-la-scelta-della-borsa-corretta-e-quella-che-ti-salva-la-vacanza\/\" target=\"_blank\" rel=\"noopener\">Attenzione, perch\u00e9 la scelta della borsa corretta \u00e8 quella che ti salva la vacanza<\/a><\/strong><\/p>\n<figure id=\"attachment_8102\" aria-describedby=\"caption-attachment-8102\" style=\"width: 1200px\" class=\"wp-caption alignnone\"><img loading=\"lazy\" decoding=\"async\" class=\"size-full wp-image-8102\" src=\"https:\/\/icarojournal.com\/wp-content\/uploads\/2026\/04\/Quali-giacche-portare-in-vacanza-20260401-IcaroJournal-2.jpg\" alt=\"Quali giacche portare in vacanza - IcaroJournal\" width=\"1200\" height=\"800\" srcset=\"https:\/\/icarojournal.com\/wp-content\/uploads\/2026\/04\/Quali-giacche-portare-in-vacanza-20260401-IcaroJournal-2.jpg 1200w, https:\/\/icarojournal.com\/wp-content\/uploads\/2026\/04\/Quali-giacche-portare-in-vacanza-20260401-IcaroJournal-2-300x200.jpg 300w, https:\/\/icarojournal.com\/wp-content\/uploads\/2026\/04\/Quali-giacche-portare-in-vacanza-20260401-IcaroJournal-2-1024x683.jpg 1024w, https:\/\/icarojournal.com\/wp-content\/uploads\/2026\/04\/Quali-giacche-portare-in-vacanza-20260401-IcaroJournal-2-768x512.jpg 768w\" sizes=\"auto, (max-width: 1200px) 100vw, 1200px\" \/><figcaption id=\"caption-attachment-8102\" class=\"wp-caption-text\">Quali giacche portare in vacanza &#8211; IcaroJournal<\/figcaption><\/figure>\n<p>Una volta finita la pioggia \u00e8 ora di uscire a cena, <strong>il nostro outfit deve essere pi\u00f9 elegante<\/strong> e qual\u2019\u00e8 il modo migliore per renderlo tale se non un bell giubbotto di pelle o ecopelle se vogliamo essere sostenibili. Uno nero o bianco va pi\u00f9 che bene per poterlo abbinare a livello cromatico. Il <strong>giubbotto di pelle<\/strong> si mette tranquillamente sopra qualsiasi outfit da sera, che sia pi\u00f9 o meno elegante, questo giubbotto fa tutto il lavoro. Indubbiamente pesa pi\u00f9 degli altri ma vale la pena averlo in valigia per fornire un tocco pi\u00f9 chique.<\/p>\n<p><strong>LEGGI ANCHE -&gt;\u00a0<a href=\"https:\/\/icarojournal.com\/index.php\/2026\/04\/30\/i-segreti-per-la-valigia-perfetta-il-metodo-scientifico\/\" target=\"_blank\" rel=\"noopener\">I segreti per la valigia perfetta: il metodo scientifico<\/a><\/strong><\/p>\n<p><strong>LEGGI ANCHE -&gt;\u00a0<a href=\"https:\/\/icarojournal.com\/index.php\/2026\/04\/30\/salento-il-tacco-ditalia-che-non-vuole-smettere-di-ballare\/\" target=\"_blank\" rel=\"noopener\">Salento: il tacco d\u2019Italia che non vuole smettere di ballare<\/a><\/strong><\/p>\n","protected":false},"excerpt":{"rendered":"<p>Quando iniziamo a pensare a cosa portare con noi in valigia ci blocchiamo quando si parla di giubbotti e giacche, potremmo portarne solo uno e indossarlo direttamente ma spesso e volentieri non si pu\u00f2 prevedere il clima del posto. Non importa se stiamo passeggiando in riva al mare o tra il trambusto di una citt\u00e0, [&hellip;]<\/p>\n","protected":false},"author":3,"featured_media":8101,"comment_status":"open","ping_status":"open","sticky":false,"template":"","format":"standard","meta":{"iawp_total_views":1,"footnotes":""},"categories":[361],"tags":[963,944],"class_list":["post-7971","post","type-post","status-publish","format-standard","has-post-thumbnail","hentry","category-lifestyle","tag-cosa-portare-in-vacanza","tag-cosa-portare-in-viaggio"],"yoast_head":"<!-- This site is optimized with the Yoast SEO plugin v27.5 - https:\/\/yoast.com\/product\/yoast-seo-wordpress\/ -->\n<title>Quali giacche portare con se per completare perfettamente gli outfit della vacanza - Icaro Journal<\/title>\n<meta name=\"description\" content=\"Quando iniziamo a pensare a cosa portare con noi in valigia ci blocchiamo quando si parla di giubbotti e giacche, potremmo...\" \/>\n<meta name=\"robots\" content=\"index, follow, max-snippet:-1, max-image-preview:large, max-video-preview:-1\" \/>\n<link rel=\"canonical\" href=\"https:\/\/icarojournal.com\/index.php\/2026\/05\/01\/quali-giacche-portare-con-se-per-completare-perfettamente-gli-outfit-della-vacanza\/\" \/>\n<meta property=\"og:locale\" content=\"it_IT\" \/>\n<meta property=\"og:type\" content=\"article\" \/>\n<meta property=\"og:title\" content=\"Quali giacche portare con se per completare perfettamente gli outfit della vacanza - Icaro Journal\" \/>\n<meta property=\"og:description\" content=\"Quando iniziamo a pensare a cosa portare con noi in valigia ci blocchiamo quando si parla di giubbotti e giacche, potremmo...\" \/>\n<meta property=\"og:url\" content=\"https:\/\/icarojournal.com\/index.php\/2026\/05\/01\/quali-giacche-portare-con-se-per-completare-perfettamente-gli-outfit-della-vacanza\/\" \/>\n<meta property=\"og:site_name\" content=\"Icaro Journal\" \/>\n<meta property=\"article:published_time\" content=\"2026-05-01T17:38:22+00:00\" \/>\n<meta property=\"og:image\" content=\"https:\/\/icarojournal.com\/wp-content\/uploads\/2026\/04\/Quali-giacche-portare-in-vacanza-20260401-IcaroJournal-1.jpg\" \/>\n\t<meta property=\"og:image:width\" content=\"1200\" \/>\n\t<meta property=\"og:image:height\" content=\"800\" \/>\n\t<meta property=\"og:image:type\" content=\"image\/jpeg\" \/>\n<meta name=\"author\" content=\"Lavinia Radu\" \/>\n<meta name=\"twitter:card\" content=\"summary_large_image\" \/>\n<meta name=\"twitter:label1\" content=\"Scritto da\" \/>\n\t<meta name=\"twitter:data1\" content=\"Lavinia Radu\" \/>\n\t<meta name=\"twitter:label2\" content=\"Tempo di lettura stimato\" \/>\n\t<meta name=\"twitter:data2\" content=\"4 minuti\" \/>\n<script type=\"application\/ld+json\" class=\"yoast-schema-graph\">{\"@context\":\"https:\\\/\\\/schema.org\",\"@graph\":[{\"@type\":\"Article\",\"@id\":\"https:\\\/\\\/icarojournal.com\\\/index.php\\\/2026\\\/05\\\/01\\\/quali-giacche-portare-con-se-per-completare-perfettamente-gli-outfit-della-vacanza\\\/#article\",\"isPartOf\":{\"@id\":\"https:\\\/\\\/icarojournal.com\\\/index.php\\\/2026\\\/05\\\/01\\\/quali-giacche-portare-con-se-per-completare-perfettamente-gli-outfit-della-vacanza\\\/\"},\"author\":{\"name\":\"Lavinia Radu\",\"@id\":\"https:\\\/\\\/icarojournal.com\\\/#\\\/schema\\\/person\\\/28c847674199322c99aafdf86faef928\"},\"headline\":\"Quali giacche portare con se per completare perfettamente gli outfit della vacanza\",\"datePublished\":\"2026-05-01T17:38:22+00:00\",\"mainEntityOfPage\":{\"@id\":\"https:\\\/\\\/icarojournal.com\\\/index.php\\\/2026\\\/05\\\/01\\\/quali-giacche-portare-con-se-per-completare-perfettamente-gli-outfit-della-vacanza\\\/\"},\"wordCount\":511,\"commentCount\":0,\"publisher\":{\"@id\":\"https:\\\/\\\/icarojournal.com\\\/#organization\"},\"image\":{\"@id\":\"https:\\\/\\\/icarojournal.com\\\/index.php\\\/2026\\\/05\\\/01\\\/quali-giacche-portare-con-se-per-completare-perfettamente-gli-outfit-della-vacanza\\\/#primaryimage\"},\"thumbnailUrl\":\"https:\\\/\\\/icarojournal.com\\\/wp-content\\\/uploads\\\/2026\\\/04\\\/Quali-giacche-portare-in-vacanza-20260401-IcaroJournal-1.jpg\",\"keywords\":[\"cosa portare in vacanza\",\"Cosa portare in viaggio\"],\"articleSection\":[\"Lifestyle\"],\"inLanguage\":\"it-IT\",\"potentialAction\":[{\"@type\":\"CommentAction\",\"name\":\"Comment\",\"target\":[\"https:\\\/\\\/icarojournal.com\\\/index.php\\\/2026\\\/05\\\/01\\\/quali-giacche-portare-con-se-per-completare-perfettamente-gli-outfit-della-vacanza\\\/#respond\"]}]},{\"@type\":\"WebPage\",\"@id\":\"https:\\\/\\\/icarojournal.com\\\/index.php\\\/2026\\\/05\\\/01\\\/quali-giacche-portare-con-se-per-completare-perfettamente-gli-outfit-della-vacanza\\\/\",\"url\":\"https:\\\/\\\/icarojournal.com\\\/index.php\\\/2026\\\/05\\\/01\\\/quali-giacche-portare-con-se-per-completare-perfettamente-gli-outfit-della-vacanza\\\/\",\"name\":\"Quali giacche portare con se per completare perfettamente gli outfit della vacanza - Icaro Journal\",\"isPartOf\":{\"@id\":\"https:\\\/\\\/icarojournal.com\\\/#website\"},\"primaryImageOfPage\":{\"@id\":\"https:\\\/\\\/icarojournal.com\\\/index.php\\\/2026\\\/05\\\/01\\\/quali-giacche-portare-con-se-per-completare-perfettamente-gli-outfit-della-vacanza\\\/#primaryimage\"},\"image\":{\"@id\":\"https:\\\/\\\/icarojournal.com\\\/index.php\\\/2026\\\/05\\\/01\\\/quali-giacche-portare-con-se-per-completare-perfettamente-gli-outfit-della-vacanza\\\/#primaryimage\"},\"thumbnailUrl\":\"https:\\\/\\\/icarojournal.com\\\/wp-content\\\/uploads\\\/2026\\\/04\\\/Quali-giacche-portare-in-vacanza-20260401-IcaroJournal-1.jpg\",\"datePublished\":\"2026-05-01T17:38:22+00:00\",\"description\":\"Quando iniziamo a pensare a cosa portare con noi in valigia ci blocchiamo quando si parla di giubbotti e giacche, potremmo...\",\"breadcrumb\":{\"@id\":\"https:\\\/\\\/icarojournal.com\\\/index.php\\\/2026\\\/05\\\/01\\\/quali-giacche-portare-con-se-per-completare-perfettamente-gli-outfit-della-vacanza\\\/#breadcrumb\"},\"inLanguage\":\"it-IT\",\"potentialAction\":[{\"@type\":\"ReadAction\",\"target\":[\"https:\\\/\\\/icarojournal.com\\\/index.php\\\/2026\\\/05\\\/01\\\/quali-giacche-portare-con-se-per-completare-perfettamente-gli-outfit-della-vacanza\\\/\"]}]},{\"@type\":\"ImageObject\",\"inLanguage\":\"it-IT\",\"@id\":\"https:\\\/\\\/icarojournal.com\\\/index.php\\\/2026\\\/05\\\/01\\\/quali-giacche-portare-con-se-per-completare-perfettamente-gli-outfit-della-vacanza\\\/#primaryimage\",\"url\":\"https:\\\/\\\/icarojournal.com\\\/wp-content\\\/uploads\\\/2026\\\/04\\\/Quali-giacche-portare-in-vacanza-20260401-IcaroJournal-1.jpg\",\"contentUrl\":\"https:\\\/\\\/icarojournal.com\\\/wp-content\\\/uploads\\\/2026\\\/04\\\/Quali-giacche-portare-in-vacanza-20260401-IcaroJournal-1.jpg\",\"width\":1200,\"height\":800,\"caption\":\"Quali giacche portare in vacanza - IcaroJournal\"},{\"@type\":\"BreadcrumbList\",\"@id\":\"https:\\\/\\\/icarojournal.com\\\/index.php\\\/2026\\\/05\\\/01\\\/quali-giacche-portare-con-se-per-completare-perfettamente-gli-outfit-della-vacanza\\\/#breadcrumb\",\"itemListElement\":[{\"@type\":\"ListItem\",\"position\":1,\"name\":\"Home\",\"item\":\"https:\\\/\\\/icarojournal.com\\\/\"},{\"@type\":\"ListItem\",\"position\":2,\"name\":\"Quali giacche portare con se per completare perfettamente gli outfit della vacanza\"}]},{\"@type\":\"WebSite\",\"@id\":\"https:\\\/\\\/icarojournal.com\\\/#website\",\"url\":\"https:\\\/\\\/icarojournal.com\\\/\",\"name\":\"Icaro Journal\",\"description\":\"Dalla cucina ai viaggi alle storie di vita\",\"publisher\":{\"@id\":\"https:\\\/\\\/icarojournal.com\\\/#organization\"},\"potentialAction\":[{\"@type\":\"SearchAction\",\"target\":{\"@type\":\"EntryPoint\",\"urlTemplate\":\"https:\\\/\\\/icarojournal.com\\\/?s={search_term_string}\"},\"query-input\":{\"@type\":\"PropertyValueSpecification\",\"valueRequired\":true,\"valueName\":\"search_term_string\"}}],\"inLanguage\":\"it-IT\"},{\"@type\":\"Organization\",\"@id\":\"https:\\\/\\\/icarojournal.com\\\/#organization\",\"name\":\"Icaro Journal\",\"url\":\"https:\\\/\\\/icarojournal.com\\\/\",\"logo\":{\"@type\":\"ImageObject\",\"inLanguage\":\"it-IT\",\"@id\":\"https:\\\/\\\/icarojournal.com\\\/#\\\/schema\\\/logo\\\/image\\\/\",\"url\":\"https:\\\/\\\/icarojournal.com\\\/wp-content\\\/uploads\\\/2024\\\/09\\\/cropped-logo.png\",\"contentUrl\":\"https:\\\/\\\/icarojournal.com\\\/wp-content\\\/uploads\\\/2024\\\/09\\\/cropped-logo.png\",\"width\":249,\"height\":112,\"caption\":\"Icaro Journal\"},\"image\":{\"@id\":\"https:\\\/\\\/icarojournal.com\\\/#\\\/schema\\\/logo\\\/image\\\/\"},\"sameAs\":[\"https:\\\/\\\/www.instagram.com\\\/icarojournal\\\/\"]},{\"@type\":\"Person\",\"@id\":\"https:\\\/\\\/icarojournal.com\\\/#\\\/schema\\\/person\\\/28c847674199322c99aafdf86faef928\",\"name\":\"Lavinia Radu\",\"image\":{\"@type\":\"ImageObject\",\"inLanguage\":\"it-IT\",\"@id\":\"https:\\\/\\\/secure.gravatar.com\\\/avatar\\\/5ccf99fecd54dbe871e969271ccda1416c69930d5bc8cd7a1b33d9e6f923ab99?s=96&d=mm&r=g\",\"url\":\"https:\\\/\\\/secure.gravatar.com\\\/avatar\\\/5ccf99fecd54dbe871e969271ccda1416c69930d5bc8cd7a1b33d9e6f923ab99?s=96&d=mm&r=g\",\"contentUrl\":\"https:\\\/\\\/secure.gravatar.com\\\/avatar\\\/5ccf99fecd54dbe871e969271ccda1416c69930d5bc8cd7a1b33d9e6f923ab99?s=96&d=mm&r=g\",\"caption\":\"Lavinia Radu\"},\"url\":\"https:\\\/\\\/icarojournal.com\\\/index.php\\\/author\\\/lavinia-radu\\\/\"}]}<\/script>\n<!-- \/ Yoast SEO plugin. -->","yoast_head_json":{"title":"Quali giacche portare con se per completare perfettamente gli outfit della vacanza - Icaro Journal","description":"Quando iniziamo a pensare a cosa portare con noi in valigia ci blocchiamo quando si parla di giubbotti e giacche, potremmo...","robots":{"index":"index","follow":"follow","max-snippet":"max-snippet:-1","max-image-preview":"max-image-preview:large","max-video-preview":"max-video-preview:-1"},"canonical":"https:\/\/icarojournal.com\/index.php\/2026\/05\/01\/quali-giacche-portare-con-se-per-completare-perfettamente-gli-outfit-della-vacanza\/","og_locale":"it_IT","og_type":"article","og_title":"Quali giacche portare con se per completare perfettamente gli outfit della vacanza - Icaro Journal","og_description":"Quando iniziamo a pensare a cosa portare con noi in valigia ci blocchiamo quando si parla di giubbotti e giacche, potremmo...","og_url":"https:\/\/icarojournal.com\/index.php\/2026\/05\/01\/quali-giacche-portare-con-se-per-completare-perfettamente-gli-outfit-della-vacanza\/","og_site_name":"Icaro Journal","article_published_time":"2026-05-01T17:38:22+00:00","og_image":[{"width":1200,"height":800,"url":"https:\/\/icarojournal.com\/wp-content\/uploads\/2026\/04\/Quali-giacche-portare-in-vacanza-20260401-IcaroJournal-1.jpg","type":"image\/jpeg"}],"author":"Lavinia Radu","twitter_card":"summary_large_image","twitter_misc":{"Scritto da":"Lavinia Radu","Tempo di lettura stimato":"4 minuti"},"schema":{"@context":"https:\/\/schema.org","@graph":[{"@type":"Article","@id":"https:\/\/icarojournal.com\/index.php\/2026\/05\/01\/quali-giacche-portare-con-se-per-completare-perfettamente-gli-outfit-della-vacanza\/#article","isPartOf":{"@id":"https:\/\/icarojournal.com\/index.php\/2026\/05\/01\/quali-giacche-portare-con-se-per-completare-perfettamente-gli-outfit-della-vacanza\/"},"author":{"name":"Lavinia Radu","@id":"https:\/\/icarojournal.com\/#\/schema\/person\/28c847674199322c99aafdf86faef928"},"headline":"Quali giacche portare con se per completare perfettamente gli outfit della vacanza","datePublished":"2026-05-01T17:38:22+00:00","mainEntityOfPage":{"@id":"https:\/\/icarojournal.com\/index.php\/2026\/05\/01\/quali-giacche-portare-con-se-per-completare-perfettamente-gli-outfit-della-vacanza\/"},"wordCount":511,"commentCount":0,"publisher":{"@id":"https:\/\/icarojournal.com\/#organization"},"image":{"@id":"https:\/\/icarojournal.com\/index.php\/2026\/05\/01\/quali-giacche-portare-con-se-per-completare-perfettamente-gli-outfit-della-vacanza\/#primaryimage"},"thumbnailUrl":"https:\/\/icarojournal.com\/wp-content\/uploads\/2026\/04\/Quali-giacche-portare-in-vacanza-20260401-IcaroJournal-1.jpg","keywords":["cosa portare in vacanza","Cosa portare in viaggio"],"articleSection":["Lifestyle"],"inLanguage":"it-IT","potentialAction":[{"@type":"CommentAction","name":"Comment","target":["https:\/\/icarojournal.com\/index.php\/2026\/05\/01\/quali-giacche-portare-con-se-per-completare-perfettamente-gli-outfit-della-vacanza\/#respond"]}]},{"@type":"WebPage","@id":"https:\/\/icarojournal.com\/index.php\/2026\/05\/01\/quali-giacche-portare-con-se-per-completare-perfettamente-gli-outfit-della-vacanza\/","url":"https:\/\/icarojournal.com\/index.php\/2026\/05\/01\/quali-giacche-portare-con-se-per-completare-perfettamente-gli-outfit-della-vacanza\/","name":"Quali giacche portare con se per completare perfettamente gli outfit della vacanza - Icaro Journal","isPartOf":{"@id":"https:\/\/icarojournal.com\/#website"},"primaryImageOfPage":{"@id":"https:\/\/icarojournal.com\/index.php\/2026\/05\/01\/quali-giacche-portare-con-se-per-completare-perfettamente-gli-outfit-della-vacanza\/#primaryimage"},"image":{"@id":"https:\/\/icarojournal.com\/index.php\/2026\/05\/01\/quali-giacche-portare-con-se-per-completare-perfettamente-gli-outfit-della-vacanza\/#primaryimage"},"thumbnailUrl":"https:\/\/icarojournal.com\/wp-content\/uploads\/2026\/04\/Quali-giacche-portare-in-vacanza-20260401-IcaroJournal-1.jpg","datePublished":"2026-05-01T17:38:22+00:00","description":"Quando iniziamo a pensare a cosa portare con noi in valigia ci blocchiamo quando si parla di giubbotti e giacche, potremmo...","breadcrumb":{"@id":"https:\/\/icarojournal.com\/index.php\/2026\/05\/01\/quali-giacche-portare-con-se-per-completare-perfettamente-gli-outfit-della-vacanza\/#breadcrumb"},"inLanguage":"it-IT","potentialAction":[{"@type":"ReadAction","target":["https:\/\/icarojournal.com\/index.php\/2026\/05\/01\/quali-giacche-portare-con-se-per-completare-perfettamente-gli-outfit-della-vacanza\/"]}]},{"@type":"ImageObject","inLanguage":"it-IT","@id":"https:\/\/icarojournal.com\/index.php\/2026\/05\/01\/quali-giacche-portare-con-se-per-completare-perfettamente-gli-outfit-della-vacanza\/#primaryimage","url":"https:\/\/icarojournal.com\/wp-content\/uploads\/2026\/04\/Quali-giacche-portare-in-vacanza-20260401-IcaroJournal-1.jpg","contentUrl":"https:\/\/icarojournal.com\/wp-content\/uploads\/2026\/04\/Quali-giacche-portare-in-vacanza-20260401-IcaroJournal-1.jpg","width":1200,"height":800,"caption":"Quali giacche portare in vacanza - IcaroJournal"},{"@type":"BreadcrumbList","@id":"https:\/\/icarojournal.com\/index.php\/2026\/05\/01\/quali-giacche-portare-con-se-per-completare-perfettamente-gli-outfit-della-vacanza\/#breadcrumb","itemListElement":[{"@type":"ListItem","position":1,"name":"Home","item":"https:\/\/icarojournal.com\/"},{"@type":"ListItem","position":2,"name":"Quali giacche portare con se per completare perfettamente gli outfit della vacanza"}]},{"@type":"WebSite","@id":"https:\/\/icarojournal.com\/#website","url":"https:\/\/icarojournal.com\/","name":"Icaro Journal","description":"Dalla cucina ai viaggi alle storie di vita","publisher":{"@id":"https:\/\/icarojournal.com\/#organization"},"potentialAction":[{"@type":"SearchAction","target":{"@type":"EntryPoint","urlTemplate":"https:\/\/icarojournal.com\/?s={search_term_string}"},"query-input":{"@type":"PropertyValueSpecification","valueRequired":true,"valueName":"search_term_string"}}],"inLanguage":"it-IT"},{"@type":"Organization","@id":"https:\/\/icarojournal.com\/#organization","name":"Icaro Journal","url":"https:\/\/icarojournal.com\/","logo":{"@type":"ImageObject","inLanguage":"it-IT","@id":"https:\/\/icarojournal.com\/#\/schema\/logo\/image\/","url":"https:\/\/icarojournal.com\/wp-content\/uploads\/2024\/09\/cropped-logo.png","contentUrl":"https:\/\/icarojournal.com\/wp-content\/uploads\/2024\/09\/cropped-logo.png","width":249,"height":112,"caption":"Icaro Journal"},"image":{"@id":"https:\/\/icarojournal.com\/#\/schema\/logo\/image\/"},"sameAs":["https:\/\/www.instagram.com\/icarojournal\/"]},{"@type":"Person","@id":"https:\/\/icarojournal.com\/#\/schema\/person\/28c847674199322c99aafdf86faef928","name":"Lavinia Radu","image":{"@type":"ImageObject","inLanguage":"it-IT","@id":"https:\/\/secure.gravatar.com\/avatar\/5ccf99fecd54dbe871e969271ccda1416c69930d5bc8cd7a1b33d9e6f923ab99?s=96&d=mm&r=g","url":"https:\/\/secure.gravatar.com\/avatar\/5ccf99fecd54dbe871e969271ccda1416c69930d5bc8cd7a1b33d9e6f923ab99?s=96&d=mm&r=g","contentUrl":"https:\/\/secure.gravatar.com\/avatar\/5ccf99fecd54dbe871e969271ccda1416c69930d5bc8cd7a1b33d9e6f923ab99?s=96&d=mm&r=g","caption":"Lavinia Radu"},"url":"https:\/\/icarojournal.com\/index.php\/author\/lavinia-radu\/"}]}},"_links":{"self":[{"href":"https:\/\/icarojournal.com\/index.php\/wp-json\/wp\/v2\/posts\/7971","targetHints":{"allow":["GET"]}}],"collection":[{"href":"https:\/\/icarojournal.com\/index.php\/wp-json\/wp\/v2\/posts"}],"about":[{"href":"https:\/\/icarojournal.com\/index.php\/wp-json\/wp\/v2\/types\/post"}],"author":[{"embeddable":true,"href":"https:\/\/icarojournal.com\/index.php\/wp-json\/wp\/v2\/users\/3"}],"replies":[{"embeddable":true,"href":"https:\/\/icarojournal.com\/index.php\/wp-json\/wp\/v2\/comments?post=7971"}],"version-history":[{"count":4,"href":"https:\/\/icarojournal.com\/index.php\/wp-json\/wp\/v2\/posts\/7971\/revisions"}],"predecessor-version":[{"id":8104,"href":"https:\/\/icarojournal.com\/index.php\/wp-json\/wp\/v2\/posts\/7971\/revisions\/8104"}],"wp:featuredmedia":[{"embeddable":true,"href":"https:\/\/icarojournal.com\/index.php\/wp-json\/wp\/v2\/media\/8101"}],"wp:attachment":[{"href":"https:\/\/icarojournal.com\/index.php\/wp-json\/wp\/v2\/media?parent=7971"}],"wp:term":[{"taxonomy":"category","embeddable":true,"href":"https:\/\/icarojournal.com\/index.php\/wp-json\/wp\/v2\/categories?post=7971"},{"taxonomy":"post_tag","embeddable":true,"href":"https:\/\/icarojournal.com\/index.php\/wp-json\/wp\/v2\/tags?post=7971"}],"curies":[{"name":"wp","href":"https:\/\/api.w.org\/{rel}","templated":true}]}}