{"id":7987,"date":"2026-04-28T13:34:36","date_gmt":"2026-04-28T11:34:36","guid":{"rendered":"https:\/\/icarojournal.com\/?p=7987"},"modified":"2026-04-28T13:34:36","modified_gmt":"2026-04-28T11:34:36","slug":"uovo-in-camicia-ma-direttamente-in-friggitrice-ad-aria","status":"publish","type":"post","link":"https:\/\/icarojournal.com\/index.php\/2026\/04\/28\/uovo-in-camicia-ma-direttamente-in-friggitrice-ad-aria\/","title":{"rendered":"Uovo in camicia, ma direttamente in friggitrice ad aria"},"content":{"rendered":"<p><strong>Una delle ricette pi\u00f9 difficili da eseguire, forse, \u00e8 rappresentata dall\u2019uovo in camicia\u2026 Nella sua estrema semplicit\u00e0 corriamo il rischio di sbagliare senza nemmeno rendercene conto. Eppure, in tal senso, ci verr\u00e0 in aiuto la friggitrice ad aria, la quale ancora una volta ci permetter\u00e0 di mirare dritti all\u2019obiettivo.<\/strong><\/p>\n<p>Cos\u00ec come abbiamo avuto modo di spiegare anche in occasione della pubblicazione degli articoli precedenti, la friggitrice ad aria \u00e8 diventata un vero e proprio aiuto nel quotidiano, sia per la preparazione di numerose pietanze che anche per dimezzare i tempi di attesa per la cottura.<\/p>\n<p>Inoltre, pulire la friggitrice ad aria \u00e8 decisamente pi\u00f9 veloce e semplice di quanto si possa immaginare (<strong><a href=\"https:\/\/icarojournal.com\/index.php\/2026\/04\/26\/come-pulire-il-vetro-delle-friggitrice-ad-aria-che-rimane-sempre-opaco-e-con-residui-di-sporco\/\" target=\"_blank\" rel=\"noopener\">clicca qui per scoprire come farlo<\/a><\/strong>), motivo per cui anche per la preparazione di un piatto estremamente semplice come l\u2019uovo in camicia diventa un asso nella manica.<\/p>\n<h2>Uova in camicia direttamente in friggitrice ad aria: con questa ricetta non sbagli<\/h2>\n<p>Ebbene s\u00ec, si torna a parlare nuovamente della friggitrice ad aria e del modo in cui possa aiutarci nel quotidiano per servire in tavola qualcosa di buono ed estremamente delizioso, oppure rivoluzionare totalmente le ricette classiche della tradizione culinaria, dimezzando non solo i tempi, ma ottenendo un risultato perfetto. <strong>Un esempio pratico e lampante per capire quanto stiamo dicendo \u00e8 rappresentato dall\u2019uovo in camicia<\/strong>. Gli ingredienti che ci serviranno per entrare in azione sono pochissimi, ma il risultato \u00e8 garantito. Ecco di seguito la ricetta:<\/p>\n<ul>\n<li>quattro uova medie,<\/li>\n<li>olio d\u2019oliva,<\/li>\n<li>acqua,<\/li>\n<li>sale,<\/li>\n<li>pepe.<\/li>\n<\/ul>\n<h3>Preparazione dell\u2019uovo in camicia direttamente in friggitrice ad aria<\/h3>\n<p>Per eseguire al meglio questa ricetta, dunque, vi consigliamo di munirvi di ciotoline monoporzione in ceramica, materiale tollerato all\u2019interno della friggitrice ad aria soprattutto per la cottura di vari alimenti, come nel caso delle uova in camicia. In ogni monoporzione, mettiamo due cucchiai di olio d\u2019oliva, poi versiamo l\u2019acqua all\u2019interno, ma senza riempire fino all\u2019orlo, e lasciamo lo spazio sufficiente per aggiungere l\u2019uovo senza che questo trabocchi.<\/p>\n<p><strong>LEGGI ANCHE -&gt;\u00a0<a href=\"https:\/\/icarojournal.com\/index.php\/2026\/04\/25\/pasta-con-crema-di-carciofi-con-il-minimo-sforzo-in-meno-di-15-minuti-sara-tutto-pronto\/\" target=\"_blank\" rel=\"noopener\">Pasta con crema di carciofi con il minimo sforzo, in meno di 15 minuti sar\u00e0 tutto pronto<\/a><\/strong><\/p>\n<p><strong>LEGGI ANCHE -&gt;\u00a0<a href=\"https:\/\/icarojournal.com\/index.php\/2026\/04\/27\/biscotti-al-miele-senza-latte-e-burro-la-merenda-che-profuma-di-api\/\" target=\"_blank\" rel=\"noopener\">Biscotti al miele senza latte e burro, la merenda che profuma di api<\/a><\/strong><\/p>\n<p>Infine, aggiungiamo all\u2019interno l\u2019uovo e trasferiamolo all\u2019interno del cestello della friggitrice ad aria, dove dovr\u00e0 cuocere per otto minuti a 200 gradi. Trascorso il tempo necessario, sarete riusciti a ottenere delle uova in camicia perfette con il minimo sforzo e potrete servirle in tavola come desiderate\u2026 Il top della ricetta \u00e8 rappresentato dall\u2019accompagnamento con pane tostato e avocado, una vera e propria chicca sia per un pranzo proteico e leggero, aggiungendo magari un contorno di verdure, oppure per una colazione proteica prima di andare ad allenarsi in palestra.<\/p>\n<p><strong>LEGGI ANCHE -&gt;\u00a0<a href=\"https:\/\/icarojournal.com\/index.php\/2026\/04\/27\/miele-il-rimedio-dolce-che-spegne-linfiammazione-e-non-e-solo-per-la-gola\/\" target=\"_blank\" rel=\"noopener\">Miele, il rimedio dolce che spegne l\u2019infiammazione (e non \u00e8 solo per la gola)<\/a><\/strong><\/p>\n<p><strong>LEGGI ANCHE -&gt;\u00a0<a href=\"https:\/\/icarojournal.com\/index.php\/2026\/04\/27\/cibo-in-vacanza-si-ma-quando-arrivi-a-roma-cosa-possiamo-mangiare-subito-per-conoscere-bene-la-citta\/\" target=\"_blank\" rel=\"noopener\">Cibo in vacanza s\u00ec\u2026 ma quando arrivi a Roma, cosa possiamo mangiare subito per conoscere bene la citt\u00e0?<\/a><\/strong><\/p>\n","protected":false},"excerpt":{"rendered":"<p>Una delle ricette pi\u00f9 difficili da eseguire, forse, \u00e8 rappresentata dall\u2019uovo in camicia\u2026 Nella sua estrema semplicit\u00e0 corriamo il rischio di sbagliare senza nemmeno rendercene conto. Eppure, in tal senso, ci verr\u00e0 in aiuto la friggitrice ad aria, la quale ancora una volta ci permetter\u00e0 di mirare dritti all\u2019obiettivo. Cos\u00ec come abbiamo avuto modo di [&hellip;]<\/p>\n","protected":false},"author":2,"featured_media":7990,"comment_status":"open","ping_status":"open","sticky":false,"template":"","format":"standard","meta":{"iawp_total_views":6,"footnotes":""},"categories":[360],"tags":[961,403,960],"class_list":["post-7987","post","type-post","status-publish","format-standard","has-post-thumbnail","hentry","category-cucina","tag-avocado","tag-ricette-veloci","tag-uovo-in-camicia"],"yoast_head":"<!-- This site is optimized with the Yoast SEO plugin v27.4 - https:\/\/yoast.com\/product\/yoast-seo-wordpress\/ -->\n<title>Uovo in camicia, ma direttamente in friggitrice ad aria - Icaro Journal<\/title>\n<meta name=\"robots\" content=\"index, follow, max-snippet:-1, max-image-preview:large, max-video-preview:-1\" \/>\n<link rel=\"canonical\" href=\"https:\/\/icarojournal.com\/index.php\/2026\/04\/28\/uovo-in-camicia-ma-direttamente-in-friggitrice-ad-aria\/\" \/>\n<meta property=\"og:locale\" content=\"it_IT\" \/>\n<meta property=\"og:type\" content=\"article\" \/>\n<meta property=\"og:title\" content=\"Uovo in camicia, ma direttamente in friggitrice ad aria - Icaro Journal\" \/>\n<meta property=\"og:description\" content=\"Una delle ricette pi\u00f9 difficili da eseguire, forse, \u00e8 rappresentata dall\u2019uovo in camicia\u2026 Nella sua estrema semplicit\u00e0 corriamo il rischio di sbagliare senza nemmeno rendercene conto. Eppure, in tal senso, ci verr\u00e0 in aiuto la friggitrice ad aria, la quale ancora una volta ci permetter\u00e0 di mirare dritti all\u2019obiettivo. Cos\u00ec come abbiamo avuto modo di [&hellip;]\" \/>\n<meta property=\"og:url\" content=\"https:\/\/icarojournal.com\/index.php\/2026\/04\/28\/uovo-in-camicia-ma-direttamente-in-friggitrice-ad-aria\/\" \/>\n<meta property=\"og:site_name\" content=\"Icaro Journal\" \/>\n<meta property=\"article:published_time\" content=\"2026-04-28T11:34:36+00:00\" \/>\n<meta property=\"og:image\" content=\"https:\/\/icarojournal.com\/wp-content\/uploads\/2026\/04\/Uovo-in-camicia-in-friggitrice-ad-aria-20260428-IcaroJournal-.jpg\" \/>\n\t<meta property=\"og:image:width\" content=\"1200\" \/>\n\t<meta property=\"og:image:height\" content=\"800\" \/>\n\t<meta property=\"og:image:type\" content=\"image\/jpeg\" \/>\n<meta name=\"author\" content=\"Francesca Guglielmino\" \/>\n<meta name=\"twitter:card\" content=\"summary_large_image\" \/>\n<meta name=\"twitter:label1\" content=\"Scritto da\" \/>\n\t<meta name=\"twitter:data1\" content=\"Francesca Guglielmino\" \/>\n\t<meta name=\"twitter:label2\" content=\"Tempo di lettura stimato\" \/>\n\t<meta name=\"twitter:data2\" content=\"3 minuti\" \/>\n<script type=\"application\/ld+json\" class=\"yoast-schema-graph\">{\"@context\":\"https:\\\/\\\/schema.org\",\"@graph\":[{\"@type\":\"Article\",\"@id\":\"https:\\\/\\\/icarojournal.com\\\/index.php\\\/2026\\\/04\\\/28\\\/uovo-in-camicia-ma-direttamente-in-friggitrice-ad-aria\\\/#article\",\"isPartOf\":{\"@id\":\"https:\\\/\\\/icarojournal.com\\\/index.php\\\/2026\\\/04\\\/28\\\/uovo-in-camicia-ma-direttamente-in-friggitrice-ad-aria\\\/\"},\"author\":{\"name\":\"Francesca Guglielmino\",\"@id\":\"https:\\\/\\\/icarojournal.com\\\/#\\\/schema\\\/person\\\/50728028a3703bea504b6347d37b5f99\"},\"headline\":\"Uovo in camicia, ma direttamente in friggitrice ad aria\",\"datePublished\":\"2026-04-28T11:34:36+00:00\",\"mainEntityOfPage\":{\"@id\":\"https:\\\/\\\/icarojournal.com\\\/index.php\\\/2026\\\/04\\\/28\\\/uovo-in-camicia-ma-direttamente-in-friggitrice-ad-aria\\\/\"},\"wordCount\":504,\"commentCount\":0,\"publisher\":{\"@id\":\"https:\\\/\\\/icarojournal.com\\\/#organization\"},\"image\":{\"@id\":\"https:\\\/\\\/icarojournal.com\\\/index.php\\\/2026\\\/04\\\/28\\\/uovo-in-camicia-ma-direttamente-in-friggitrice-ad-aria\\\/#primaryimage\"},\"thumbnailUrl\":\"https:\\\/\\\/icarojournal.com\\\/wp-content\\\/uploads\\\/2026\\\/04\\\/Uovo-in-camicia-in-friggitrice-ad-aria-20260428-IcaroJournal-.jpg\",\"keywords\":[\"avocado\",\"ricette veloci\",\"uovo in camicia\"],\"articleSection\":[\"Cucina\"],\"inLanguage\":\"it-IT\",\"potentialAction\":[{\"@type\":\"CommentAction\",\"name\":\"Comment\",\"target\":[\"https:\\\/\\\/icarojournal.com\\\/index.php\\\/2026\\\/04\\\/28\\\/uovo-in-camicia-ma-direttamente-in-friggitrice-ad-aria\\\/#respond\"]}]},{\"@type\":\"WebPage\",\"@id\":\"https:\\\/\\\/icarojournal.com\\\/index.php\\\/2026\\\/04\\\/28\\\/uovo-in-camicia-ma-direttamente-in-friggitrice-ad-aria\\\/\",\"url\":\"https:\\\/\\\/icarojournal.com\\\/index.php\\\/2026\\\/04\\\/28\\\/uovo-in-camicia-ma-direttamente-in-friggitrice-ad-aria\\\/\",\"name\":\"Uovo in camicia, ma direttamente in friggitrice ad aria - Icaro Journal\",\"isPartOf\":{\"@id\":\"https:\\\/\\\/icarojournal.com\\\/#website\"},\"primaryImageOfPage\":{\"@id\":\"https:\\\/\\\/icarojournal.com\\\/index.php\\\/2026\\\/04\\\/28\\\/uovo-in-camicia-ma-direttamente-in-friggitrice-ad-aria\\\/#primaryimage\"},\"image\":{\"@id\":\"https:\\\/\\\/icarojournal.com\\\/index.php\\\/2026\\\/04\\\/28\\\/uovo-in-camicia-ma-direttamente-in-friggitrice-ad-aria\\\/#primaryimage\"},\"thumbnailUrl\":\"https:\\\/\\\/icarojournal.com\\\/wp-content\\\/uploads\\\/2026\\\/04\\\/Uovo-in-camicia-in-friggitrice-ad-aria-20260428-IcaroJournal-.jpg\",\"datePublished\":\"2026-04-28T11:34:36+00:00\",\"breadcrumb\":{\"@id\":\"https:\\\/\\\/icarojournal.com\\\/index.php\\\/2026\\\/04\\\/28\\\/uovo-in-camicia-ma-direttamente-in-friggitrice-ad-aria\\\/#breadcrumb\"},\"inLanguage\":\"it-IT\",\"potentialAction\":[{\"@type\":\"ReadAction\",\"target\":[\"https:\\\/\\\/icarojournal.com\\\/index.php\\\/2026\\\/04\\\/28\\\/uovo-in-camicia-ma-direttamente-in-friggitrice-ad-aria\\\/\"]}]},{\"@type\":\"ImageObject\",\"inLanguage\":\"it-IT\",\"@id\":\"https:\\\/\\\/icarojournal.com\\\/index.php\\\/2026\\\/04\\\/28\\\/uovo-in-camicia-ma-direttamente-in-friggitrice-ad-aria\\\/#primaryimage\",\"url\":\"https:\\\/\\\/icarojournal.com\\\/wp-content\\\/uploads\\\/2026\\\/04\\\/Uovo-in-camicia-in-friggitrice-ad-aria-20260428-IcaroJournal-.jpg\",\"contentUrl\":\"https:\\\/\\\/icarojournal.com\\\/wp-content\\\/uploads\\\/2026\\\/04\\\/Uovo-in-camicia-in-friggitrice-ad-aria-20260428-IcaroJournal-.jpg\",\"width\":1200,\"height\":800,\"caption\":\"Uovo in camicia in friggitrice ad aria - IcaroJournal\"},{\"@type\":\"BreadcrumbList\",\"@id\":\"https:\\\/\\\/icarojournal.com\\\/index.php\\\/2026\\\/04\\\/28\\\/uovo-in-camicia-ma-direttamente-in-friggitrice-ad-aria\\\/#breadcrumb\",\"itemListElement\":[{\"@type\":\"ListItem\",\"position\":1,\"name\":\"Home\",\"item\":\"https:\\\/\\\/icarojournal.com\\\/\"},{\"@type\":\"ListItem\",\"position\":2,\"name\":\"Uovo in camicia, ma direttamente in friggitrice ad aria\"}]},{\"@type\":\"WebSite\",\"@id\":\"https:\\\/\\\/icarojournal.com\\\/#website\",\"url\":\"https:\\\/\\\/icarojournal.com\\\/\",\"name\":\"Icaro Journal\",\"description\":\"Dalla cucina ai viaggi alle storie di vita\",\"publisher\":{\"@id\":\"https:\\\/\\\/icarojournal.com\\\/#organization\"},\"potentialAction\":[{\"@type\":\"SearchAction\",\"target\":{\"@type\":\"EntryPoint\",\"urlTemplate\":\"https:\\\/\\\/icarojournal.com\\\/?s={search_term_string}\"},\"query-input\":{\"@type\":\"PropertyValueSpecification\",\"valueRequired\":true,\"valueName\":\"search_term_string\"}}],\"inLanguage\":\"it-IT\"},{\"@type\":\"Organization\",\"@id\":\"https:\\\/\\\/icarojournal.com\\\/#organization\",\"name\":\"Icaro Journal\",\"url\":\"https:\\\/\\\/icarojournal.com\\\/\",\"logo\":{\"@type\":\"ImageObject\",\"inLanguage\":\"it-IT\",\"@id\":\"https:\\\/\\\/icarojournal.com\\\/#\\\/schema\\\/logo\\\/image\\\/\",\"url\":\"https:\\\/\\\/icarojournal.com\\\/wp-content\\\/uploads\\\/2024\\\/09\\\/cropped-logo.png\",\"contentUrl\":\"https:\\\/\\\/icarojournal.com\\\/wp-content\\\/uploads\\\/2024\\\/09\\\/cropped-logo.png\",\"width\":249,\"height\":112,\"caption\":\"Icaro Journal\"},\"image\":{\"@id\":\"https:\\\/\\\/icarojournal.com\\\/#\\\/schema\\\/logo\\\/image\\\/\"},\"sameAs\":[\"https:\\\/\\\/www.instagram.com\\\/icarojournal\\\/\"]},{\"@type\":\"Person\",\"@id\":\"https:\\\/\\\/icarojournal.com\\\/#\\\/schema\\\/person\\\/50728028a3703bea504b6347d37b5f99\",\"name\":\"Francesca Guglielmino\",\"image\":{\"@type\":\"ImageObject\",\"inLanguage\":\"it-IT\",\"@id\":\"https:\\\/\\\/secure.gravatar.com\\\/avatar\\\/33a9fb184e61458c03502f25a25c41fb4a67a826d476085532fe929fa0faac68?s=96&d=mm&r=g\",\"url\":\"https:\\\/\\\/secure.gravatar.com\\\/avatar\\\/33a9fb184e61458c03502f25a25c41fb4a67a826d476085532fe929fa0faac68?s=96&d=mm&r=g\",\"contentUrl\":\"https:\\\/\\\/secure.gravatar.com\\\/avatar\\\/33a9fb184e61458c03502f25a25c41fb4a67a826d476085532fe929fa0faac68?s=96&d=mm&r=g\",\"caption\":\"Francesca Guglielmino\"},\"sameAs\":[\"http:\\\/\\\/@francesca_guglielmino90\"],\"url\":\"https:\\\/\\\/icarojournal.com\\\/index.php\\\/author\\\/francesca-guglielmino\\\/\"}]}<\/script>\n<!-- \/ Yoast SEO plugin. -->","yoast_head_json":{"title":"Uovo in camicia, ma direttamente in friggitrice ad aria - Icaro Journal","robots":{"index":"index","follow":"follow","max-snippet":"max-snippet:-1","max-image-preview":"max-image-preview:large","max-video-preview":"max-video-preview:-1"},"canonical":"https:\/\/icarojournal.com\/index.php\/2026\/04\/28\/uovo-in-camicia-ma-direttamente-in-friggitrice-ad-aria\/","og_locale":"it_IT","og_type":"article","og_title":"Uovo in camicia, ma direttamente in friggitrice ad aria - Icaro Journal","og_description":"Una delle ricette pi\u00f9 difficili da eseguire, forse, \u00e8 rappresentata dall\u2019uovo in camicia\u2026 Nella sua estrema semplicit\u00e0 corriamo il rischio di sbagliare senza nemmeno rendercene conto. Eppure, in tal senso, ci verr\u00e0 in aiuto la friggitrice ad aria, la quale ancora una volta ci permetter\u00e0 di mirare dritti all\u2019obiettivo. Cos\u00ec come abbiamo avuto modo di [&hellip;]","og_url":"https:\/\/icarojournal.com\/index.php\/2026\/04\/28\/uovo-in-camicia-ma-direttamente-in-friggitrice-ad-aria\/","og_site_name":"Icaro Journal","article_published_time":"2026-04-28T11:34:36+00:00","og_image":[{"width":1200,"height":800,"url":"https:\/\/icarojournal.com\/wp-content\/uploads\/2026\/04\/Uovo-in-camicia-in-friggitrice-ad-aria-20260428-IcaroJournal-.jpg","type":"image\/jpeg"}],"author":"Francesca Guglielmino","twitter_card":"summary_large_image","twitter_misc":{"Scritto da":"Francesca Guglielmino","Tempo di lettura stimato":"3 minuti"},"schema":{"@context":"https:\/\/schema.org","@graph":[{"@type":"Article","@id":"https:\/\/icarojournal.com\/index.php\/2026\/04\/28\/uovo-in-camicia-ma-direttamente-in-friggitrice-ad-aria\/#article","isPartOf":{"@id":"https:\/\/icarojournal.com\/index.php\/2026\/04\/28\/uovo-in-camicia-ma-direttamente-in-friggitrice-ad-aria\/"},"author":{"name":"Francesca Guglielmino","@id":"https:\/\/icarojournal.com\/#\/schema\/person\/50728028a3703bea504b6347d37b5f99"},"headline":"Uovo in camicia, ma direttamente in friggitrice ad aria","datePublished":"2026-04-28T11:34:36+00:00","mainEntityOfPage":{"@id":"https:\/\/icarojournal.com\/index.php\/2026\/04\/28\/uovo-in-camicia-ma-direttamente-in-friggitrice-ad-aria\/"},"wordCount":504,"commentCount":0,"publisher":{"@id":"https:\/\/icarojournal.com\/#organization"},"image":{"@id":"https:\/\/icarojournal.com\/index.php\/2026\/04\/28\/uovo-in-camicia-ma-direttamente-in-friggitrice-ad-aria\/#primaryimage"},"thumbnailUrl":"https:\/\/icarojournal.com\/wp-content\/uploads\/2026\/04\/Uovo-in-camicia-in-friggitrice-ad-aria-20260428-IcaroJournal-.jpg","keywords":["avocado","ricette veloci","uovo in camicia"],"articleSection":["Cucina"],"inLanguage":"it-IT","potentialAction":[{"@type":"CommentAction","name":"Comment","target":["https:\/\/icarojournal.com\/index.php\/2026\/04\/28\/uovo-in-camicia-ma-direttamente-in-friggitrice-ad-aria\/#respond"]}]},{"@type":"WebPage","@id":"https:\/\/icarojournal.com\/index.php\/2026\/04\/28\/uovo-in-camicia-ma-direttamente-in-friggitrice-ad-aria\/","url":"https:\/\/icarojournal.com\/index.php\/2026\/04\/28\/uovo-in-camicia-ma-direttamente-in-friggitrice-ad-aria\/","name":"Uovo in camicia, ma direttamente in friggitrice ad aria - Icaro Journal","isPartOf":{"@id":"https:\/\/icarojournal.com\/#website"},"primaryImageOfPage":{"@id":"https:\/\/icarojournal.com\/index.php\/2026\/04\/28\/uovo-in-camicia-ma-direttamente-in-friggitrice-ad-aria\/#primaryimage"},"image":{"@id":"https:\/\/icarojournal.com\/index.php\/2026\/04\/28\/uovo-in-camicia-ma-direttamente-in-friggitrice-ad-aria\/#primaryimage"},"thumbnailUrl":"https:\/\/icarojournal.com\/wp-content\/uploads\/2026\/04\/Uovo-in-camicia-in-friggitrice-ad-aria-20260428-IcaroJournal-.jpg","datePublished":"2026-04-28T11:34:36+00:00","breadcrumb":{"@id":"https:\/\/icarojournal.com\/index.php\/2026\/04\/28\/uovo-in-camicia-ma-direttamente-in-friggitrice-ad-aria\/#breadcrumb"},"inLanguage":"it-IT","potentialAction":[{"@type":"ReadAction","target":["https:\/\/icarojournal.com\/index.php\/2026\/04\/28\/uovo-in-camicia-ma-direttamente-in-friggitrice-ad-aria\/"]}]},{"@type":"ImageObject","inLanguage":"it-IT","@id":"https:\/\/icarojournal.com\/index.php\/2026\/04\/28\/uovo-in-camicia-ma-direttamente-in-friggitrice-ad-aria\/#primaryimage","url":"https:\/\/icarojournal.com\/wp-content\/uploads\/2026\/04\/Uovo-in-camicia-in-friggitrice-ad-aria-20260428-IcaroJournal-.jpg","contentUrl":"https:\/\/icarojournal.com\/wp-content\/uploads\/2026\/04\/Uovo-in-camicia-in-friggitrice-ad-aria-20260428-IcaroJournal-.jpg","width":1200,"height":800,"caption":"Uovo in camicia in friggitrice ad aria - IcaroJournal"},{"@type":"BreadcrumbList","@id":"https:\/\/icarojournal.com\/index.php\/2026\/04\/28\/uovo-in-camicia-ma-direttamente-in-friggitrice-ad-aria\/#breadcrumb","itemListElement":[{"@type":"ListItem","position":1,"name":"Home","item":"https:\/\/icarojournal.com\/"},{"@type":"ListItem","position":2,"name":"Uovo in camicia, ma direttamente in friggitrice ad aria"}]},{"@type":"WebSite","@id":"https:\/\/icarojournal.com\/#website","url":"https:\/\/icarojournal.com\/","name":"Icaro Journal","description":"Dalla cucina ai viaggi alle storie di vita","publisher":{"@id":"https:\/\/icarojournal.com\/#organization"},"potentialAction":[{"@type":"SearchAction","target":{"@type":"EntryPoint","urlTemplate":"https:\/\/icarojournal.com\/?s={search_term_string}"},"query-input":{"@type":"PropertyValueSpecification","valueRequired":true,"valueName":"search_term_string"}}],"inLanguage":"it-IT"},{"@type":"Organization","@id":"https:\/\/icarojournal.com\/#organization","name":"Icaro Journal","url":"https:\/\/icarojournal.com\/","logo":{"@type":"ImageObject","inLanguage":"it-IT","@id":"https:\/\/icarojournal.com\/#\/schema\/logo\/image\/","url":"https:\/\/icarojournal.com\/wp-content\/uploads\/2024\/09\/cropped-logo.png","contentUrl":"https:\/\/icarojournal.com\/wp-content\/uploads\/2024\/09\/cropped-logo.png","width":249,"height":112,"caption":"Icaro Journal"},"image":{"@id":"https:\/\/icarojournal.com\/#\/schema\/logo\/image\/"},"sameAs":["https:\/\/www.instagram.com\/icarojournal\/"]},{"@type":"Person","@id":"https:\/\/icarojournal.com\/#\/schema\/person\/50728028a3703bea504b6347d37b5f99","name":"Francesca Guglielmino","image":{"@type":"ImageObject","inLanguage":"it-IT","@id":"https:\/\/secure.gravatar.com\/avatar\/33a9fb184e61458c03502f25a25c41fb4a67a826d476085532fe929fa0faac68?s=96&d=mm&r=g","url":"https:\/\/secure.gravatar.com\/avatar\/33a9fb184e61458c03502f25a25c41fb4a67a826d476085532fe929fa0faac68?s=96&d=mm&r=g","contentUrl":"https:\/\/secure.gravatar.com\/avatar\/33a9fb184e61458c03502f25a25c41fb4a67a826d476085532fe929fa0faac68?s=96&d=mm&r=g","caption":"Francesca Guglielmino"},"sameAs":["http:\/\/@francesca_guglielmino90"],"url":"https:\/\/icarojournal.com\/index.php\/author\/francesca-guglielmino\/"}]}},"_links":{"self":[{"href":"https:\/\/icarojournal.com\/index.php\/wp-json\/wp\/v2\/posts\/7987","targetHints":{"allow":["GET"]}}],"collection":[{"href":"https:\/\/icarojournal.com\/index.php\/wp-json\/wp\/v2\/posts"}],"about":[{"href":"https:\/\/icarojournal.com\/index.php\/wp-json\/wp\/v2\/types\/post"}],"author":[{"embeddable":true,"href":"https:\/\/icarojournal.com\/index.php\/wp-json\/wp\/v2\/users\/2"}],"replies":[{"embeddable":true,"href":"https:\/\/icarojournal.com\/index.php\/wp-json\/wp\/v2\/comments?post=7987"}],"version-history":[{"count":2,"href":"https:\/\/icarojournal.com\/index.php\/wp-json\/wp\/v2\/posts\/7987\/revisions"}],"predecessor-version":[{"id":7993,"href":"https:\/\/icarojournal.com\/index.php\/wp-json\/wp\/v2\/posts\/7987\/revisions\/7993"}],"wp:featuredmedia":[{"embeddable":true,"href":"https:\/\/icarojournal.com\/index.php\/wp-json\/wp\/v2\/media\/7990"}],"wp:attachment":[{"href":"https:\/\/icarojournal.com\/index.php\/wp-json\/wp\/v2\/media?parent=7987"}],"wp:term":[{"taxonomy":"category","embeddable":true,"href":"https:\/\/icarojournal.com\/index.php\/wp-json\/wp\/v2\/categories?post=7987"},{"taxonomy":"post_tag","embeddable":true,"href":"https:\/\/icarojournal.com\/index.php\/wp-json\/wp\/v2\/tags?post=7987"}],"curies":[{"name":"wp","href":"https:\/\/api.w.org\/{rel}","templated":true}]}}