{"id":7994,"date":"2026-04-28T17:30:53","date_gmt":"2026-04-28T15:30:53","guid":{"rendered":"https:\/\/icarojournal.com\/?p=7994"},"modified":"2026-04-28T17:05:40","modified_gmt":"2026-04-28T15:05:40","slug":"proteggi-i-capelli-dal-sole-senza-prodotti-chimici-bastano-poche-gocce-di-questolio-e-cambia-tutto","status":"publish","type":"post","link":"https:\/\/icarojournal.com\/index.php\/2026\/04\/28\/proteggi-i-capelli-dal-sole-senza-prodotti-chimici-bastano-poche-gocce-di-questolio-e-cambia-tutto\/","title":{"rendered":"Proteggi i capelli dal sole senza prodotti chimici: bastano poche gocce di quest\u2019olio e cambia tutto"},"content":{"rendered":"<p><strong>Con l\u2019arrivo dell\u2019estate diventa davvero molto importante proteggere i propri capelli dai raggi solari, dato che questi diventano ancor pi\u00f9 ricchi di calore, mettendo sotto stress il cuoio capelluto e non solo.<\/strong><\/p>\n<p>Ci sono diversi rimedi naturali che possiamo mettere in atto, prodotti grazie ai quali potrai proteggere il tuo capello dalla radice alle lunghezze ed evitare che questi diventino ancor pi\u00f9 crespi e si spezzino con facilit\u00e0.<\/p>\n<p>Si tratta di impacchi che possiamo tranquillamente fare nell\u2019arco della settimana, scegliendo solo l\u2019ingrediente pi\u00f9 affine al nostro capello, ma anche ingredienti che possiamo utilizzare nel quotidiano e che fungono da protettivo proprio dai raggi solari. Alcuni di questi, certi,<strong> ti lasceranno senza parole e ti pentirai soltanto di non averli impiegati precedentemente<\/strong>.<\/p>\n<h2>Proteggere i capelli dai raggi solari dalla primavera all\u2019estate senza usare prodotti chimici<\/h2>\n<p>Sembra una sfida, ma in realt\u00e0 non \u00e8 cos\u00ec, \u00e8 qualcosa che possiamo mettere in atto tranquillamente giorno dopo giorno e dare un tocco di vitalit\u00e0 al nostro cuoio capelluto e alle lunghezze senza necessariamente dover fare affidamento sui prodotti chimici. Si tratta, infatti, di ingredienti che vanno ad agire sia contro la secchezza del cuoio capelluto ma, al tempo stesso, <strong>fungono da protettori nei confronti del calore<\/strong>, motivo per cui alcuni di quelli che ti stiamo per suggerire li potresti utilizzare persino a capello bagnato prima di effettuare la piega in casa.<\/p>\n<figure id=\"attachment_7995\" aria-describedby=\"caption-attachment-7995\" style=\"width: 1200px\" class=\"wp-caption alignnone\"><img loading=\"lazy\" decoding=\"async\" class=\"size-full wp-image-7995\" src=\"https:\/\/icarojournal.com\/wp-content\/uploads\/2026\/04\/Proteggere-i-capelli-dal-sole-rimedi-naturali-20260428-IcaroJournal-1.jpg\" alt=\"Proteggere i capelli dal sole rimedi naturali - IcaroJournal\" width=\"1200\" height=\"800\" srcset=\"https:\/\/icarojournal.com\/wp-content\/uploads\/2026\/04\/Proteggere-i-capelli-dal-sole-rimedi-naturali-20260428-IcaroJournal-1.jpg 1200w, https:\/\/icarojournal.com\/wp-content\/uploads\/2026\/04\/Proteggere-i-capelli-dal-sole-rimedi-naturali-20260428-IcaroJournal-1-300x200.jpg 300w, https:\/\/icarojournal.com\/wp-content\/uploads\/2026\/04\/Proteggere-i-capelli-dal-sole-rimedi-naturali-20260428-IcaroJournal-1-1024x683.jpg 1024w, https:\/\/icarojournal.com\/wp-content\/uploads\/2026\/04\/Proteggere-i-capelli-dal-sole-rimedi-naturali-20260428-IcaroJournal-1-768x512.jpg 768w\" sizes=\"auto, (max-width: 1200px) 100vw, 1200px\" \/><figcaption id=\"caption-attachment-7995\" class=\"wp-caption-text\">Proteggere i capelli dal sole rimedi naturali &#8211; IcaroJournal<\/figcaption><\/figure>\n<p>Un esempio pratico e lampante per capire quanto stiamo dicendo \u00e8 rappresentato dall\u2019olio di germe di grano. Non dobbiamo applicarlo su tutto il capello e, soprattutto, va applicato quando questi sono gi\u00e0 asciugati, con la piega pronta. <strong>Basteranno poche gocce sulle lunghezze prima di uscire di casa al mattino<\/strong> e questo funger\u00e0 da velo protettivo. Lo stesso vale per l\u2019olio di Argan e avranno entrambi una doppia funzione, ovvero quella di mantenere idratati i capelli e, soprattutto, prevenire le doppie punte.<\/p>\n<h3>Ti basteranno anche poche gocce di quest\u2019olio per proteggere i capelli dai danni del sole<\/h3>\n<p>Insieme ai due oli che abbiamo indicato precedentemente, poi, sappi che l\u2019olio di cocco rappresenta un vero e proprio asso nella manica, molto di pi\u00f9 rispetto a quanto si possa immaginare.<\/p>\n<p>In particolar modo, l\u2019olio di cocco non funziona soltanto da velo protettivo, idrata e previene le doppie punte come nel caso dell\u2019<strong>olio di germe<\/strong> <strong>di<\/strong> <strong>grano<\/strong> e <strong>di<\/strong> <strong>Argan<\/strong>, ma \u00e8 efficace contro la secchezza del capello, quindi eviter\u00e0 che questo appaia particolarmente crespo, un senso di aspro sul capello che diventa maggiore con le giornate di sole, soprattutto con il calore dell\u2019estate.<\/p>\n<p><strong>LEGGI ANCHE -&gt;\u00a0<a href=\"https:\/\/icarojournal.com\/index.php\/2026\/04\/25\/cosa-portare-con-se-quando-si-viaggia-a-londra-a-maggio\/\" target=\"_blank\" rel=\"noopener\">Cosa portare con se quando si viaggia a Londra a maggio<\/a><\/strong><\/p>\n<p><strong>LEGGI ANCHE -&gt;\u00a0<a href=\"https:\/\/icarojournal.com\/index.php\/2026\/04\/26\/come-pulire-il-vetro-delle-friggitrice-ad-aria-che-rimane-sempre-opaco-e-con-residui-di-sporco\/\" target=\"_blank\" rel=\"noopener\">Come pulire il vetro delle friggitrice ad aria che rimane sempre opaco e con residui di sporco<\/a><\/strong><\/p>\n<figure id=\"attachment_7996\" aria-describedby=\"caption-attachment-7996\" style=\"width: 1200px\" class=\"wp-caption alignnone\"><img loading=\"lazy\" decoding=\"async\" class=\"size-full wp-image-7996\" src=\"https:\/\/icarojournal.com\/wp-content\/uploads\/2026\/04\/Proteggere-i-capelli-dal-sole-rimedi-naturali-20260428-IcaroJournal-2.jpg\" alt=\"Proteggere i capelli dal sole rimedi naturali - IcaroJournal\" width=\"1200\" height=\"800\" srcset=\"https:\/\/icarojournal.com\/wp-content\/uploads\/2026\/04\/Proteggere-i-capelli-dal-sole-rimedi-naturali-20260428-IcaroJournal-2.jpg 1200w, https:\/\/icarojournal.com\/wp-content\/uploads\/2026\/04\/Proteggere-i-capelli-dal-sole-rimedi-naturali-20260428-IcaroJournal-2-300x200.jpg 300w, https:\/\/icarojournal.com\/wp-content\/uploads\/2026\/04\/Proteggere-i-capelli-dal-sole-rimedi-naturali-20260428-IcaroJournal-2-1024x683.jpg 1024w, https:\/\/icarojournal.com\/wp-content\/uploads\/2026\/04\/Proteggere-i-capelli-dal-sole-rimedi-naturali-20260428-IcaroJournal-2-768x512.jpg 768w\" sizes=\"auto, (max-width: 1200px) 100vw, 1200px\" \/><figcaption id=\"caption-attachment-7996\" class=\"wp-caption-text\">Proteggere i capelli dal sole rimedi naturali &#8211; IcaroJournal<\/figcaption><\/figure>\n<p>Inoltre, altro dettaglio molto importante, questo pu\u00f2 essere utilizzato anche come termoprotettore, persino prima di effettuare la piega ai capelli oppure prima di asciugarli con il phon.<\/p>\n<p><strong>LEGGI ANCHE -&gt;\u00a0<a href=\"https:\/\/icarojournal.com\/index.php\/2026\/04\/27\/miele-il-rimedio-dolce-che-spegne-linfiammazione-e-non-e-solo-per-la-gola\/\" target=\"_blank\" rel=\"noopener\">Miele, il rimedio dolce che spegne l\u2019infiammazione (e non \u00e8 solo per la gola)<\/a><\/strong><\/p>\n<p><strong>LEGGI ANCHE -&gt;\u00a0<a href=\"https:\/\/icarojournal.com\/index.php\/2026\/04\/27\/cibo-in-vacanza-si-ma-quando-arrivi-a-roma-cosa-possiamo-mangiare-subito-per-conoscere-bene-la-citta\/\" target=\"_blank\" rel=\"noopener\">Cibo in vacanza s\u00ec\u2026 ma quando arrivi a Roma, cosa possiamo mangiare subito per conoscere bene la citt\u00e0?<\/a><\/strong><\/p>\n","protected":false},"excerpt":{"rendered":"<p>Con l\u2019arrivo dell\u2019estate diventa davvero molto importante proteggere i propri capelli dai raggi solari, dato che questi diventano ancor pi\u00f9 ricchi di calore, mettendo sotto stress il cuoio capelluto e non solo. Ci sono diversi rimedi naturali che possiamo mettere in atto, prodotti grazie ai quali potrai proteggere il tuo capello dalla radice alle lunghezze [&hellip;]<\/p>\n","protected":false},"author":2,"featured_media":7997,"comment_status":"open","ping_status":"open","sticky":false,"template":"","format":"standard","meta":{"iawp_total_views":5,"footnotes":""},"categories":[361],"tags":[590,373,538,539,758],"class_list":["post-7994","post","type-post","status-publish","format-standard","has-post-thumbnail","hentry","category-lifestyle","tag-rimedi-della-nonna","tag-rimedi-naturali","tag-rimedi-naturali-capelli","tag-rimedi-per-capelli","tag-rimedio-fai-da-te"],"yoast_head":"<!-- This site is optimized with the Yoast SEO plugin v27.4 - https:\/\/yoast.com\/product\/yoast-seo-wordpress\/ -->\n<title>Proteggi i capelli dal sole senza prodotti chimici: bastano poche gocce di quest\u2019olio e cambia tutto - Icaro Journal<\/title>\n<meta name=\"description\" content=\"Con l\u2019arrivo dell\u2019estate diventa davvero molto importante proteggere i propri capelli dai raggi solari, dato che questi diventano...\" \/>\n<meta name=\"robots\" content=\"index, follow, max-snippet:-1, max-image-preview:large, max-video-preview:-1\" \/>\n<link rel=\"canonical\" href=\"https:\/\/icarojournal.com\/index.php\/2026\/04\/28\/proteggi-i-capelli-dal-sole-senza-prodotti-chimici-bastano-poche-gocce-di-questolio-e-cambia-tutto\/\" \/>\n<meta property=\"og:locale\" content=\"it_IT\" \/>\n<meta property=\"og:type\" content=\"article\" \/>\n<meta property=\"og:title\" content=\"Proteggi i capelli dal sole senza prodotti chimici: bastano poche gocce di quest\u2019olio e cambia tutto - Icaro Journal\" \/>\n<meta property=\"og:description\" content=\"Con l\u2019arrivo dell\u2019estate diventa davvero molto importante proteggere i propri capelli dai raggi solari, dato che questi diventano...\" \/>\n<meta property=\"og:url\" content=\"https:\/\/icarojournal.com\/index.php\/2026\/04\/28\/proteggi-i-capelli-dal-sole-senza-prodotti-chimici-bastano-poche-gocce-di-questolio-e-cambia-tutto\/\" \/>\n<meta property=\"og:site_name\" content=\"Icaro Journal\" \/>\n<meta property=\"article:published_time\" content=\"2026-04-28T15:30:53+00:00\" \/>\n<meta property=\"og:image\" content=\"https:\/\/icarojournal.com\/wp-content\/uploads\/2026\/04\/Proteggere-i-capelli-dal-sole-rimedi-naturali-20260428-IcaroJournal.jpg\" \/>\n\t<meta property=\"og:image:width\" content=\"1200\" \/>\n\t<meta property=\"og:image:height\" content=\"800\" \/>\n\t<meta property=\"og:image:type\" content=\"image\/jpeg\" \/>\n<meta name=\"author\" content=\"Francesca Guglielmino\" \/>\n<meta name=\"twitter:card\" content=\"summary_large_image\" \/>\n<meta name=\"twitter:label1\" content=\"Scritto da\" \/>\n\t<meta name=\"twitter:data1\" content=\"Francesca Guglielmino\" \/>\n\t<meta name=\"twitter:label2\" content=\"Tempo di lettura stimato\" \/>\n\t<meta name=\"twitter:data2\" content=\"4 minuti\" \/>\n<script type=\"application\/ld+json\" class=\"yoast-schema-graph\">{\"@context\":\"https:\\\/\\\/schema.org\",\"@graph\":[{\"@type\":\"Article\",\"@id\":\"https:\\\/\\\/icarojournal.com\\\/index.php\\\/2026\\\/04\\\/28\\\/proteggi-i-capelli-dal-sole-senza-prodotti-chimici-bastano-poche-gocce-di-questolio-e-cambia-tutto\\\/#article\",\"isPartOf\":{\"@id\":\"https:\\\/\\\/icarojournal.com\\\/index.php\\\/2026\\\/04\\\/28\\\/proteggi-i-capelli-dal-sole-senza-prodotti-chimici-bastano-poche-gocce-di-questolio-e-cambia-tutto\\\/\"},\"author\":{\"name\":\"Francesca Guglielmino\",\"@id\":\"https:\\\/\\\/icarojournal.com\\\/#\\\/schema\\\/person\\\/50728028a3703bea504b6347d37b5f99\"},\"headline\":\"Proteggi i capelli dal sole senza prodotti chimici: bastano poche gocce di quest\u2019olio e cambia tutto\",\"datePublished\":\"2026-04-28T15:30:53+00:00\",\"mainEntityOfPage\":{\"@id\":\"https:\\\/\\\/icarojournal.com\\\/index.php\\\/2026\\\/04\\\/28\\\/proteggi-i-capelli-dal-sole-senza-prodotti-chimici-bastano-poche-gocce-di-questolio-e-cambia-tutto\\\/\"},\"wordCount\":577,\"commentCount\":0,\"publisher\":{\"@id\":\"https:\\\/\\\/icarojournal.com\\\/#organization\"},\"image\":{\"@id\":\"https:\\\/\\\/icarojournal.com\\\/index.php\\\/2026\\\/04\\\/28\\\/proteggi-i-capelli-dal-sole-senza-prodotti-chimici-bastano-poche-gocce-di-questolio-e-cambia-tutto\\\/#primaryimage\"},\"thumbnailUrl\":\"https:\\\/\\\/icarojournal.com\\\/wp-content\\\/uploads\\\/2026\\\/04\\\/Proteggere-i-capelli-dal-sole-rimedi-naturali-20260428-IcaroJournal.jpg\",\"keywords\":[\"rimedi della nonna\",\"rimedi naturali\",\"rimedi naturali capelli\",\"rimedi per capelli\",\"rimedio fai-da- te\"],\"articleSection\":[\"Lifestyle\"],\"inLanguage\":\"it-IT\",\"potentialAction\":[{\"@type\":\"CommentAction\",\"name\":\"Comment\",\"target\":[\"https:\\\/\\\/icarojournal.com\\\/index.php\\\/2026\\\/04\\\/28\\\/proteggi-i-capelli-dal-sole-senza-prodotti-chimici-bastano-poche-gocce-di-questolio-e-cambia-tutto\\\/#respond\"]}]},{\"@type\":\"WebPage\",\"@id\":\"https:\\\/\\\/icarojournal.com\\\/index.php\\\/2026\\\/04\\\/28\\\/proteggi-i-capelli-dal-sole-senza-prodotti-chimici-bastano-poche-gocce-di-questolio-e-cambia-tutto\\\/\",\"url\":\"https:\\\/\\\/icarojournal.com\\\/index.php\\\/2026\\\/04\\\/28\\\/proteggi-i-capelli-dal-sole-senza-prodotti-chimici-bastano-poche-gocce-di-questolio-e-cambia-tutto\\\/\",\"name\":\"Proteggi i capelli dal sole senza prodotti chimici: bastano poche gocce di quest\u2019olio e cambia tutto - Icaro Journal\",\"isPartOf\":{\"@id\":\"https:\\\/\\\/icarojournal.com\\\/#website\"},\"primaryImageOfPage\":{\"@id\":\"https:\\\/\\\/icarojournal.com\\\/index.php\\\/2026\\\/04\\\/28\\\/proteggi-i-capelli-dal-sole-senza-prodotti-chimici-bastano-poche-gocce-di-questolio-e-cambia-tutto\\\/#primaryimage\"},\"image\":{\"@id\":\"https:\\\/\\\/icarojournal.com\\\/index.php\\\/2026\\\/04\\\/28\\\/proteggi-i-capelli-dal-sole-senza-prodotti-chimici-bastano-poche-gocce-di-questolio-e-cambia-tutto\\\/#primaryimage\"},\"thumbnailUrl\":\"https:\\\/\\\/icarojournal.com\\\/wp-content\\\/uploads\\\/2026\\\/04\\\/Proteggere-i-capelli-dal-sole-rimedi-naturali-20260428-IcaroJournal.jpg\",\"datePublished\":\"2026-04-28T15:30:53+00:00\",\"description\":\"Con l\u2019arrivo dell\u2019estate diventa davvero molto importante proteggere i propri capelli dai raggi solari, dato che questi diventano...\",\"breadcrumb\":{\"@id\":\"https:\\\/\\\/icarojournal.com\\\/index.php\\\/2026\\\/04\\\/28\\\/proteggi-i-capelli-dal-sole-senza-prodotti-chimici-bastano-poche-gocce-di-questolio-e-cambia-tutto\\\/#breadcrumb\"},\"inLanguage\":\"it-IT\",\"potentialAction\":[{\"@type\":\"ReadAction\",\"target\":[\"https:\\\/\\\/icarojournal.com\\\/index.php\\\/2026\\\/04\\\/28\\\/proteggi-i-capelli-dal-sole-senza-prodotti-chimici-bastano-poche-gocce-di-questolio-e-cambia-tutto\\\/\"]}]},{\"@type\":\"ImageObject\",\"inLanguage\":\"it-IT\",\"@id\":\"https:\\\/\\\/icarojournal.com\\\/index.php\\\/2026\\\/04\\\/28\\\/proteggi-i-capelli-dal-sole-senza-prodotti-chimici-bastano-poche-gocce-di-questolio-e-cambia-tutto\\\/#primaryimage\",\"url\":\"https:\\\/\\\/icarojournal.com\\\/wp-content\\\/uploads\\\/2026\\\/04\\\/Proteggere-i-capelli-dal-sole-rimedi-naturali-20260428-IcaroJournal.jpg\",\"contentUrl\":\"https:\\\/\\\/icarojournal.com\\\/wp-content\\\/uploads\\\/2026\\\/04\\\/Proteggere-i-capelli-dal-sole-rimedi-naturali-20260428-IcaroJournal.jpg\",\"width\":1200,\"height\":800,\"caption\":\"Proteggere i capelli dal sole rimedi naturali - IcaroJournal\"},{\"@type\":\"BreadcrumbList\",\"@id\":\"https:\\\/\\\/icarojournal.com\\\/index.php\\\/2026\\\/04\\\/28\\\/proteggi-i-capelli-dal-sole-senza-prodotti-chimici-bastano-poche-gocce-di-questolio-e-cambia-tutto\\\/#breadcrumb\",\"itemListElement\":[{\"@type\":\"ListItem\",\"position\":1,\"name\":\"Home\",\"item\":\"https:\\\/\\\/icarojournal.com\\\/\"},{\"@type\":\"ListItem\",\"position\":2,\"name\":\"Proteggi i capelli dal sole senza prodotti chimici: bastano poche gocce di quest\u2019olio e cambia tutto\"}]},{\"@type\":\"WebSite\",\"@id\":\"https:\\\/\\\/icarojournal.com\\\/#website\",\"url\":\"https:\\\/\\\/icarojournal.com\\\/\",\"name\":\"Icaro Journal\",\"description\":\"Dalla cucina ai viaggi alle storie di vita\",\"publisher\":{\"@id\":\"https:\\\/\\\/icarojournal.com\\\/#organization\"},\"potentialAction\":[{\"@type\":\"SearchAction\",\"target\":{\"@type\":\"EntryPoint\",\"urlTemplate\":\"https:\\\/\\\/icarojournal.com\\\/?s={search_term_string}\"},\"query-input\":{\"@type\":\"PropertyValueSpecification\",\"valueRequired\":true,\"valueName\":\"search_term_string\"}}],\"inLanguage\":\"it-IT\"},{\"@type\":\"Organization\",\"@id\":\"https:\\\/\\\/icarojournal.com\\\/#organization\",\"name\":\"Icaro Journal\",\"url\":\"https:\\\/\\\/icarojournal.com\\\/\",\"logo\":{\"@type\":\"ImageObject\",\"inLanguage\":\"it-IT\",\"@id\":\"https:\\\/\\\/icarojournal.com\\\/#\\\/schema\\\/logo\\\/image\\\/\",\"url\":\"https:\\\/\\\/icarojournal.com\\\/wp-content\\\/uploads\\\/2024\\\/09\\\/cropped-logo.png\",\"contentUrl\":\"https:\\\/\\\/icarojournal.com\\\/wp-content\\\/uploads\\\/2024\\\/09\\\/cropped-logo.png\",\"width\":249,\"height\":112,\"caption\":\"Icaro Journal\"},\"image\":{\"@id\":\"https:\\\/\\\/icarojournal.com\\\/#\\\/schema\\\/logo\\\/image\\\/\"},\"sameAs\":[\"https:\\\/\\\/www.instagram.com\\\/icarojournal\\\/\"]},{\"@type\":\"Person\",\"@id\":\"https:\\\/\\\/icarojournal.com\\\/#\\\/schema\\\/person\\\/50728028a3703bea504b6347d37b5f99\",\"name\":\"Francesca Guglielmino\",\"image\":{\"@type\":\"ImageObject\",\"inLanguage\":\"it-IT\",\"@id\":\"https:\\\/\\\/secure.gravatar.com\\\/avatar\\\/33a9fb184e61458c03502f25a25c41fb4a67a826d476085532fe929fa0faac68?s=96&d=mm&r=g\",\"url\":\"https:\\\/\\\/secure.gravatar.com\\\/avatar\\\/33a9fb184e61458c03502f25a25c41fb4a67a826d476085532fe929fa0faac68?s=96&d=mm&r=g\",\"contentUrl\":\"https:\\\/\\\/secure.gravatar.com\\\/avatar\\\/33a9fb184e61458c03502f25a25c41fb4a67a826d476085532fe929fa0faac68?s=96&d=mm&r=g\",\"caption\":\"Francesca Guglielmino\"},\"sameAs\":[\"http:\\\/\\\/@francesca_guglielmino90\"],\"url\":\"https:\\\/\\\/icarojournal.com\\\/index.php\\\/author\\\/francesca-guglielmino\\\/\"}]}<\/script>\n<!-- \/ Yoast SEO plugin. -->","yoast_head_json":{"title":"Proteggi i capelli dal sole senza prodotti chimici: bastano poche gocce di quest\u2019olio e cambia tutto - Icaro Journal","description":"Con l\u2019arrivo dell\u2019estate diventa davvero molto importante proteggere i propri capelli dai raggi solari, dato che questi diventano...","robots":{"index":"index","follow":"follow","max-snippet":"max-snippet:-1","max-image-preview":"max-image-preview:large","max-video-preview":"max-video-preview:-1"},"canonical":"https:\/\/icarojournal.com\/index.php\/2026\/04\/28\/proteggi-i-capelli-dal-sole-senza-prodotti-chimici-bastano-poche-gocce-di-questolio-e-cambia-tutto\/","og_locale":"it_IT","og_type":"article","og_title":"Proteggi i capelli dal sole senza prodotti chimici: bastano poche gocce di quest\u2019olio e cambia tutto - Icaro Journal","og_description":"Con l\u2019arrivo dell\u2019estate diventa davvero molto importante proteggere i propri capelli dai raggi solari, dato che questi diventano...","og_url":"https:\/\/icarojournal.com\/index.php\/2026\/04\/28\/proteggi-i-capelli-dal-sole-senza-prodotti-chimici-bastano-poche-gocce-di-questolio-e-cambia-tutto\/","og_site_name":"Icaro Journal","article_published_time":"2026-04-28T15:30:53+00:00","og_image":[{"width":1200,"height":800,"url":"https:\/\/icarojournal.com\/wp-content\/uploads\/2026\/04\/Proteggere-i-capelli-dal-sole-rimedi-naturali-20260428-IcaroJournal.jpg","type":"image\/jpeg"}],"author":"Francesca Guglielmino","twitter_card":"summary_large_image","twitter_misc":{"Scritto da":"Francesca Guglielmino","Tempo di lettura stimato":"4 minuti"},"schema":{"@context":"https:\/\/schema.org","@graph":[{"@type":"Article","@id":"https:\/\/icarojournal.com\/index.php\/2026\/04\/28\/proteggi-i-capelli-dal-sole-senza-prodotti-chimici-bastano-poche-gocce-di-questolio-e-cambia-tutto\/#article","isPartOf":{"@id":"https:\/\/icarojournal.com\/index.php\/2026\/04\/28\/proteggi-i-capelli-dal-sole-senza-prodotti-chimici-bastano-poche-gocce-di-questolio-e-cambia-tutto\/"},"author":{"name":"Francesca Guglielmino","@id":"https:\/\/icarojournal.com\/#\/schema\/person\/50728028a3703bea504b6347d37b5f99"},"headline":"Proteggi i capelli dal sole senza prodotti chimici: bastano poche gocce di quest\u2019olio e cambia tutto","datePublished":"2026-04-28T15:30:53+00:00","mainEntityOfPage":{"@id":"https:\/\/icarojournal.com\/index.php\/2026\/04\/28\/proteggi-i-capelli-dal-sole-senza-prodotti-chimici-bastano-poche-gocce-di-questolio-e-cambia-tutto\/"},"wordCount":577,"commentCount":0,"publisher":{"@id":"https:\/\/icarojournal.com\/#organization"},"image":{"@id":"https:\/\/icarojournal.com\/index.php\/2026\/04\/28\/proteggi-i-capelli-dal-sole-senza-prodotti-chimici-bastano-poche-gocce-di-questolio-e-cambia-tutto\/#primaryimage"},"thumbnailUrl":"https:\/\/icarojournal.com\/wp-content\/uploads\/2026\/04\/Proteggere-i-capelli-dal-sole-rimedi-naturali-20260428-IcaroJournal.jpg","keywords":["rimedi della nonna","rimedi naturali","rimedi naturali capelli","rimedi per capelli","rimedio fai-da- te"],"articleSection":["Lifestyle"],"inLanguage":"it-IT","potentialAction":[{"@type":"CommentAction","name":"Comment","target":["https:\/\/icarojournal.com\/index.php\/2026\/04\/28\/proteggi-i-capelli-dal-sole-senza-prodotti-chimici-bastano-poche-gocce-di-questolio-e-cambia-tutto\/#respond"]}]},{"@type":"WebPage","@id":"https:\/\/icarojournal.com\/index.php\/2026\/04\/28\/proteggi-i-capelli-dal-sole-senza-prodotti-chimici-bastano-poche-gocce-di-questolio-e-cambia-tutto\/","url":"https:\/\/icarojournal.com\/index.php\/2026\/04\/28\/proteggi-i-capelli-dal-sole-senza-prodotti-chimici-bastano-poche-gocce-di-questolio-e-cambia-tutto\/","name":"Proteggi i capelli dal sole senza prodotti chimici: bastano poche gocce di quest\u2019olio e cambia tutto - Icaro Journal","isPartOf":{"@id":"https:\/\/icarojournal.com\/#website"},"primaryImageOfPage":{"@id":"https:\/\/icarojournal.com\/index.php\/2026\/04\/28\/proteggi-i-capelli-dal-sole-senza-prodotti-chimici-bastano-poche-gocce-di-questolio-e-cambia-tutto\/#primaryimage"},"image":{"@id":"https:\/\/icarojournal.com\/index.php\/2026\/04\/28\/proteggi-i-capelli-dal-sole-senza-prodotti-chimici-bastano-poche-gocce-di-questolio-e-cambia-tutto\/#primaryimage"},"thumbnailUrl":"https:\/\/icarojournal.com\/wp-content\/uploads\/2026\/04\/Proteggere-i-capelli-dal-sole-rimedi-naturali-20260428-IcaroJournal.jpg","datePublished":"2026-04-28T15:30:53+00:00","description":"Con l\u2019arrivo dell\u2019estate diventa davvero molto importante proteggere i propri capelli dai raggi solari, dato che questi diventano...","breadcrumb":{"@id":"https:\/\/icarojournal.com\/index.php\/2026\/04\/28\/proteggi-i-capelli-dal-sole-senza-prodotti-chimici-bastano-poche-gocce-di-questolio-e-cambia-tutto\/#breadcrumb"},"inLanguage":"it-IT","potentialAction":[{"@type":"ReadAction","target":["https:\/\/icarojournal.com\/index.php\/2026\/04\/28\/proteggi-i-capelli-dal-sole-senza-prodotti-chimici-bastano-poche-gocce-di-questolio-e-cambia-tutto\/"]}]},{"@type":"ImageObject","inLanguage":"it-IT","@id":"https:\/\/icarojournal.com\/index.php\/2026\/04\/28\/proteggi-i-capelli-dal-sole-senza-prodotti-chimici-bastano-poche-gocce-di-questolio-e-cambia-tutto\/#primaryimage","url":"https:\/\/icarojournal.com\/wp-content\/uploads\/2026\/04\/Proteggere-i-capelli-dal-sole-rimedi-naturali-20260428-IcaroJournal.jpg","contentUrl":"https:\/\/icarojournal.com\/wp-content\/uploads\/2026\/04\/Proteggere-i-capelli-dal-sole-rimedi-naturali-20260428-IcaroJournal.jpg","width":1200,"height":800,"caption":"Proteggere i capelli dal sole rimedi naturali - IcaroJournal"},{"@type":"BreadcrumbList","@id":"https:\/\/icarojournal.com\/index.php\/2026\/04\/28\/proteggi-i-capelli-dal-sole-senza-prodotti-chimici-bastano-poche-gocce-di-questolio-e-cambia-tutto\/#breadcrumb","itemListElement":[{"@type":"ListItem","position":1,"name":"Home","item":"https:\/\/icarojournal.com\/"},{"@type":"ListItem","position":2,"name":"Proteggi i capelli dal sole senza prodotti chimici: bastano poche gocce di quest\u2019olio e cambia tutto"}]},{"@type":"WebSite","@id":"https:\/\/icarojournal.com\/#website","url":"https:\/\/icarojournal.com\/","name":"Icaro Journal","description":"Dalla cucina ai viaggi alle storie di vita","publisher":{"@id":"https:\/\/icarojournal.com\/#organization"},"potentialAction":[{"@type":"SearchAction","target":{"@type":"EntryPoint","urlTemplate":"https:\/\/icarojournal.com\/?s={search_term_string}"},"query-input":{"@type":"PropertyValueSpecification","valueRequired":true,"valueName":"search_term_string"}}],"inLanguage":"it-IT"},{"@type":"Organization","@id":"https:\/\/icarojournal.com\/#organization","name":"Icaro Journal","url":"https:\/\/icarojournal.com\/","logo":{"@type":"ImageObject","inLanguage":"it-IT","@id":"https:\/\/icarojournal.com\/#\/schema\/logo\/image\/","url":"https:\/\/icarojournal.com\/wp-content\/uploads\/2024\/09\/cropped-logo.png","contentUrl":"https:\/\/icarojournal.com\/wp-content\/uploads\/2024\/09\/cropped-logo.png","width":249,"height":112,"caption":"Icaro Journal"},"image":{"@id":"https:\/\/icarojournal.com\/#\/schema\/logo\/image\/"},"sameAs":["https:\/\/www.instagram.com\/icarojournal\/"]},{"@type":"Person","@id":"https:\/\/icarojournal.com\/#\/schema\/person\/50728028a3703bea504b6347d37b5f99","name":"Francesca Guglielmino","image":{"@type":"ImageObject","inLanguage":"it-IT","@id":"https:\/\/secure.gravatar.com\/avatar\/33a9fb184e61458c03502f25a25c41fb4a67a826d476085532fe929fa0faac68?s=96&d=mm&r=g","url":"https:\/\/secure.gravatar.com\/avatar\/33a9fb184e61458c03502f25a25c41fb4a67a826d476085532fe929fa0faac68?s=96&d=mm&r=g","contentUrl":"https:\/\/secure.gravatar.com\/avatar\/33a9fb184e61458c03502f25a25c41fb4a67a826d476085532fe929fa0faac68?s=96&d=mm&r=g","caption":"Francesca Guglielmino"},"sameAs":["http:\/\/@francesca_guglielmino90"],"url":"https:\/\/icarojournal.com\/index.php\/author\/francesca-guglielmino\/"}]}},"_links":{"self":[{"href":"https:\/\/icarojournal.com\/index.php\/wp-json\/wp\/v2\/posts\/7994","targetHints":{"allow":["GET"]}}],"collection":[{"href":"https:\/\/icarojournal.com\/index.php\/wp-json\/wp\/v2\/posts"}],"about":[{"href":"https:\/\/icarojournal.com\/index.php\/wp-json\/wp\/v2\/types\/post"}],"author":[{"embeddable":true,"href":"https:\/\/icarojournal.com\/index.php\/wp-json\/wp\/v2\/users\/2"}],"replies":[{"embeddable":true,"href":"https:\/\/icarojournal.com\/index.php\/wp-json\/wp\/v2\/comments?post=7994"}],"version-history":[{"count":1,"href":"https:\/\/icarojournal.com\/index.php\/wp-json\/wp\/v2\/posts\/7994\/revisions"}],"predecessor-version":[{"id":7998,"href":"https:\/\/icarojournal.com\/index.php\/wp-json\/wp\/v2\/posts\/7994\/revisions\/7998"}],"wp:featuredmedia":[{"embeddable":true,"href":"https:\/\/icarojournal.com\/index.php\/wp-json\/wp\/v2\/media\/7997"}],"wp:attachment":[{"href":"https:\/\/icarojournal.com\/index.php\/wp-json\/wp\/v2\/media?parent=7994"}],"wp:term":[{"taxonomy":"category","embeddable":true,"href":"https:\/\/icarojournal.com\/index.php\/wp-json\/wp\/v2\/categories?post=7994"},{"taxonomy":"post_tag","embeddable":true,"href":"https:\/\/icarojournal.com\/index.php\/wp-json\/wp\/v2\/tags?post=7994"}],"curies":[{"name":"wp","href":"https:\/\/api.w.org\/{rel}","templated":true}]}}