{"id":8008,"date":"2026-04-28T21:30:12","date_gmt":"2026-04-28T19:30:12","guid":{"rendered":"https:\/\/icarojournal.com\/?p=8008"},"modified":"2026-04-28T18:50:48","modified_gmt":"2026-04-28T16:50:48","slug":"esclusiva-vittorio-vaccaro-torna-con-liguria-a-tavola-lentroterra-e-meraviglioso-alcuni-piatti-sono-pazzeschi","status":"publish","type":"post","link":"https:\/\/icarojournal.com\/index.php\/2026\/04\/28\/esclusiva-vittorio-vaccaro-torna-con-liguria-a-tavola-lentroterra-e-meraviglioso-alcuni-piatti-sono-pazzeschi\/","title":{"rendered":"ESCLUSIVA &#8211; Vittorio Vaccaro torna con Liguria a tavola: \u00abL\u2019entroterra \u00e8 meraviglioso, alcuni piatti sono pazzeschi\u00bb"},"content":{"rendered":"<p><strong>Un viaggio nella Liguria pi\u00f9 autentica per Vittorio Vaccaro, lontana dagli stereotipi e dalle immagini pi\u00f9 immediate, per raccontare una regione che continua a sorprendere attraverso i suoi sapori, i suoi borghi e una tradizione gastronomica molto pi\u00f9 legata alla terra di quanto si possa immaginare.<\/strong><\/p>\n<p>\u00c8 questo il cuore della terza edizione di Liguria a tavola, il percorso condotto da Vittorio Vaccaro, attore per professione, musicista per passione e chef per vocazione, che torna alla scoperta dei piatti tipici e delle ricette pi\u00f9 gustose della regione, tra memoria, territorio e materia prima.<\/p>\n<p>\u00ab<strong><em>\u00c8 la terza edizione di Liguria a tavola, dopo le prime due molto fortunate e devo dire belle<\/em><\/strong>\u00bb, racconta Vaccaro, spiegando come questo nuovo capitolo sia il frutto naturale del lavoro gi\u00e0 svolto in precedenza: \u00abQuesta terza, secondo me, vive dell\u2019esperienza delle prime due, in senso positivo\u00bb. Un percorso che non si limita ai luoghi pi\u00f9 conosciuti, ma entra anche nei piccoli borghi e nell\u2019entroterra, l\u00e0 dove spesso si custodisce la parte pi\u00f9 vera di una tradizione culinaria. \u00ab<em>\u00c8 bello perch\u00e9 ancora una volta si vede una Liguria non solo di posti pi\u00f9 o meno famosi, comunque noti, ma anche di piccoli borghi. L\u2019entroterra della Liguria \u00e8 meraviglioso, alcuni piatti sono pazzesch<\/em>i\u00bb.<\/p>\n<h2>La Liguria che non ti aspetti: \u00abSembra una cucina di pesce, invece \u00e8 una cucina di terra\u00bb<\/h2>\n<p>Il viaggio attraversa localit\u00e0 simboliche come Millesimo, dove il tartufo nero diventa protagonista di una zuppa rustica, Altare con i tortelli di caprino ligure e zucca di Rocchetta, Murialdo, terra di castagne, con la tradizionale torta del mulino, e Savona, con la sua iconica farinata bianca. Tappe diverse, ma unite dalla stessa intenzione: raccontare la Liguria attraverso i suoi sapori pi\u00f9 autentici, quelli che non sempre finiscono sotto i riflettori ma che spiegano molto dell\u2019identit\u00e0 di un territorio.<\/p>\n<p>Ed \u00e8 proprio qui che Vaccaro insiste su un punto centrale, quasi una piccola rivelazione gastronomica: \u00ab<em>Sai, in Liguria utilizzano molto le verdure, al contrario di quello che si pensa. Chiunque pensa che la Liguria, avendo il mare attorno, sia una cucina di pesce<\/em>\u00bb. Una convinzione diffusa, che per\u00f2 il viaggio ribalta completamente. \u00ab<strong><em>Invece pi\u00f9 vado avanti con la Liguria e pi\u00f9 capisco che \u00e8 una cucina di terra<\/em><\/strong>\u00bb, aggiunge. Le verdure, i prodotti dell\u2019entroterra, le ricette semplici e antiche diventano cos\u00ec protagonisti di una narrazione che restituisce alla regione una profondit\u00e0 diversa. \u00ab<em>Le verdure sono protagoniste della cucina ligure e questa cosa devo dirti che anche a me, pi\u00f9 vado avanti, pi\u00f9 mi sorprende, perch\u00e9 non sembra e invece \u00e8 cos\u00ec<\/em>\u00bb.<\/p>\n<blockquote class=\"instagram-media\" style=\"background: #FFF; border: 0; border-radius: 3px; box-shadow: 0 0 1px 0 rgba(0,0,0,0.5),0 1px 10px 0 rgba(0,0,0,0.15); margin: 1px; max-width: 540px; min-width: 326px; padding: 0; width: calc(100% - 2px);\" data-instgrm-captioned=\"\" data-instgrm-permalink=\"https:\/\/www.instagram.com\/reel\/DXrDTDYGOXr\/?utm_source=ig_embed&amp;utm_campaign=loading\" data-instgrm-version=\"14\">\n<div style=\"padding: 16px;\">\n<p>&nbsp;<\/p>\n<div style=\"display: flex; flex-direction: row; align-items: center;\">\n<div style=\"background-color: #f4f4f4; border-radius: 50%; flex-grow: 0; height: 40px; margin-right: 14px; width: 40px;\"><\/div>\n<div style=\"display: flex; flex-direction: column; flex-grow: 1; justify-content: center;\">\n<div style=\"background-color: #f4f4f4; border-radius: 4px; flex-grow: 0; height: 14px; margin-bottom: 6px; width: 100px;\"><\/div>\n<div style=\"background-color: #f4f4f4; border-radius: 4px; flex-grow: 0; height: 14px; width: 60px;\"><\/div>\n<\/div>\n<\/div>\n<div style=\"padding: 19% 0;\"><\/div>\n<div style=\"display: block; height: 50px; margin: 0 auto 12px; width: 50px;\"><\/div>\n<div style=\"padding-top: 8px;\">\n<div style=\"color: #3897f0; font-family: Arial,sans-serif; font-size: 14px; font-style: normal; font-weight: 550; line-height: 18px;\">Visualizza questo post su Instagram<\/div>\n<\/div>\n<div style=\"padding: 12.5% 0;\"><\/div>\n<div style=\"display: flex; flex-direction: row; margin-bottom: 14px; align-items: center;\">\n<div>\n<div style=\"background-color: #f4f4f4; border-radius: 50%; height: 12.5px; width: 12.5px; transform: translateX(0px) translateY(7px);\"><\/div>\n<div style=\"background-color: #f4f4f4; height: 12.5px; transform: rotate(-45deg) translateX(3px) translateY(1px); width: 12.5px; flex-grow: 0; margin-right: 14px; margin-left: 2px;\"><\/div>\n<div style=\"background-color: #f4f4f4; border-radius: 50%; height: 12.5px; width: 12.5px; transform: translateX(9px) translateY(-18px);\"><\/div>\n<\/div>\n<div style=\"margin-left: 8px;\">\n<div style=\"background-color: #f4f4f4; border-radius: 50%; flex-grow: 0; height: 20px; width: 20px;\"><\/div>\n<div style=\"width: 0; height: 0; border-top: 2px solid transparent; border-left: 6px solid #f4f4f4; border-bottom: 2px solid transparent; transform: translateX(16px) translateY(-4px) rotate(30deg);\"><\/div>\n<\/div>\n<div style=\"margin-left: auto;\">\n<div style=\"width: 0px; border-top: 8px solid #F4F4F4; border-right: 8px solid transparent; transform: translateY(16px);\"><\/div>\n<div style=\"background-color: #f4f4f4; flex-grow: 0; height: 12px; width: 16px; transform: translateY(-4px);\"><\/div>\n<div style=\"width: 0; height: 0; border-top: 8px solid #F4F4F4; border-left: 8px solid transparent; transform: translateY(-4px) translateX(8px);\"><\/div>\n<\/div>\n<\/div>\n<div style=\"display: flex; flex-direction: column; flex-grow: 1; justify-content: center; margin-bottom: 24px;\">\n<div style=\"background-color: #f4f4f4; border-radius: 4px; flex-grow: 0; height: 14px; margin-bottom: 6px; width: 224px;\"><\/div>\n<div style=\"background-color: #f4f4f4; border-radius: 4px; flex-grow: 0; height: 14px; width: 144px;\"><\/div>\n<\/div>\n<p>&nbsp;<\/p>\n<p style=\"color: #c9c8cd; font-family: Arial,sans-serif; font-size: 14px; line-height: 17px; margin-bottom: 0; margin-top: 8px; overflow: hidden; padding: 8px 0 7px; text-align: center; text-overflow: ellipsis; white-space: nowrap;\"><a style=\"color: #c9c8cd; font-family: Arial,sans-serif; font-size: 14px; font-style: normal; font-weight: normal; line-height: 17px; text-decoration: none;\" href=\"https:\/\/www.instagram.com\/reel\/DXrDTDYGOXr\/?utm_source=ig_embed&amp;utm_campaign=loading\" target=\"_blank\" rel=\"noopener\">Un post condiviso da Food Network Italia (@foodnetworkitalia)<\/a><\/p>\n<\/div>\n<\/blockquote>\n<p><script async src=\"\/\/www.instagram.com\/embed.js\"><\/script><\/p>\n<h3>Dopo l\u2019estate una quarta edizione: \u00abRaccontare il territorio mi piace da morire\u00bb<\/h3>\n<p>La terza edizione, quindi, non rappresenta un punto di arrivo, ma una nuova tappa di un racconto che continuer\u00e0 ancora.\u00a0Ma <strong>il lavoro di Vaccaro non si ferma alla Liguria<\/strong>. Il conduttore ha infatti appena concluso anche un altro percorso gastronomico dedicato alla Lombardia: \u00ab<em>Abbiamo girato anche Lombardia a tavola. Sabato della settimana scorsa ho finito di girare due settimane anche la Lombardia, quindi sar\u00e0 un\u2019edizione che uscir\u00e0 subito dopo, tra ottobre<\/em>\u00bb.<\/p>\n<p><strong>LEGGI ANCHE -&gt;\u00a0<a href=\"https:\/\/icarojournal.com\/index.php\/2026\/04\/20\/lino-guanciale-e-saurino-di-nuovo-insieme-i-video-che-hanno-acceso-i-fan-di-che-dio-ci-aiuti\/\" target=\"_blank\" rel=\"noopener\">Lino Guanciale e Saurino di nuovo insieme: i video che hanno acceso i fan di Che Dio ci aiuti<\/a><\/strong><\/p>\n<p><strong>LEGGI ANCHE -&gt;\u00a0<a href=\"https:\/\/icarojournal.com\/index.php\/2026\/04\/22\/il-fantasma-di-eva-nei-cesaroni-perche-alessandra-mastronardi-non-ce\/\" target=\"_blank\" rel=\"noopener\">Il fantasma di Eva nei Cesaroni: perch\u00e9 Alessandra Mastronardi non c\u2019\u00e8<\/a><\/strong><\/p>\n<p>Alla base di tutto resta una passione precisa, quella per il racconto delle regioni italiane attraverso i loro sapori e le loro identit\u00e0. \u00ab<em><strong>Devi sapere che a me raccontare il territorio<\/strong>, raccontare la materia prima, raccontare la cucina, l\u2019identit\u00e0 delle regioni piace da morire<\/em>\u00bb, conclude Vaccaro, consegnando cos\u00ec il senso pi\u00f9 autentico di questo viaggio: non una semplice carrellata di ricette, ma un modo per entrare dentro l\u2019anima dei luoghi.<\/p>\n<p>LEGGI ANCHE -&gt;\u00a0<a href=\"https:\/\/icarojournal.com\/index.php\/2026\/04\/24\/il-paradiso-delle-signore-anticipazioni-irene-pronta-ad-annullare-le-nozze-con-cesare\/\" target=\"_blank\" rel=\"noopener\">Il Paradiso delle Signore anticipazioni, Irene pronta ad annullare le nozze con Cesare<\/a><\/p>\n<p>LEGGI ANCHE -&gt;\u00a0<a href=\"https:\/\/icarojournal.com\/index.php\/2026\/04\/27\/chiara-baschetti-dopo-il-paradiso-delle-signore-la-foto-senza-veli-lascia-senza-fiato\/\" target=\"_blank\" rel=\"noopener\">Chiara Baschetti dopo Il Paradiso Delle Signore: la foto senza veli lascia senza fiato<\/a><\/p>\n","protected":false},"excerpt":{"rendered":"<p>Un viaggio nella Liguria pi\u00f9 autentica per Vittorio Vaccaro, lontana dagli stereotipi e dalle immagini pi\u00f9 immediate, per raccontare una regione che continua a sorprendere attraverso i suoi sapori, i suoi borghi e una tradizione gastronomica molto pi\u00f9 legata alla terra di quanto si possa immaginare. \u00c8 questo il cuore della terza edizione di Liguria [&hellip;]<\/p>\n","protected":false},"author":2,"featured_media":8010,"comment_status":"open","ping_status":"open","sticky":false,"template":"","format":"standard","meta":{"iawp_total_views":5,"footnotes":""},"categories":[84],"tags":[439,964],"class_list":["post-8008","post","type-post","status-publish","format-standard","has-post-thumbnail","hentry","category-gossip","tag-cucina-italiana","tag-vittorio-vaccaro"],"yoast_head":"<!-- This site is optimized with the Yoast SEO plugin v27.4 - https:\/\/yoast.com\/product\/yoast-seo-wordpress\/ -->\n<title>ESCLUSIVA - Vittorio Vaccaro torna con Liguria a tavola: \u00abL\u2019entroterra \u00e8 meraviglioso, alcuni piatti sono pazzeschi\u00bb - Icaro Journal<\/title>\n<meta name=\"description\" content=\"Un viaggio nella Liguria pi\u00f9 autentica per Vittorio Vaccaro, lontana dagli stereotipi e dalle immagini pi\u00f9 immediate, per raccontare...\" \/>\n<meta name=\"robots\" content=\"index, follow, max-snippet:-1, max-image-preview:large, max-video-preview:-1\" \/>\n<link rel=\"canonical\" href=\"https:\/\/icarojournal.com\/index.php\/2026\/04\/28\/esclusiva-vittorio-vaccaro-torna-con-liguria-a-tavola-lentroterra-e-meraviglioso-alcuni-piatti-sono-pazzeschi\/\" \/>\n<meta property=\"og:locale\" content=\"it_IT\" \/>\n<meta property=\"og:type\" content=\"article\" \/>\n<meta property=\"og:title\" content=\"ESCLUSIVA - Vittorio Vaccaro torna con Liguria a tavola: \u00abL\u2019entroterra \u00e8 meraviglioso, alcuni piatti sono pazzeschi\u00bb - Icaro Journal\" \/>\n<meta property=\"og:description\" content=\"Un viaggio nella Liguria pi\u00f9 autentica per Vittorio Vaccaro, lontana dagli stereotipi e dalle immagini pi\u00f9 immediate, per raccontare...\" \/>\n<meta property=\"og:url\" content=\"https:\/\/icarojournal.com\/index.php\/2026\/04\/28\/esclusiva-vittorio-vaccaro-torna-con-liguria-a-tavola-lentroterra-e-meraviglioso-alcuni-piatti-sono-pazzeschi\/\" \/>\n<meta property=\"og:site_name\" content=\"Icaro Journal\" \/>\n<meta property=\"article:published_time\" content=\"2026-04-28T19:30:12+00:00\" \/>\n<meta property=\"og:image\" content=\"https:\/\/icarojournal.com\/wp-content\/uploads\/2026\/04\/Vittorio-Vaccaro-Liguria-in-Tavola-20260428-IcaroJournal-.jpg\" \/>\n\t<meta property=\"og:image:width\" content=\"1200\" \/>\n\t<meta property=\"og:image:height\" content=\"800\" \/>\n\t<meta property=\"og:image:type\" content=\"image\/jpeg\" \/>\n<meta name=\"author\" content=\"Francesca Guglielmino\" \/>\n<meta name=\"twitter:card\" content=\"summary_large_image\" \/>\n<meta name=\"twitter:label1\" content=\"Scritto da\" \/>\n\t<meta name=\"twitter:data1\" content=\"Francesca Guglielmino\" \/>\n\t<meta name=\"twitter:label2\" content=\"Tempo di lettura stimato\" \/>\n\t<meta name=\"twitter:data2\" content=\"4 minuti\" \/>\n<script type=\"application\/ld+json\" class=\"yoast-schema-graph\">{\"@context\":\"https:\\\/\\\/schema.org\",\"@graph\":[{\"@type\":\"Article\",\"@id\":\"https:\\\/\\\/icarojournal.com\\\/index.php\\\/2026\\\/04\\\/28\\\/esclusiva-vittorio-vaccaro-torna-con-liguria-a-tavola-lentroterra-e-meraviglioso-alcuni-piatti-sono-pazzeschi\\\/#article\",\"isPartOf\":{\"@id\":\"https:\\\/\\\/icarojournal.com\\\/index.php\\\/2026\\\/04\\\/28\\\/esclusiva-vittorio-vaccaro-torna-con-liguria-a-tavola-lentroterra-e-meraviglioso-alcuni-piatti-sono-pazzeschi\\\/\"},\"author\":{\"name\":\"Francesca Guglielmino\",\"@id\":\"https:\\\/\\\/icarojournal.com\\\/#\\\/schema\\\/person\\\/50728028a3703bea504b6347d37b5f99\"},\"headline\":\"ESCLUSIVA &#8211; Vittorio Vaccaro torna con Liguria a tavola: \u00abL\u2019entroterra \u00e8 meraviglioso, alcuni piatti sono pazzeschi\u00bb\",\"datePublished\":\"2026-04-28T19:30:12+00:00\",\"mainEntityOfPage\":{\"@id\":\"https:\\\/\\\/icarojournal.com\\\/index.php\\\/2026\\\/04\\\/28\\\/esclusiva-vittorio-vaccaro-torna-con-liguria-a-tavola-lentroterra-e-meraviglioso-alcuni-piatti-sono-pazzeschi\\\/\"},\"wordCount\":681,\"commentCount\":0,\"publisher\":{\"@id\":\"https:\\\/\\\/icarojournal.com\\\/#organization\"},\"image\":{\"@id\":\"https:\\\/\\\/icarojournal.com\\\/index.php\\\/2026\\\/04\\\/28\\\/esclusiva-vittorio-vaccaro-torna-con-liguria-a-tavola-lentroterra-e-meraviglioso-alcuni-piatti-sono-pazzeschi\\\/#primaryimage\"},\"thumbnailUrl\":\"https:\\\/\\\/icarojournal.com\\\/wp-content\\\/uploads\\\/2026\\\/04\\\/Vittorio-Vaccaro-Liguria-in-Tavola-20260428-IcaroJournal-.jpg\",\"keywords\":[\"cucina italiana\",\"Vittorio Vaccaro\"],\"articleSection\":[\"Gossip\"],\"inLanguage\":\"it-IT\",\"potentialAction\":[{\"@type\":\"CommentAction\",\"name\":\"Comment\",\"target\":[\"https:\\\/\\\/icarojournal.com\\\/index.php\\\/2026\\\/04\\\/28\\\/esclusiva-vittorio-vaccaro-torna-con-liguria-a-tavola-lentroterra-e-meraviglioso-alcuni-piatti-sono-pazzeschi\\\/#respond\"]}]},{\"@type\":\"WebPage\",\"@id\":\"https:\\\/\\\/icarojournal.com\\\/index.php\\\/2026\\\/04\\\/28\\\/esclusiva-vittorio-vaccaro-torna-con-liguria-a-tavola-lentroterra-e-meraviglioso-alcuni-piatti-sono-pazzeschi\\\/\",\"url\":\"https:\\\/\\\/icarojournal.com\\\/index.php\\\/2026\\\/04\\\/28\\\/esclusiva-vittorio-vaccaro-torna-con-liguria-a-tavola-lentroterra-e-meraviglioso-alcuni-piatti-sono-pazzeschi\\\/\",\"name\":\"ESCLUSIVA - Vittorio Vaccaro torna con Liguria a tavola: \u00abL\u2019entroterra \u00e8 meraviglioso, alcuni piatti sono pazzeschi\u00bb - Icaro Journal\",\"isPartOf\":{\"@id\":\"https:\\\/\\\/icarojournal.com\\\/#website\"},\"primaryImageOfPage\":{\"@id\":\"https:\\\/\\\/icarojournal.com\\\/index.php\\\/2026\\\/04\\\/28\\\/esclusiva-vittorio-vaccaro-torna-con-liguria-a-tavola-lentroterra-e-meraviglioso-alcuni-piatti-sono-pazzeschi\\\/#primaryimage\"},\"image\":{\"@id\":\"https:\\\/\\\/icarojournal.com\\\/index.php\\\/2026\\\/04\\\/28\\\/esclusiva-vittorio-vaccaro-torna-con-liguria-a-tavola-lentroterra-e-meraviglioso-alcuni-piatti-sono-pazzeschi\\\/#primaryimage\"},\"thumbnailUrl\":\"https:\\\/\\\/icarojournal.com\\\/wp-content\\\/uploads\\\/2026\\\/04\\\/Vittorio-Vaccaro-Liguria-in-Tavola-20260428-IcaroJournal-.jpg\",\"datePublished\":\"2026-04-28T19:30:12+00:00\",\"description\":\"Un viaggio nella Liguria pi\u00f9 autentica per Vittorio Vaccaro, lontana dagli stereotipi e dalle immagini pi\u00f9 immediate, per raccontare...\",\"breadcrumb\":{\"@id\":\"https:\\\/\\\/icarojournal.com\\\/index.php\\\/2026\\\/04\\\/28\\\/esclusiva-vittorio-vaccaro-torna-con-liguria-a-tavola-lentroterra-e-meraviglioso-alcuni-piatti-sono-pazzeschi\\\/#breadcrumb\"},\"inLanguage\":\"it-IT\",\"potentialAction\":[{\"@type\":\"ReadAction\",\"target\":[\"https:\\\/\\\/icarojournal.com\\\/index.php\\\/2026\\\/04\\\/28\\\/esclusiva-vittorio-vaccaro-torna-con-liguria-a-tavola-lentroterra-e-meraviglioso-alcuni-piatti-sono-pazzeschi\\\/\"]}]},{\"@type\":\"ImageObject\",\"inLanguage\":\"it-IT\",\"@id\":\"https:\\\/\\\/icarojournal.com\\\/index.php\\\/2026\\\/04\\\/28\\\/esclusiva-vittorio-vaccaro-torna-con-liguria-a-tavola-lentroterra-e-meraviglioso-alcuni-piatti-sono-pazzeschi\\\/#primaryimage\",\"url\":\"https:\\\/\\\/icarojournal.com\\\/wp-content\\\/uploads\\\/2026\\\/04\\\/Vittorio-Vaccaro-Liguria-in-Tavola-20260428-IcaroJournal-.jpg\",\"contentUrl\":\"https:\\\/\\\/icarojournal.com\\\/wp-content\\\/uploads\\\/2026\\\/04\\\/Vittorio-Vaccaro-Liguria-in-Tavola-20260428-IcaroJournal-.jpg\",\"width\":1200,\"height\":800,\"caption\":\"Vittorio Vaccaro Liguria in Tavola - IcaroJournal\"},{\"@type\":\"BreadcrumbList\",\"@id\":\"https:\\\/\\\/icarojournal.com\\\/index.php\\\/2026\\\/04\\\/28\\\/esclusiva-vittorio-vaccaro-torna-con-liguria-a-tavola-lentroterra-e-meraviglioso-alcuni-piatti-sono-pazzeschi\\\/#breadcrumb\",\"itemListElement\":[{\"@type\":\"ListItem\",\"position\":1,\"name\":\"Home\",\"item\":\"https:\\\/\\\/icarojournal.com\\\/\"},{\"@type\":\"ListItem\",\"position\":2,\"name\":\"ESCLUSIVA &#8211; Vittorio Vaccaro torna con Liguria a tavola: \u00abL\u2019entroterra \u00e8 meraviglioso, alcuni piatti sono pazzeschi\u00bb\"}]},{\"@type\":\"WebSite\",\"@id\":\"https:\\\/\\\/icarojournal.com\\\/#website\",\"url\":\"https:\\\/\\\/icarojournal.com\\\/\",\"name\":\"Icaro Journal\",\"description\":\"Dalla cucina ai viaggi alle storie di vita\",\"publisher\":{\"@id\":\"https:\\\/\\\/icarojournal.com\\\/#organization\"},\"potentialAction\":[{\"@type\":\"SearchAction\",\"target\":{\"@type\":\"EntryPoint\",\"urlTemplate\":\"https:\\\/\\\/icarojournal.com\\\/?s={search_term_string}\"},\"query-input\":{\"@type\":\"PropertyValueSpecification\",\"valueRequired\":true,\"valueName\":\"search_term_string\"}}],\"inLanguage\":\"it-IT\"},{\"@type\":\"Organization\",\"@id\":\"https:\\\/\\\/icarojournal.com\\\/#organization\",\"name\":\"Icaro Journal\",\"url\":\"https:\\\/\\\/icarojournal.com\\\/\",\"logo\":{\"@type\":\"ImageObject\",\"inLanguage\":\"it-IT\",\"@id\":\"https:\\\/\\\/icarojournal.com\\\/#\\\/schema\\\/logo\\\/image\\\/\",\"url\":\"https:\\\/\\\/icarojournal.com\\\/wp-content\\\/uploads\\\/2024\\\/09\\\/cropped-logo.png\",\"contentUrl\":\"https:\\\/\\\/icarojournal.com\\\/wp-content\\\/uploads\\\/2024\\\/09\\\/cropped-logo.png\",\"width\":249,\"height\":112,\"caption\":\"Icaro Journal\"},\"image\":{\"@id\":\"https:\\\/\\\/icarojournal.com\\\/#\\\/schema\\\/logo\\\/image\\\/\"},\"sameAs\":[\"https:\\\/\\\/www.instagram.com\\\/icarojournal\\\/\"]},{\"@type\":\"Person\",\"@id\":\"https:\\\/\\\/icarojournal.com\\\/#\\\/schema\\\/person\\\/50728028a3703bea504b6347d37b5f99\",\"name\":\"Francesca Guglielmino\",\"image\":{\"@type\":\"ImageObject\",\"inLanguage\":\"it-IT\",\"@id\":\"https:\\\/\\\/secure.gravatar.com\\\/avatar\\\/33a9fb184e61458c03502f25a25c41fb4a67a826d476085532fe929fa0faac68?s=96&d=mm&r=g\",\"url\":\"https:\\\/\\\/secure.gravatar.com\\\/avatar\\\/33a9fb184e61458c03502f25a25c41fb4a67a826d476085532fe929fa0faac68?s=96&d=mm&r=g\",\"contentUrl\":\"https:\\\/\\\/secure.gravatar.com\\\/avatar\\\/33a9fb184e61458c03502f25a25c41fb4a67a826d476085532fe929fa0faac68?s=96&d=mm&r=g\",\"caption\":\"Francesca Guglielmino\"},\"sameAs\":[\"http:\\\/\\\/@francesca_guglielmino90\"],\"url\":\"https:\\\/\\\/icarojournal.com\\\/index.php\\\/author\\\/francesca-guglielmino\\\/\"}]}<\/script>\n<!-- \/ Yoast SEO plugin. -->","yoast_head_json":{"title":"ESCLUSIVA - Vittorio Vaccaro torna con Liguria a tavola: \u00abL\u2019entroterra \u00e8 meraviglioso, alcuni piatti sono pazzeschi\u00bb - Icaro Journal","description":"Un viaggio nella Liguria pi\u00f9 autentica per Vittorio Vaccaro, lontana dagli stereotipi e dalle immagini pi\u00f9 immediate, per raccontare...","robots":{"index":"index","follow":"follow","max-snippet":"max-snippet:-1","max-image-preview":"max-image-preview:large","max-video-preview":"max-video-preview:-1"},"canonical":"https:\/\/icarojournal.com\/index.php\/2026\/04\/28\/esclusiva-vittorio-vaccaro-torna-con-liguria-a-tavola-lentroterra-e-meraviglioso-alcuni-piatti-sono-pazzeschi\/","og_locale":"it_IT","og_type":"article","og_title":"ESCLUSIVA - Vittorio Vaccaro torna con Liguria a tavola: \u00abL\u2019entroterra \u00e8 meraviglioso, alcuni piatti sono pazzeschi\u00bb - Icaro Journal","og_description":"Un viaggio nella Liguria pi\u00f9 autentica per Vittorio Vaccaro, lontana dagli stereotipi e dalle immagini pi\u00f9 immediate, per raccontare...","og_url":"https:\/\/icarojournal.com\/index.php\/2026\/04\/28\/esclusiva-vittorio-vaccaro-torna-con-liguria-a-tavola-lentroterra-e-meraviglioso-alcuni-piatti-sono-pazzeschi\/","og_site_name":"Icaro Journal","article_published_time":"2026-04-28T19:30:12+00:00","og_image":[{"width":1200,"height":800,"url":"https:\/\/icarojournal.com\/wp-content\/uploads\/2026\/04\/Vittorio-Vaccaro-Liguria-in-Tavola-20260428-IcaroJournal-.jpg","type":"image\/jpeg"}],"author":"Francesca Guglielmino","twitter_card":"summary_large_image","twitter_misc":{"Scritto da":"Francesca Guglielmino","Tempo di lettura stimato":"4 minuti"},"schema":{"@context":"https:\/\/schema.org","@graph":[{"@type":"Article","@id":"https:\/\/icarojournal.com\/index.php\/2026\/04\/28\/esclusiva-vittorio-vaccaro-torna-con-liguria-a-tavola-lentroterra-e-meraviglioso-alcuni-piatti-sono-pazzeschi\/#article","isPartOf":{"@id":"https:\/\/icarojournal.com\/index.php\/2026\/04\/28\/esclusiva-vittorio-vaccaro-torna-con-liguria-a-tavola-lentroterra-e-meraviglioso-alcuni-piatti-sono-pazzeschi\/"},"author":{"name":"Francesca Guglielmino","@id":"https:\/\/icarojournal.com\/#\/schema\/person\/50728028a3703bea504b6347d37b5f99"},"headline":"ESCLUSIVA &#8211; Vittorio Vaccaro torna con Liguria a tavola: \u00abL\u2019entroterra \u00e8 meraviglioso, alcuni piatti sono pazzeschi\u00bb","datePublished":"2026-04-28T19:30:12+00:00","mainEntityOfPage":{"@id":"https:\/\/icarojournal.com\/index.php\/2026\/04\/28\/esclusiva-vittorio-vaccaro-torna-con-liguria-a-tavola-lentroterra-e-meraviglioso-alcuni-piatti-sono-pazzeschi\/"},"wordCount":681,"commentCount":0,"publisher":{"@id":"https:\/\/icarojournal.com\/#organization"},"image":{"@id":"https:\/\/icarojournal.com\/index.php\/2026\/04\/28\/esclusiva-vittorio-vaccaro-torna-con-liguria-a-tavola-lentroterra-e-meraviglioso-alcuni-piatti-sono-pazzeschi\/#primaryimage"},"thumbnailUrl":"https:\/\/icarojournal.com\/wp-content\/uploads\/2026\/04\/Vittorio-Vaccaro-Liguria-in-Tavola-20260428-IcaroJournal-.jpg","keywords":["cucina italiana","Vittorio Vaccaro"],"articleSection":["Gossip"],"inLanguage":"it-IT","potentialAction":[{"@type":"CommentAction","name":"Comment","target":["https:\/\/icarojournal.com\/index.php\/2026\/04\/28\/esclusiva-vittorio-vaccaro-torna-con-liguria-a-tavola-lentroterra-e-meraviglioso-alcuni-piatti-sono-pazzeschi\/#respond"]}]},{"@type":"WebPage","@id":"https:\/\/icarojournal.com\/index.php\/2026\/04\/28\/esclusiva-vittorio-vaccaro-torna-con-liguria-a-tavola-lentroterra-e-meraviglioso-alcuni-piatti-sono-pazzeschi\/","url":"https:\/\/icarojournal.com\/index.php\/2026\/04\/28\/esclusiva-vittorio-vaccaro-torna-con-liguria-a-tavola-lentroterra-e-meraviglioso-alcuni-piatti-sono-pazzeschi\/","name":"ESCLUSIVA - Vittorio Vaccaro torna con Liguria a tavola: \u00abL\u2019entroterra \u00e8 meraviglioso, alcuni piatti sono pazzeschi\u00bb - Icaro Journal","isPartOf":{"@id":"https:\/\/icarojournal.com\/#website"},"primaryImageOfPage":{"@id":"https:\/\/icarojournal.com\/index.php\/2026\/04\/28\/esclusiva-vittorio-vaccaro-torna-con-liguria-a-tavola-lentroterra-e-meraviglioso-alcuni-piatti-sono-pazzeschi\/#primaryimage"},"image":{"@id":"https:\/\/icarojournal.com\/index.php\/2026\/04\/28\/esclusiva-vittorio-vaccaro-torna-con-liguria-a-tavola-lentroterra-e-meraviglioso-alcuni-piatti-sono-pazzeschi\/#primaryimage"},"thumbnailUrl":"https:\/\/icarojournal.com\/wp-content\/uploads\/2026\/04\/Vittorio-Vaccaro-Liguria-in-Tavola-20260428-IcaroJournal-.jpg","datePublished":"2026-04-28T19:30:12+00:00","description":"Un viaggio nella Liguria pi\u00f9 autentica per Vittorio Vaccaro, lontana dagli stereotipi e dalle immagini pi\u00f9 immediate, per raccontare...","breadcrumb":{"@id":"https:\/\/icarojournal.com\/index.php\/2026\/04\/28\/esclusiva-vittorio-vaccaro-torna-con-liguria-a-tavola-lentroterra-e-meraviglioso-alcuni-piatti-sono-pazzeschi\/#breadcrumb"},"inLanguage":"it-IT","potentialAction":[{"@type":"ReadAction","target":["https:\/\/icarojournal.com\/index.php\/2026\/04\/28\/esclusiva-vittorio-vaccaro-torna-con-liguria-a-tavola-lentroterra-e-meraviglioso-alcuni-piatti-sono-pazzeschi\/"]}]},{"@type":"ImageObject","inLanguage":"it-IT","@id":"https:\/\/icarojournal.com\/index.php\/2026\/04\/28\/esclusiva-vittorio-vaccaro-torna-con-liguria-a-tavola-lentroterra-e-meraviglioso-alcuni-piatti-sono-pazzeschi\/#primaryimage","url":"https:\/\/icarojournal.com\/wp-content\/uploads\/2026\/04\/Vittorio-Vaccaro-Liguria-in-Tavola-20260428-IcaroJournal-.jpg","contentUrl":"https:\/\/icarojournal.com\/wp-content\/uploads\/2026\/04\/Vittorio-Vaccaro-Liguria-in-Tavola-20260428-IcaroJournal-.jpg","width":1200,"height":800,"caption":"Vittorio Vaccaro Liguria in Tavola - IcaroJournal"},{"@type":"BreadcrumbList","@id":"https:\/\/icarojournal.com\/index.php\/2026\/04\/28\/esclusiva-vittorio-vaccaro-torna-con-liguria-a-tavola-lentroterra-e-meraviglioso-alcuni-piatti-sono-pazzeschi\/#breadcrumb","itemListElement":[{"@type":"ListItem","position":1,"name":"Home","item":"https:\/\/icarojournal.com\/"},{"@type":"ListItem","position":2,"name":"ESCLUSIVA &#8211; Vittorio Vaccaro torna con Liguria a tavola: \u00abL\u2019entroterra \u00e8 meraviglioso, alcuni piatti sono pazzeschi\u00bb"}]},{"@type":"WebSite","@id":"https:\/\/icarojournal.com\/#website","url":"https:\/\/icarojournal.com\/","name":"Icaro Journal","description":"Dalla cucina ai viaggi alle storie di vita","publisher":{"@id":"https:\/\/icarojournal.com\/#organization"},"potentialAction":[{"@type":"SearchAction","target":{"@type":"EntryPoint","urlTemplate":"https:\/\/icarojournal.com\/?s={search_term_string}"},"query-input":{"@type":"PropertyValueSpecification","valueRequired":true,"valueName":"search_term_string"}}],"inLanguage":"it-IT"},{"@type":"Organization","@id":"https:\/\/icarojournal.com\/#organization","name":"Icaro Journal","url":"https:\/\/icarojournal.com\/","logo":{"@type":"ImageObject","inLanguage":"it-IT","@id":"https:\/\/icarojournal.com\/#\/schema\/logo\/image\/","url":"https:\/\/icarojournal.com\/wp-content\/uploads\/2024\/09\/cropped-logo.png","contentUrl":"https:\/\/icarojournal.com\/wp-content\/uploads\/2024\/09\/cropped-logo.png","width":249,"height":112,"caption":"Icaro Journal"},"image":{"@id":"https:\/\/icarojournal.com\/#\/schema\/logo\/image\/"},"sameAs":["https:\/\/www.instagram.com\/icarojournal\/"]},{"@type":"Person","@id":"https:\/\/icarojournal.com\/#\/schema\/person\/50728028a3703bea504b6347d37b5f99","name":"Francesca Guglielmino","image":{"@type":"ImageObject","inLanguage":"it-IT","@id":"https:\/\/secure.gravatar.com\/avatar\/33a9fb184e61458c03502f25a25c41fb4a67a826d476085532fe929fa0faac68?s=96&d=mm&r=g","url":"https:\/\/secure.gravatar.com\/avatar\/33a9fb184e61458c03502f25a25c41fb4a67a826d476085532fe929fa0faac68?s=96&d=mm&r=g","contentUrl":"https:\/\/secure.gravatar.com\/avatar\/33a9fb184e61458c03502f25a25c41fb4a67a826d476085532fe929fa0faac68?s=96&d=mm&r=g","caption":"Francesca Guglielmino"},"sameAs":["http:\/\/@francesca_guglielmino90"],"url":"https:\/\/icarojournal.com\/index.php\/author\/francesca-guglielmino\/"}]}},"_links":{"self":[{"href":"https:\/\/icarojournal.com\/index.php\/wp-json\/wp\/v2\/posts\/8008","targetHints":{"allow":["GET"]}}],"collection":[{"href":"https:\/\/icarojournal.com\/index.php\/wp-json\/wp\/v2\/posts"}],"about":[{"href":"https:\/\/icarojournal.com\/index.php\/wp-json\/wp\/v2\/types\/post"}],"author":[{"embeddable":true,"href":"https:\/\/icarojournal.com\/index.php\/wp-json\/wp\/v2\/users\/2"}],"replies":[{"embeddable":true,"href":"https:\/\/icarojournal.com\/index.php\/wp-json\/wp\/v2\/comments?post=8008"}],"version-history":[{"count":1,"href":"https:\/\/icarojournal.com\/index.php\/wp-json\/wp\/v2\/posts\/8008\/revisions"}],"predecessor-version":[{"id":8011,"href":"https:\/\/icarojournal.com\/index.php\/wp-json\/wp\/v2\/posts\/8008\/revisions\/8011"}],"wp:featuredmedia":[{"embeddable":true,"href":"https:\/\/icarojournal.com\/index.php\/wp-json\/wp\/v2\/media\/8010"}],"wp:attachment":[{"href":"https:\/\/icarojournal.com\/index.php\/wp-json\/wp\/v2\/media?parent=8008"}],"wp:term":[{"taxonomy":"category","embeddable":true,"href":"https:\/\/icarojournal.com\/index.php\/wp-json\/wp\/v2\/categories?post=8008"},{"taxonomy":"post_tag","embeddable":true,"href":"https:\/\/icarojournal.com\/index.php\/wp-json\/wp\/v2\/tags?post=8008"}],"curies":[{"name":"wp","href":"https:\/\/api.w.org\/{rel}","templated":true}]}}