{"id":8025,"date":"2026-04-29T18:30:11","date_gmt":"2026-04-29T16:30:11","guid":{"rendered":"https:\/\/icarojournal.com\/?p=8025"},"modified":"2026-04-29T18:28:09","modified_gmt":"2026-04-29T16:28:09","slug":"agrigento-in-primavera-alla-riscoperta-dei-templi-e-della-casa-di-pirandello","status":"publish","type":"post","link":"https:\/\/icarojournal.com\/index.php\/2026\/04\/29\/agrigento-in-primavera-alla-riscoperta-dei-templi-e-della-casa-di-pirandello\/","title":{"rendered":"Agrigento in primavera alla riscoperta dei Templi e della Casa di Pirandello"},"content":{"rendered":"<p><strong>Il treno arriva lento dalla costa, e gi\u00e0 dal finestrino vedi la collina. I templi sono lass\u00f9, dorati dal sole di aprile, e sembrano pi\u00f9 antichi del mondo. Scendi, sali su un autobus che ti porta verso la Valle, e all\u2019improvviso la citt\u00e0 finisce. Resta solo la pietra, il cielo, e il profumo dei mandorli in fiore.<\/strong><\/p>\n<p>Il primo tempio che incontri \u00e8 quello della Concordia. Non te lo aspetti cos\u00ec intero, cos\u00ec perfetto. Le colonne si alzano dritte verso il cielo, e il sole le accende di un colore miele che sembra tepore di forno. Cammini intorno, e le tue mani sfiorano la pietra rugosa. Ha duemilaquattrocento anni, eppure \u00e8 ancora calda. Ti siedi su un gradino, e non c\u2019\u00e8 fretta. <strong>Il vento muove i papaveri che spuntano tra le crepe<\/strong>, e l\u2019erba \u00e8 cos\u00ec verde che ti sembra di essere in un dipinto. In lontananza, il mare brilla. Sembra ieri che i greci si fermavano qui, a pregare e a commerciare, e invece \u00e8 passata un\u2019eternit\u00e0.<\/p>\n<p>Cammini lungo la via sacra, e i templi si susseguono: uno pi\u00f9 maestoso, l\u2019altro pi\u00f9 crollato, ma tutti con la stessa luce addosso. Giove, Giunone, Ercole. Oggi restano solo le colonne, ma basta chiudere gli occhi per sentire il rumore dei sandali, il belato dei sacrifici, il mormorio delle preghiere in una lingua che non capisci, ma che ti arriva dritta al cuore.<\/p>\n<p>A un certo punto, lasci la via principale e scendi in una gola nascosta. C\u2019\u00e8 un giardino che non ti aspetti. Gli ulivi sono cos\u00ec vecchi che i tronchi si attorcigliano su se stessi come serpenti. I mandorli sono in fiore, e i loro petali ricoprono il sentiero di un bianco cos\u00ec leggero che ogni passo \u00e8 una carezza. Aranci e limoni profumano la testa. L\u2019acqua scorre in un canale, e il silenzio \u00e8 rotto solo dal canto degli uccelli.<\/p>\n<h2>Il caos e la casa di Pirandello<\/h2>\n<p>Poi scendi dalla collina e segui la strada verso il mare. La campagna \u00e8 selvaggia, tutta salite e discese, con le pietre che affiorano tra le erbacce. Arrivi a un posto che si chiama Caos. Non \u00e8 un nome. \u00c8 la realt\u00e0. Il vento spazza forte, e gli ulivi si piegano come vecchi stanchi. In mezzo a questa solitudine, una masseria bianca, semplice, con le imposte verdi e il portone di legno.<\/p>\n<p>Questa \u00e8 la casa di <strong>Luigi<\/strong> <strong>Pirandello<\/strong>. Entri e il silenzio \u00e8 lo stesso che quando lui scriveva, la notte, con la candela accesa. Le stanze sono piene di mobili antichi, fotografie ingiallite, la sua scrivania di legno scuro. Ma la cosa pi\u00f9 bella \u00e8 fuori, in giardino.<\/p>\n<p>C\u2019\u00e8 un pino, enorme, sotto la cui ombra lui amava stare. L\u00ec accanto, c\u2019\u00e8 la sua tomba. Ha voluto essere sepolto qui, in questo caos di vento e di erbacce, perch\u00e9 diceva che questo posto era la sua vera casa. Ti siedi sotto il pino, appoggi la schiena al tronco, e guardi il mare in lontananza. Pensieri che non hai mai avuto ti attraversano la mente: l\u2019identit\u00e0, la follia, la maschera. E capisci perch\u00e9 le sue storie sono cos\u00ec piene di dolore e di bellezza.<\/p>\n<figure id=\"attachment_8029\" aria-describedby=\"caption-attachment-8029\" style=\"width: 1200px\" class=\"wp-caption alignnone\"><img loading=\"lazy\" decoding=\"async\" class=\"size-full wp-image-8029\" src=\"https:\/\/icarojournal.com\/wp-content\/uploads\/2026\/04\/Vacanza-ad-Agrigento-20260429-IcaroJournal-1.jpg\" alt=\"Vacanza ad Agrigento - IcaroJournal\" width=\"1200\" height=\"800\" srcset=\"https:\/\/icarojournal.com\/wp-content\/uploads\/2026\/04\/Vacanza-ad-Agrigento-20260429-IcaroJournal-1.jpg 1200w, https:\/\/icarojournal.com\/wp-content\/uploads\/2026\/04\/Vacanza-ad-Agrigento-20260429-IcaroJournal-1-300x200.jpg 300w, https:\/\/icarojournal.com\/wp-content\/uploads\/2026\/04\/Vacanza-ad-Agrigento-20260429-IcaroJournal-1-1024x683.jpg 1024w, https:\/\/icarojournal.com\/wp-content\/uploads\/2026\/04\/Vacanza-ad-Agrigento-20260429-IcaroJournal-1-768x512.jpg 768w\" sizes=\"auto, (max-width: 1200px) 100vw, 1200px\" \/><figcaption id=\"caption-attachment-8029\" class=\"wp-caption-text\">Vacanza ad Agrigento &#8211; IcaroJournal<\/figcaption><\/figure>\n<h3>La scala dei Turchi e il tramonto<\/h3>\n<p>Poco pi\u00f9 in l\u00e0, la costa si apre e la roccia diventa bianca. La Scala dei Turchi \u00e8 una falesia di marna che scende verso il mare a gradoni dolci, come una enorme torta nuziale. In primavera non c\u2019\u00e8 ancora la folla, e la cammini quasi da solo. La pietra \u00e8 calda, liscia, e i fiori selvatici colorano le scogliere intorno di giallo e di viola. Sali fino in cima e ti siedi sul bordo. Il mare \u00e8 blu scuro, l\u2019orizzonte pulito. Il vento ti muove i capelli.<\/p>\n<p><strong>LEGGI ANCHE -&gt;\u00a0<a href=\"https:\/\/icarojournal.com\/index.php\/2026\/04\/26\/il-piccolo-tibet-in-abruzzo-dove-la-terra-incontra-il-cielo\/\" target=\"_blank\" rel=\"noopener\">Il piccolo Tibet in Abruzzo: dove la terra incontra il cielo<\/a><\/strong><\/p>\n<p><strong>LEGGI ANCHE -&gt;\u00a0<a href=\"https:\/\/icarojournal.com\/index.php\/2026\/04\/25\/malaga-dove-picasso-ha-imparato-a-guardare-la-luce\/\" target=\"_blank\" rel=\"noopener\">Malaga: dove Picasso ha imparato a guardare la luce<\/a><\/strong><\/p>\n<p>Il sole comincia a calare, e la roccia diventa rosa, poi arancione, poi viola. I templi, sullo sfondo, si stagliano neri come sagome di carta. Per un attimo, la pietra antica e la scogliera bianca si parlano. E tu sei l\u00ec, in mezzo, testimone di un dialogo che va avanti da millenni.<\/p>\n<p>La sera, torni in citt\u00e0. Non cerchi un ristorante: cerchi una friggitoria, una bancarella, un forno che profuma di pane. Compri un arancino caldo, e lo mordi camminando. Il riso \u00e8 saporito, il rag\u00f9 fila tra le dita. Pi\u00f9 avanti, una vecchia signora vende pasta di mandorla: piccoli frutti colorati, fatti a mano, che sembrano gioielli. Ne prendi uno a forma di arancia, e lo mangi piano, mentre il sole ormai \u00e8 scomparso e le luci della citt\u00e0 si accendono.<\/p>\n<p><strong>LEGGI ANCHE -&gt;\u00a0<a href=\"https:\/\/icarojournal.com\/index.php\/2026\/04\/28\/lucca-la-citta-che-non-ha-bisogno-di-insegnarti-a-camminare\/\" target=\"_blank\" rel=\"noopener\">Lucca: la citt\u00e0 che non ha bisogno di insegnarti a camminare<\/a><\/strong><\/p>\n<p><strong>LEGGI ANCHE -&gt;\u00a0<a href=\"https:\/\/icarojournal.com\/index.php\/2026\/04\/29\/attenzione-perche-la-scelta-della-borsa-corretta-e-quella-che-ti-salva-la-vacanza\/\" target=\"_blank\" rel=\"noopener\">Attenzione, perch\u00e9 la scelta della borsa corretta \u00e8 quella che ti salva la vacanza<\/a><\/strong><\/p>\n","protected":false},"excerpt":{"rendered":"<p>Il treno arriva lento dalla costa, e gi\u00e0 dal finestrino vedi la collina. I templi sono lass\u00f9, dorati dal sole di aprile, e sembrano pi\u00f9 antichi del mondo. Scendi, sali su un autobus che ti porta verso la Valle, e all\u2019improvviso la citt\u00e0 finisce. Resta solo la pietra, il cielo, e il profumo dei mandorli [&hellip;]<\/p>\n","protected":false},"author":4,"featured_media":8030,"comment_status":"open","ping_status":"open","sticky":false,"template":"","format":"standard","meta":{"iawp_total_views":1,"footnotes":""},"categories":[85],"tags":[967,621],"class_list":["post-8025","post","type-post","status-publish","format-standard","has-post-thumbnail","hentry","category-viaggi","tag-vacanza-ad-agrigento","tag-viaggi-in-sicilia"],"yoast_head":"<!-- This site is optimized with the Yoast SEO plugin v27.5 - https:\/\/yoast.com\/product\/yoast-seo-wordpress\/ -->\n<title>Agrigento in primavera alla riscoperta dei Templi e della Casa di Pirandello - Icaro Journal<\/title>\n<meta name=\"description\" content=\"Il treno arriva lento dalla costa, e gi\u00e0 dal finestrino vedi la collina. I templi sono lass\u00f9, dorati dal sole di aprile, e sembrano...\" \/>\n<meta name=\"robots\" content=\"index, follow, max-snippet:-1, max-image-preview:large, max-video-preview:-1\" \/>\n<link rel=\"canonical\" href=\"https:\/\/icarojournal.com\/index.php\/2026\/04\/29\/agrigento-in-primavera-alla-riscoperta-dei-templi-e-della-casa-di-pirandello\/\" \/>\n<meta property=\"og:locale\" content=\"it_IT\" \/>\n<meta property=\"og:type\" content=\"article\" \/>\n<meta property=\"og:title\" content=\"Agrigento in primavera alla riscoperta dei Templi e della Casa di Pirandello - Icaro Journal\" \/>\n<meta property=\"og:description\" content=\"Il treno arriva lento dalla costa, e gi\u00e0 dal finestrino vedi la collina. I templi sono lass\u00f9, dorati dal sole di aprile, e sembrano...\" \/>\n<meta property=\"og:url\" content=\"https:\/\/icarojournal.com\/index.php\/2026\/04\/29\/agrigento-in-primavera-alla-riscoperta-dei-templi-e-della-casa-di-pirandello\/\" \/>\n<meta property=\"og:site_name\" content=\"Icaro Journal\" \/>\n<meta property=\"article:published_time\" content=\"2026-04-29T16:30:11+00:00\" \/>\n<meta property=\"og:image\" content=\"https:\/\/icarojournal.com\/wp-content\/uploads\/2026\/04\/Vacanza-ad-Agrigento-20260429-IcaroJournal.jpg\" \/>\n\t<meta property=\"og:image:width\" content=\"1200\" \/>\n\t<meta property=\"og:image:height\" content=\"800\" \/>\n\t<meta property=\"og:image:type\" content=\"image\/jpeg\" \/>\n<meta name=\"author\" content=\"Andrea Piazza\" \/>\n<meta name=\"twitter:card\" content=\"summary_large_image\" \/>\n<meta name=\"twitter:label1\" content=\"Scritto da\" \/>\n\t<meta name=\"twitter:data1\" content=\"Andrea Piazza\" \/>\n\t<meta name=\"twitter:label2\" content=\"Tempo di lettura stimato\" \/>\n\t<meta name=\"twitter:data2\" content=\"5 minuti\" \/>\n<script type=\"application\/ld+json\" class=\"yoast-schema-graph\">{\"@context\":\"https:\\\/\\\/schema.org\",\"@graph\":[{\"@type\":\"Article\",\"@id\":\"https:\\\/\\\/icarojournal.com\\\/index.php\\\/2026\\\/04\\\/29\\\/agrigento-in-primavera-alla-riscoperta-dei-templi-e-della-casa-di-pirandello\\\/#article\",\"isPartOf\":{\"@id\":\"https:\\\/\\\/icarojournal.com\\\/index.php\\\/2026\\\/04\\\/29\\\/agrigento-in-primavera-alla-riscoperta-dei-templi-e-della-casa-di-pirandello\\\/\"},\"author\":{\"name\":\"Andrea Piazza\",\"@id\":\"https:\\\/\\\/icarojournal.com\\\/#\\\/schema\\\/person\\\/bd374958d33521ed6274c435d77c3805\"},\"headline\":\"Agrigento in primavera alla riscoperta dei Templi e della Casa di Pirandello\",\"datePublished\":\"2026-04-29T16:30:11+00:00\",\"mainEntityOfPage\":{\"@id\":\"https:\\\/\\\/icarojournal.com\\\/index.php\\\/2026\\\/04\\\/29\\\/agrigento-in-primavera-alla-riscoperta-dei-templi-e-della-casa-di-pirandello\\\/\"},\"wordCount\":824,\"commentCount\":0,\"publisher\":{\"@id\":\"https:\\\/\\\/icarojournal.com\\\/#organization\"},\"image\":{\"@id\":\"https:\\\/\\\/icarojournal.com\\\/index.php\\\/2026\\\/04\\\/29\\\/agrigento-in-primavera-alla-riscoperta-dei-templi-e-della-casa-di-pirandello\\\/#primaryimage\"},\"thumbnailUrl\":\"https:\\\/\\\/icarojournal.com\\\/wp-content\\\/uploads\\\/2026\\\/04\\\/Vacanza-ad-Agrigento-20260429-IcaroJournal.jpg\",\"keywords\":[\"vacanza ad Agrigento\",\"Viaggi in Sicilia\"],\"articleSection\":[\"Viaggi\"],\"inLanguage\":\"it-IT\",\"potentialAction\":[{\"@type\":\"CommentAction\",\"name\":\"Comment\",\"target\":[\"https:\\\/\\\/icarojournal.com\\\/index.php\\\/2026\\\/04\\\/29\\\/agrigento-in-primavera-alla-riscoperta-dei-templi-e-della-casa-di-pirandello\\\/#respond\"]}]},{\"@type\":\"WebPage\",\"@id\":\"https:\\\/\\\/icarojournal.com\\\/index.php\\\/2026\\\/04\\\/29\\\/agrigento-in-primavera-alla-riscoperta-dei-templi-e-della-casa-di-pirandello\\\/\",\"url\":\"https:\\\/\\\/icarojournal.com\\\/index.php\\\/2026\\\/04\\\/29\\\/agrigento-in-primavera-alla-riscoperta-dei-templi-e-della-casa-di-pirandello\\\/\",\"name\":\"Agrigento in primavera alla riscoperta dei Templi e della Casa di Pirandello - Icaro Journal\",\"isPartOf\":{\"@id\":\"https:\\\/\\\/icarojournal.com\\\/#website\"},\"primaryImageOfPage\":{\"@id\":\"https:\\\/\\\/icarojournal.com\\\/index.php\\\/2026\\\/04\\\/29\\\/agrigento-in-primavera-alla-riscoperta-dei-templi-e-della-casa-di-pirandello\\\/#primaryimage\"},\"image\":{\"@id\":\"https:\\\/\\\/icarojournal.com\\\/index.php\\\/2026\\\/04\\\/29\\\/agrigento-in-primavera-alla-riscoperta-dei-templi-e-della-casa-di-pirandello\\\/#primaryimage\"},\"thumbnailUrl\":\"https:\\\/\\\/icarojournal.com\\\/wp-content\\\/uploads\\\/2026\\\/04\\\/Vacanza-ad-Agrigento-20260429-IcaroJournal.jpg\",\"datePublished\":\"2026-04-29T16:30:11+00:00\",\"description\":\"Il treno arriva lento dalla costa, e gi\u00e0 dal finestrino vedi la collina. I templi sono lass\u00f9, dorati dal sole di aprile, e sembrano...\",\"breadcrumb\":{\"@id\":\"https:\\\/\\\/icarojournal.com\\\/index.php\\\/2026\\\/04\\\/29\\\/agrigento-in-primavera-alla-riscoperta-dei-templi-e-della-casa-di-pirandello\\\/#breadcrumb\"},\"inLanguage\":\"it-IT\",\"potentialAction\":[{\"@type\":\"ReadAction\",\"target\":[\"https:\\\/\\\/icarojournal.com\\\/index.php\\\/2026\\\/04\\\/29\\\/agrigento-in-primavera-alla-riscoperta-dei-templi-e-della-casa-di-pirandello\\\/\"]}]},{\"@type\":\"ImageObject\",\"inLanguage\":\"it-IT\",\"@id\":\"https:\\\/\\\/icarojournal.com\\\/index.php\\\/2026\\\/04\\\/29\\\/agrigento-in-primavera-alla-riscoperta-dei-templi-e-della-casa-di-pirandello\\\/#primaryimage\",\"url\":\"https:\\\/\\\/icarojournal.com\\\/wp-content\\\/uploads\\\/2026\\\/04\\\/Vacanza-ad-Agrigento-20260429-IcaroJournal.jpg\",\"contentUrl\":\"https:\\\/\\\/icarojournal.com\\\/wp-content\\\/uploads\\\/2026\\\/04\\\/Vacanza-ad-Agrigento-20260429-IcaroJournal.jpg\",\"width\":1200,\"height\":800,\"caption\":\"Vacanza ad Agrigento - IcaroJournal\"},{\"@type\":\"BreadcrumbList\",\"@id\":\"https:\\\/\\\/icarojournal.com\\\/index.php\\\/2026\\\/04\\\/29\\\/agrigento-in-primavera-alla-riscoperta-dei-templi-e-della-casa-di-pirandello\\\/#breadcrumb\",\"itemListElement\":[{\"@type\":\"ListItem\",\"position\":1,\"name\":\"Home\",\"item\":\"https:\\\/\\\/icarojournal.com\\\/\"},{\"@type\":\"ListItem\",\"position\":2,\"name\":\"Agrigento in primavera alla riscoperta dei Templi e della Casa di Pirandello\"}]},{\"@type\":\"WebSite\",\"@id\":\"https:\\\/\\\/icarojournal.com\\\/#website\",\"url\":\"https:\\\/\\\/icarojournal.com\\\/\",\"name\":\"Icaro Journal\",\"description\":\"Dalla cucina ai viaggi alle storie di vita\",\"publisher\":{\"@id\":\"https:\\\/\\\/icarojournal.com\\\/#organization\"},\"potentialAction\":[{\"@type\":\"SearchAction\",\"target\":{\"@type\":\"EntryPoint\",\"urlTemplate\":\"https:\\\/\\\/icarojournal.com\\\/?s={search_term_string}\"},\"query-input\":{\"@type\":\"PropertyValueSpecification\",\"valueRequired\":true,\"valueName\":\"search_term_string\"}}],\"inLanguage\":\"it-IT\"},{\"@type\":\"Organization\",\"@id\":\"https:\\\/\\\/icarojournal.com\\\/#organization\",\"name\":\"Icaro Journal\",\"url\":\"https:\\\/\\\/icarojournal.com\\\/\",\"logo\":{\"@type\":\"ImageObject\",\"inLanguage\":\"it-IT\",\"@id\":\"https:\\\/\\\/icarojournal.com\\\/#\\\/schema\\\/logo\\\/image\\\/\",\"url\":\"https:\\\/\\\/icarojournal.com\\\/wp-content\\\/uploads\\\/2024\\\/09\\\/cropped-logo.png\",\"contentUrl\":\"https:\\\/\\\/icarojournal.com\\\/wp-content\\\/uploads\\\/2024\\\/09\\\/cropped-logo.png\",\"width\":249,\"height\":112,\"caption\":\"Icaro Journal\"},\"image\":{\"@id\":\"https:\\\/\\\/icarojournal.com\\\/#\\\/schema\\\/logo\\\/image\\\/\"},\"sameAs\":[\"https:\\\/\\\/www.instagram.com\\\/icarojournal\\\/\"]},{\"@type\":\"Person\",\"@id\":\"https:\\\/\\\/icarojournal.com\\\/#\\\/schema\\\/person\\\/bd374958d33521ed6274c435d77c3805\",\"name\":\"Andrea Piazza\",\"image\":{\"@type\":\"ImageObject\",\"inLanguage\":\"it-IT\",\"@id\":\"https:\\\/\\\/icarojournal.com\\\/wp-content\\\/uploads\\\/2026\\\/03\\\/Screenshot-2026-03-09-alle-16.33.43-100x100.png\",\"url\":\"https:\\\/\\\/icarojournal.com\\\/wp-content\\\/uploads\\\/2026\\\/03\\\/Screenshot-2026-03-09-alle-16.33.43-100x100.png\",\"contentUrl\":\"https:\\\/\\\/icarojournal.com\\\/wp-content\\\/uploads\\\/2026\\\/03\\\/Screenshot-2026-03-09-alle-16.33.43-100x100.png\",\"caption\":\"Andrea Piazza\"},\"url\":\"https:\\\/\\\/icarojournal.com\\\/index.php\\\/author\\\/andrea-piazza\\\/\"}]}<\/script>\n<!-- \/ Yoast SEO plugin. -->","yoast_head_json":{"title":"Agrigento in primavera alla riscoperta dei Templi e della Casa di Pirandello - Icaro Journal","description":"Il treno arriva lento dalla costa, e gi\u00e0 dal finestrino vedi la collina. I templi sono lass\u00f9, dorati dal sole di aprile, e sembrano...","robots":{"index":"index","follow":"follow","max-snippet":"max-snippet:-1","max-image-preview":"max-image-preview:large","max-video-preview":"max-video-preview:-1"},"canonical":"https:\/\/icarojournal.com\/index.php\/2026\/04\/29\/agrigento-in-primavera-alla-riscoperta-dei-templi-e-della-casa-di-pirandello\/","og_locale":"it_IT","og_type":"article","og_title":"Agrigento in primavera alla riscoperta dei Templi e della Casa di Pirandello - Icaro Journal","og_description":"Il treno arriva lento dalla costa, e gi\u00e0 dal finestrino vedi la collina. I templi sono lass\u00f9, dorati dal sole di aprile, e sembrano...","og_url":"https:\/\/icarojournal.com\/index.php\/2026\/04\/29\/agrigento-in-primavera-alla-riscoperta-dei-templi-e-della-casa-di-pirandello\/","og_site_name":"Icaro Journal","article_published_time":"2026-04-29T16:30:11+00:00","og_image":[{"width":1200,"height":800,"url":"https:\/\/icarojournal.com\/wp-content\/uploads\/2026\/04\/Vacanza-ad-Agrigento-20260429-IcaroJournal.jpg","type":"image\/jpeg"}],"author":"Andrea Piazza","twitter_card":"summary_large_image","twitter_misc":{"Scritto da":"Andrea Piazza","Tempo di lettura stimato":"5 minuti"},"schema":{"@context":"https:\/\/schema.org","@graph":[{"@type":"Article","@id":"https:\/\/icarojournal.com\/index.php\/2026\/04\/29\/agrigento-in-primavera-alla-riscoperta-dei-templi-e-della-casa-di-pirandello\/#article","isPartOf":{"@id":"https:\/\/icarojournal.com\/index.php\/2026\/04\/29\/agrigento-in-primavera-alla-riscoperta-dei-templi-e-della-casa-di-pirandello\/"},"author":{"name":"Andrea Piazza","@id":"https:\/\/icarojournal.com\/#\/schema\/person\/bd374958d33521ed6274c435d77c3805"},"headline":"Agrigento in primavera alla riscoperta dei Templi e della Casa di Pirandello","datePublished":"2026-04-29T16:30:11+00:00","mainEntityOfPage":{"@id":"https:\/\/icarojournal.com\/index.php\/2026\/04\/29\/agrigento-in-primavera-alla-riscoperta-dei-templi-e-della-casa-di-pirandello\/"},"wordCount":824,"commentCount":0,"publisher":{"@id":"https:\/\/icarojournal.com\/#organization"},"image":{"@id":"https:\/\/icarojournal.com\/index.php\/2026\/04\/29\/agrigento-in-primavera-alla-riscoperta-dei-templi-e-della-casa-di-pirandello\/#primaryimage"},"thumbnailUrl":"https:\/\/icarojournal.com\/wp-content\/uploads\/2026\/04\/Vacanza-ad-Agrigento-20260429-IcaroJournal.jpg","keywords":["vacanza ad Agrigento","Viaggi in Sicilia"],"articleSection":["Viaggi"],"inLanguage":"it-IT","potentialAction":[{"@type":"CommentAction","name":"Comment","target":["https:\/\/icarojournal.com\/index.php\/2026\/04\/29\/agrigento-in-primavera-alla-riscoperta-dei-templi-e-della-casa-di-pirandello\/#respond"]}]},{"@type":"WebPage","@id":"https:\/\/icarojournal.com\/index.php\/2026\/04\/29\/agrigento-in-primavera-alla-riscoperta-dei-templi-e-della-casa-di-pirandello\/","url":"https:\/\/icarojournal.com\/index.php\/2026\/04\/29\/agrigento-in-primavera-alla-riscoperta-dei-templi-e-della-casa-di-pirandello\/","name":"Agrigento in primavera alla riscoperta dei Templi e della Casa di Pirandello - Icaro Journal","isPartOf":{"@id":"https:\/\/icarojournal.com\/#website"},"primaryImageOfPage":{"@id":"https:\/\/icarojournal.com\/index.php\/2026\/04\/29\/agrigento-in-primavera-alla-riscoperta-dei-templi-e-della-casa-di-pirandello\/#primaryimage"},"image":{"@id":"https:\/\/icarojournal.com\/index.php\/2026\/04\/29\/agrigento-in-primavera-alla-riscoperta-dei-templi-e-della-casa-di-pirandello\/#primaryimage"},"thumbnailUrl":"https:\/\/icarojournal.com\/wp-content\/uploads\/2026\/04\/Vacanza-ad-Agrigento-20260429-IcaroJournal.jpg","datePublished":"2026-04-29T16:30:11+00:00","description":"Il treno arriva lento dalla costa, e gi\u00e0 dal finestrino vedi la collina. I templi sono lass\u00f9, dorati dal sole di aprile, e sembrano...","breadcrumb":{"@id":"https:\/\/icarojournal.com\/index.php\/2026\/04\/29\/agrigento-in-primavera-alla-riscoperta-dei-templi-e-della-casa-di-pirandello\/#breadcrumb"},"inLanguage":"it-IT","potentialAction":[{"@type":"ReadAction","target":["https:\/\/icarojournal.com\/index.php\/2026\/04\/29\/agrigento-in-primavera-alla-riscoperta-dei-templi-e-della-casa-di-pirandello\/"]}]},{"@type":"ImageObject","inLanguage":"it-IT","@id":"https:\/\/icarojournal.com\/index.php\/2026\/04\/29\/agrigento-in-primavera-alla-riscoperta-dei-templi-e-della-casa-di-pirandello\/#primaryimage","url":"https:\/\/icarojournal.com\/wp-content\/uploads\/2026\/04\/Vacanza-ad-Agrigento-20260429-IcaroJournal.jpg","contentUrl":"https:\/\/icarojournal.com\/wp-content\/uploads\/2026\/04\/Vacanza-ad-Agrigento-20260429-IcaroJournal.jpg","width":1200,"height":800,"caption":"Vacanza ad Agrigento - IcaroJournal"},{"@type":"BreadcrumbList","@id":"https:\/\/icarojournal.com\/index.php\/2026\/04\/29\/agrigento-in-primavera-alla-riscoperta-dei-templi-e-della-casa-di-pirandello\/#breadcrumb","itemListElement":[{"@type":"ListItem","position":1,"name":"Home","item":"https:\/\/icarojournal.com\/"},{"@type":"ListItem","position":2,"name":"Agrigento in primavera alla riscoperta dei Templi e della Casa di Pirandello"}]},{"@type":"WebSite","@id":"https:\/\/icarojournal.com\/#website","url":"https:\/\/icarojournal.com\/","name":"Icaro Journal","description":"Dalla cucina ai viaggi alle storie di vita","publisher":{"@id":"https:\/\/icarojournal.com\/#organization"},"potentialAction":[{"@type":"SearchAction","target":{"@type":"EntryPoint","urlTemplate":"https:\/\/icarojournal.com\/?s={search_term_string}"},"query-input":{"@type":"PropertyValueSpecification","valueRequired":true,"valueName":"search_term_string"}}],"inLanguage":"it-IT"},{"@type":"Organization","@id":"https:\/\/icarojournal.com\/#organization","name":"Icaro Journal","url":"https:\/\/icarojournal.com\/","logo":{"@type":"ImageObject","inLanguage":"it-IT","@id":"https:\/\/icarojournal.com\/#\/schema\/logo\/image\/","url":"https:\/\/icarojournal.com\/wp-content\/uploads\/2024\/09\/cropped-logo.png","contentUrl":"https:\/\/icarojournal.com\/wp-content\/uploads\/2024\/09\/cropped-logo.png","width":249,"height":112,"caption":"Icaro Journal"},"image":{"@id":"https:\/\/icarojournal.com\/#\/schema\/logo\/image\/"},"sameAs":["https:\/\/www.instagram.com\/icarojournal\/"]},{"@type":"Person","@id":"https:\/\/icarojournal.com\/#\/schema\/person\/bd374958d33521ed6274c435d77c3805","name":"Andrea Piazza","image":{"@type":"ImageObject","inLanguage":"it-IT","@id":"https:\/\/icarojournal.com\/wp-content\/uploads\/2026\/03\/Screenshot-2026-03-09-alle-16.33.43-100x100.png","url":"https:\/\/icarojournal.com\/wp-content\/uploads\/2026\/03\/Screenshot-2026-03-09-alle-16.33.43-100x100.png","contentUrl":"https:\/\/icarojournal.com\/wp-content\/uploads\/2026\/03\/Screenshot-2026-03-09-alle-16.33.43-100x100.png","caption":"Andrea Piazza"},"url":"https:\/\/icarojournal.com\/index.php\/author\/andrea-piazza\/"}]}},"_links":{"self":[{"href":"https:\/\/icarojournal.com\/index.php\/wp-json\/wp\/v2\/posts\/8025","targetHints":{"allow":["GET"]}}],"collection":[{"href":"https:\/\/icarojournal.com\/index.php\/wp-json\/wp\/v2\/posts"}],"about":[{"href":"https:\/\/icarojournal.com\/index.php\/wp-json\/wp\/v2\/types\/post"}],"author":[{"embeddable":true,"href":"https:\/\/icarojournal.com\/index.php\/wp-json\/wp\/v2\/users\/4"}],"replies":[{"embeddable":true,"href":"https:\/\/icarojournal.com\/index.php\/wp-json\/wp\/v2\/comments?post=8025"}],"version-history":[{"count":1,"href":"https:\/\/icarojournal.com\/index.php\/wp-json\/wp\/v2\/posts\/8025\/revisions"}],"predecessor-version":[{"id":8036,"href":"https:\/\/icarojournal.com\/index.php\/wp-json\/wp\/v2\/posts\/8025\/revisions\/8036"}],"wp:featuredmedia":[{"embeddable":true,"href":"https:\/\/icarojournal.com\/index.php\/wp-json\/wp\/v2\/media\/8030"}],"wp:attachment":[{"href":"https:\/\/icarojournal.com\/index.php\/wp-json\/wp\/v2\/media?parent=8025"}],"wp:term":[{"taxonomy":"category","embeddable":true,"href":"https:\/\/icarojournal.com\/index.php\/wp-json\/wp\/v2\/categories?post=8025"},{"taxonomy":"post_tag","embeddable":true,"href":"https:\/\/icarojournal.com\/index.php\/wp-json\/wp\/v2\/tags?post=8025"}],"curies":[{"name":"wp","href":"https:\/\/api.w.org\/{rel}","templated":true}]}}