{"id":8071,"date":"2026-04-30T21:30:36","date_gmt":"2026-04-30T19:30:36","guid":{"rendered":"https:\/\/icarojournal.com\/?p=8071"},"modified":"2026-04-30T18:50:13","modified_gmt":"2026-04-30T16:50:13","slug":"ma-voi-la-ricordate-andrea-nicole-di-uomini-e-donne-che-fine-ha-fatto-dopo-il-programma","status":"publish","type":"post","link":"https:\/\/icarojournal.com\/index.php\/2026\/04\/30\/ma-voi-la-ricordate-andrea-nicole-di-uomini-e-donne-che-fine-ha-fatto-dopo-il-programma\/","title":{"rendered":"Ma voi la ricordate Andrea Nicole di Uomini e Donne? Che fine ha fatto dopo il programma"},"content":{"rendered":"<p><strong>Nel mirino dei riflettori dei media oggi finisce Andrea Nicole di Uomini e Donne, l\u2019ex tronista del programma che in passato ha scatenato non poche polemiche proprio per la sua presenza al trono\u2026 ma lei, che sembrava destinata a diventare una delle donne pi\u00f9 chiacchierate di sempre, sembra essere finita quasi nel dimenticatoio.<\/strong><\/p>\n<p>Sicuramente molti di voi ricorderanno la polemica nata attorno alla persona di <strong>Andrea<\/strong> <strong>Nicole<\/strong> <strong>Conte<\/strong>, arrivata nel programma di <strong>Uomini<\/strong> <strong>e<\/strong> <strong>Donne<\/strong> pronta a raccontare la sua storia in qualit\u00e0 di donna che aveva da poco concluso il suo percorso di transizione, che aveva comportato una lunga serie di interventi per vedere la sua immagine cos\u00ec come l\u2019aveva sempre pensata e immaginata parlando di se stessa.<\/p>\n<p>Inizialmente Andrea Nicole ha dovuto comunque confrontarsi con una lunga serie di critiche davanti alle telecamere del programma, ma ben presto \u00e8 diventata uno dei volti pi\u00f9 amati dello show condotto da <strong>Maria<\/strong> <strong>De<\/strong> <strong>Filippi<\/strong>, la stessa conduttrice che in un certo qual modo aveva puntato molto sulla donna e soprattutto sul coraggio di voler raccontare la sua storia senza nascondersi in alcun modo. Una svolta per lo show di Canale 5 anche per i rappresentanti della comunit\u00e0 LGBTQ+, che avevano apprezzato il modo in cui aveva deciso di raccontarsi.<\/p>\n<h2>Ve la ricordate Andrea Nicole? Che fine ha fatto l\u2019ex di Uomini e Donne?<\/h2>\n<p>Andrea Nicole ha portato il suo bagaglio davanti alle telecamere di Uomini e Donne, parlando di se stessa come la donna che ha sempre voluto essere, senza mai nascondere il percorso che ha dovuto fare da un punto di vista fisico e psicologico per diventarlo. Un trono classico che ha conquistato tutti gli effetti per la tronista, che si \u00e8 davvero messa in gioco, conoscendo vari corteggiatori tra cui l\u2019ex fidanzato Ciprian, con il quale ha deciso di avviare una storia d\u2019amore\u2026 ma forse non l\u2019ha fatto nel migliore dei modi.<\/p>\n<p>Ricordiamo, infatti, che <strong>Ciprian<\/strong> riusc\u00ec a scoprire dove abitava Andrea, raggiungendola cos\u00ec a casa e trascorrendo la notte insieme. Il giorno dopo i due hanno deciso di raccontare tutto alla redazione e comunicare cos\u00ec la loro intenzione di lasciare insieme il programma. Peccato per\u00f2 che<strong> Maria De Filippi,<\/strong> comunque sia, si sia sentita tradita dal gesto dei ragazzi, che potevano rimanere nei meandri delle regole del programma e ufficializzare la loro scelta cos\u00ec come altri protagonisti di Uomini e Donne avevano fatto negli anni precedenti. A ogni modo, per\u00f2, dopo quell\u2019evento molte cose sono cambiate anche per <strong>Andrea<\/strong> <strong>Nicole<\/strong>. Inizialmente abbiamo avuto modo di vederla sempre protagonista dell\u2019attenzione dei media, la storia con Ciprian procedeva a gonfie vele ma, pochi mesi dopo, purtroppo i due hanno deciso di interrompere la frequentazione, nonostante la Conte avesse persino lasciato Milano per raggiungerlo a Roma.<\/p>\n<p>La sua storia vincente al trono classico, per\u00f2, ha fatto s\u00ec che Andrea venisse ricordata come protagonista della scena, ecco perch\u00e9 oggi ci si chiede che fine abbia fatto effettivamente.<\/p>\n<h3>Come \u00e8 cambiata la vita di Andrea Nicole dopo Uomini e Donne?<\/h3>\n<p>A oggi continua a essere molto seguita sui canali social, ma la gestione delle pagine \u00e8 cambiata considerevolmente per <strong>Andrea<\/strong> <strong>Nicole<\/strong>, basti pensare che nel 2026 ha pubblicato solo esclusivamente due post, uno a febbraio e l\u2019altro ad aprile. I vari post pubblicati sui social, comunque sia, sono tutti legati al mondo del make-up e del beauty. \u00c8 un\u2019influencer, ma a quanto pare non \u00e8 pi\u00f9 il suo impegno principale durante la giornata.<\/p>\n<p><strong>LEGGI ANCHE -&gt;\u00a0<a href=\"https:\/\/icarojournal.com\/index.php\/2026\/04\/25\/alessandro-tersigni-il-retroscena-sul-privato-una-comparsa-nella-sua-vita\/\" target=\"_blank\" rel=\"noopener\">Alessandro Tersigni, il retroscena sul privato: \u00abUna comparsa nella sua vita\u00bb<\/a><\/strong><\/p>\n<p><strong>LEGGI ANCHE -&gt;\u00a0<a href=\"https:\/\/icarojournal.com\/index.php\/2026\/04\/27\/chiara-baschetti-dopo-il-paradiso-delle-signore-la-foto-senza-veli-lascia-senza-fiato\/\" target=\"_blank\" rel=\"noopener\">Chiara Baschetti dopo Il Paradiso Delle Signore: la foto senza veli lascia senza fiato<\/a><\/strong><\/p>\n<p>Infatti, da molto tempo a questa parte <strong>Andrea Nicole Conte sembrerebbe aver scelto la via della privacy<\/strong>, raccontando limitatamente ci\u00f2 che accade nella sua vita, motivo per cui a oggi non \u00e8 dato sapere se abbia ritrovato l\u2019amore o se abbia deciso di investire su se stessa in altri ambiti lavorativi. Sappiamo che prima di arrivare a Uomini e Donne lavorava in qualit\u00e0 di commessa in un negozio di abbigliamento, ma a oggi nulla \u00e8 stato pi\u00f9 detto in merito da parte della stessa Andrea, la cui vita quotidiana sembra essere appunto avvolta nel mistero.<\/p>\n<p><strong>LEGGI ANCHE -&gt;\u00a0<a href=\"https:\/\/icarojournal.com\/index.php\/2026\/04\/28\/esclusiva-vittorio-vaccaro-torna-con-liguria-a-tavola-lentroterra-e-meraviglioso-alcuni-piatti-sono-pazzeschi\/\" target=\"_blank\" rel=\"noopener\">ESCLUSIVA \u2013 Vittorio Vaccaro torna con Liguria a tavola: \u00abL\u2019entroterra \u00e8 meraviglioso, alcuni piatti sono pazzeschi\u00bb<\/a><\/strong><\/p>\n<p><strong>LEGGI ANCHE -&gt;\u00a0<a href=\"https:\/\/icarojournal.com\/index.php\/2026\/04\/29\/martina-nasoni-la-nuova-vita-della-ragazza-con-il-cuore-di-latta-gli-ho-chiesto-scusa\/\" target=\"_blank\" rel=\"noopener\">Martina Nasoni, la nuova vita della Ragazza con il cuore di latta: \u00abGli ho chiesto scusa\u2026\u00bb<\/a><\/strong><\/p>\n","protected":false},"excerpt":{"rendered":"<p>Nel mirino dei riflettori dei media oggi finisce Andrea Nicole di Uomini e Donne, l\u2019ex tronista del programma che in passato ha scatenato non poche polemiche proprio per la sua presenza al trono\u2026 ma lei, che sembrava destinata a diventare una delle donne pi\u00f9 chiacchierate di sempre, sembra essere finita quasi nel dimenticatoio. Sicuramente molti [&hellip;]<\/p>\n","protected":false},"author":2,"featured_media":8077,"comment_status":"open","ping_status":"open","sticky":false,"template":"","format":"standard","meta":{"iawp_total_views":36,"footnotes":""},"categories":[84],"tags":[978,980,981,982,979],"class_list":["post-8071","post","type-post","status-publish","format-standard","has-post-thumbnail","hentry","category-gossip","tag-andrea-nicole-conte","tag-ex-di-uomini-e-donne","tag-tronista-uomini-e-donne","tag-trono-classico-uomini-e-donne","tag-uomini-e-donne"],"yoast_head":"<!-- This site is optimized with the Yoast SEO plugin v27.5 - https:\/\/yoast.com\/product\/yoast-seo-wordpress\/ -->\n<title>Ma voi la ricordate Andrea Nicole di Uomini e Donne? Che fine ha fatto dopo il programma - Icaro Journal<\/title>\n<meta name=\"description\" content=\"Nel mirino dei riflettori dei media oggi finisce Andrea Nicole di Uomini e Donne, l\u2019ex tronista del programma che in passato...\" \/>\n<meta name=\"robots\" content=\"index, follow, max-snippet:-1, max-image-preview:large, max-video-preview:-1\" \/>\n<link rel=\"canonical\" href=\"https:\/\/icarojournal.com\/index.php\/2026\/04\/30\/ma-voi-la-ricordate-andrea-nicole-di-uomini-e-donne-che-fine-ha-fatto-dopo-il-programma\/\" \/>\n<meta property=\"og:locale\" content=\"it_IT\" \/>\n<meta property=\"og:type\" content=\"article\" \/>\n<meta property=\"og:title\" content=\"Ma voi la ricordate Andrea Nicole di Uomini e Donne? Che fine ha fatto dopo il programma - Icaro Journal\" \/>\n<meta property=\"og:description\" content=\"Nel mirino dei riflettori dei media oggi finisce Andrea Nicole di Uomini e Donne, l\u2019ex tronista del programma che in passato...\" \/>\n<meta property=\"og:url\" content=\"https:\/\/icarojournal.com\/index.php\/2026\/04\/30\/ma-voi-la-ricordate-andrea-nicole-di-uomini-e-donne-che-fine-ha-fatto-dopo-il-programma\/\" \/>\n<meta property=\"og:site_name\" content=\"Icaro Journal\" \/>\n<meta property=\"article:published_time\" content=\"2026-04-30T19:30:36+00:00\" \/>\n<meta property=\"og:image\" content=\"https:\/\/icarojournal.com\/wp-content\/uploads\/2026\/04\/Andrea-Nicole-di-Uomini-e-Donne-che-fine-ha-fatto-20260430-IcaroJournal.jpg\" \/>\n\t<meta property=\"og:image:width\" content=\"1200\" \/>\n\t<meta property=\"og:image:height\" content=\"800\" \/>\n\t<meta property=\"og:image:type\" content=\"image\/jpeg\" \/>\n<meta name=\"author\" content=\"Francesca Guglielmino\" \/>\n<meta name=\"twitter:card\" content=\"summary_large_image\" \/>\n<meta name=\"twitter:label1\" content=\"Scritto da\" \/>\n\t<meta name=\"twitter:data1\" content=\"Francesca Guglielmino\" \/>\n\t<meta name=\"twitter:label2\" content=\"Tempo di lettura stimato\" \/>\n\t<meta name=\"twitter:data2\" content=\"5 minuti\" \/>\n<script type=\"application\/ld+json\" class=\"yoast-schema-graph\">{\"@context\":\"https:\\\/\\\/schema.org\",\"@graph\":[{\"@type\":\"Article\",\"@id\":\"https:\\\/\\\/icarojournal.com\\\/index.php\\\/2026\\\/04\\\/30\\\/ma-voi-la-ricordate-andrea-nicole-di-uomini-e-donne-che-fine-ha-fatto-dopo-il-programma\\\/#article\",\"isPartOf\":{\"@id\":\"https:\\\/\\\/icarojournal.com\\\/index.php\\\/2026\\\/04\\\/30\\\/ma-voi-la-ricordate-andrea-nicole-di-uomini-e-donne-che-fine-ha-fatto-dopo-il-programma\\\/\"},\"author\":{\"name\":\"Francesca Guglielmino\",\"@id\":\"https:\\\/\\\/icarojournal.com\\\/#\\\/schema\\\/person\\\/50728028a3703bea504b6347d37b5f99\"},\"headline\":\"Ma voi la ricordate Andrea Nicole di Uomini e Donne? Che fine ha fatto dopo il programma\",\"datePublished\":\"2026-04-30T19:30:36+00:00\",\"mainEntityOfPage\":{\"@id\":\"https:\\\/\\\/icarojournal.com\\\/index.php\\\/2026\\\/04\\\/30\\\/ma-voi-la-ricordate-andrea-nicole-di-uomini-e-donne-che-fine-ha-fatto-dopo-il-programma\\\/\"},\"wordCount\":756,\"commentCount\":0,\"publisher\":{\"@id\":\"https:\\\/\\\/icarojournal.com\\\/#organization\"},\"image\":{\"@id\":\"https:\\\/\\\/icarojournal.com\\\/index.php\\\/2026\\\/04\\\/30\\\/ma-voi-la-ricordate-andrea-nicole-di-uomini-e-donne-che-fine-ha-fatto-dopo-il-programma\\\/#primaryimage\"},\"thumbnailUrl\":\"https:\\\/\\\/icarojournal.com\\\/wp-content\\\/uploads\\\/2026\\\/04\\\/Andrea-Nicole-di-Uomini-e-Donne-che-fine-ha-fatto-20260430-IcaroJournal.jpg\",\"keywords\":[\"Andrea Nicole Conte\",\"ex di Uomini e Donne\",\"Tronista Uomini e Donne\",\"Trono Classico Uomini e Donne\",\"Uomini e Donne\"],\"articleSection\":[\"Gossip\"],\"inLanguage\":\"it-IT\",\"potentialAction\":[{\"@type\":\"CommentAction\",\"name\":\"Comment\",\"target\":[\"https:\\\/\\\/icarojournal.com\\\/index.php\\\/2026\\\/04\\\/30\\\/ma-voi-la-ricordate-andrea-nicole-di-uomini-e-donne-che-fine-ha-fatto-dopo-il-programma\\\/#respond\"]}]},{\"@type\":\"WebPage\",\"@id\":\"https:\\\/\\\/icarojournal.com\\\/index.php\\\/2026\\\/04\\\/30\\\/ma-voi-la-ricordate-andrea-nicole-di-uomini-e-donne-che-fine-ha-fatto-dopo-il-programma\\\/\",\"url\":\"https:\\\/\\\/icarojournal.com\\\/index.php\\\/2026\\\/04\\\/30\\\/ma-voi-la-ricordate-andrea-nicole-di-uomini-e-donne-che-fine-ha-fatto-dopo-il-programma\\\/\",\"name\":\"Ma voi la ricordate Andrea Nicole di Uomini e Donne? Che fine ha fatto dopo il programma - Icaro Journal\",\"isPartOf\":{\"@id\":\"https:\\\/\\\/icarojournal.com\\\/#website\"},\"primaryImageOfPage\":{\"@id\":\"https:\\\/\\\/icarojournal.com\\\/index.php\\\/2026\\\/04\\\/30\\\/ma-voi-la-ricordate-andrea-nicole-di-uomini-e-donne-che-fine-ha-fatto-dopo-il-programma\\\/#primaryimage\"},\"image\":{\"@id\":\"https:\\\/\\\/icarojournal.com\\\/index.php\\\/2026\\\/04\\\/30\\\/ma-voi-la-ricordate-andrea-nicole-di-uomini-e-donne-che-fine-ha-fatto-dopo-il-programma\\\/#primaryimage\"},\"thumbnailUrl\":\"https:\\\/\\\/icarojournal.com\\\/wp-content\\\/uploads\\\/2026\\\/04\\\/Andrea-Nicole-di-Uomini-e-Donne-che-fine-ha-fatto-20260430-IcaroJournal.jpg\",\"datePublished\":\"2026-04-30T19:30:36+00:00\",\"description\":\"Nel mirino dei riflettori dei media oggi finisce Andrea Nicole di Uomini e Donne, l\u2019ex tronista del programma che in passato...\",\"breadcrumb\":{\"@id\":\"https:\\\/\\\/icarojournal.com\\\/index.php\\\/2026\\\/04\\\/30\\\/ma-voi-la-ricordate-andrea-nicole-di-uomini-e-donne-che-fine-ha-fatto-dopo-il-programma\\\/#breadcrumb\"},\"inLanguage\":\"it-IT\",\"potentialAction\":[{\"@type\":\"ReadAction\",\"target\":[\"https:\\\/\\\/icarojournal.com\\\/index.php\\\/2026\\\/04\\\/30\\\/ma-voi-la-ricordate-andrea-nicole-di-uomini-e-donne-che-fine-ha-fatto-dopo-il-programma\\\/\"]}]},{\"@type\":\"ImageObject\",\"inLanguage\":\"it-IT\",\"@id\":\"https:\\\/\\\/icarojournal.com\\\/index.php\\\/2026\\\/04\\\/30\\\/ma-voi-la-ricordate-andrea-nicole-di-uomini-e-donne-che-fine-ha-fatto-dopo-il-programma\\\/#primaryimage\",\"url\":\"https:\\\/\\\/icarojournal.com\\\/wp-content\\\/uploads\\\/2026\\\/04\\\/Andrea-Nicole-di-Uomini-e-Donne-che-fine-ha-fatto-20260430-IcaroJournal.jpg\",\"contentUrl\":\"https:\\\/\\\/icarojournal.com\\\/wp-content\\\/uploads\\\/2026\\\/04\\\/Andrea-Nicole-di-Uomini-e-Donne-che-fine-ha-fatto-20260430-IcaroJournal.jpg\",\"width\":1200,\"height\":800,\"caption\":\"Andrea Nicole di Uomini e Donne che fine ha fatto - IcaroJournal\"},{\"@type\":\"BreadcrumbList\",\"@id\":\"https:\\\/\\\/icarojournal.com\\\/index.php\\\/2026\\\/04\\\/30\\\/ma-voi-la-ricordate-andrea-nicole-di-uomini-e-donne-che-fine-ha-fatto-dopo-il-programma\\\/#breadcrumb\",\"itemListElement\":[{\"@type\":\"ListItem\",\"position\":1,\"name\":\"Home\",\"item\":\"https:\\\/\\\/icarojournal.com\\\/\"},{\"@type\":\"ListItem\",\"position\":2,\"name\":\"Ma voi la ricordate Andrea Nicole di Uomini e Donne? Che fine ha fatto dopo il programma\"}]},{\"@type\":\"WebSite\",\"@id\":\"https:\\\/\\\/icarojournal.com\\\/#website\",\"url\":\"https:\\\/\\\/icarojournal.com\\\/\",\"name\":\"Icaro Journal\",\"description\":\"Dalla cucina ai viaggi alle storie di vita\",\"publisher\":{\"@id\":\"https:\\\/\\\/icarojournal.com\\\/#organization\"},\"potentialAction\":[{\"@type\":\"SearchAction\",\"target\":{\"@type\":\"EntryPoint\",\"urlTemplate\":\"https:\\\/\\\/icarojournal.com\\\/?s={search_term_string}\"},\"query-input\":{\"@type\":\"PropertyValueSpecification\",\"valueRequired\":true,\"valueName\":\"search_term_string\"}}],\"inLanguage\":\"it-IT\"},{\"@type\":\"Organization\",\"@id\":\"https:\\\/\\\/icarojournal.com\\\/#organization\",\"name\":\"Icaro Journal\",\"url\":\"https:\\\/\\\/icarojournal.com\\\/\",\"logo\":{\"@type\":\"ImageObject\",\"inLanguage\":\"it-IT\",\"@id\":\"https:\\\/\\\/icarojournal.com\\\/#\\\/schema\\\/logo\\\/image\\\/\",\"url\":\"https:\\\/\\\/icarojournal.com\\\/wp-content\\\/uploads\\\/2024\\\/09\\\/cropped-logo.png\",\"contentUrl\":\"https:\\\/\\\/icarojournal.com\\\/wp-content\\\/uploads\\\/2024\\\/09\\\/cropped-logo.png\",\"width\":249,\"height\":112,\"caption\":\"Icaro Journal\"},\"image\":{\"@id\":\"https:\\\/\\\/icarojournal.com\\\/#\\\/schema\\\/logo\\\/image\\\/\"},\"sameAs\":[\"https:\\\/\\\/www.instagram.com\\\/icarojournal\\\/\"]},{\"@type\":\"Person\",\"@id\":\"https:\\\/\\\/icarojournal.com\\\/#\\\/schema\\\/person\\\/50728028a3703bea504b6347d37b5f99\",\"name\":\"Francesca Guglielmino\",\"image\":{\"@type\":\"ImageObject\",\"inLanguage\":\"it-IT\",\"@id\":\"https:\\\/\\\/secure.gravatar.com\\\/avatar\\\/33a9fb184e61458c03502f25a25c41fb4a67a826d476085532fe929fa0faac68?s=96&d=mm&r=g\",\"url\":\"https:\\\/\\\/secure.gravatar.com\\\/avatar\\\/33a9fb184e61458c03502f25a25c41fb4a67a826d476085532fe929fa0faac68?s=96&d=mm&r=g\",\"contentUrl\":\"https:\\\/\\\/secure.gravatar.com\\\/avatar\\\/33a9fb184e61458c03502f25a25c41fb4a67a826d476085532fe929fa0faac68?s=96&d=mm&r=g\",\"caption\":\"Francesca Guglielmino\"},\"sameAs\":[\"http:\\\/\\\/@francesca_guglielmino90\"],\"url\":\"https:\\\/\\\/icarojournal.com\\\/index.php\\\/author\\\/francesca-guglielmino\\\/\"}]}<\/script>\n<!-- \/ Yoast SEO plugin. -->","yoast_head_json":{"title":"Ma voi la ricordate Andrea Nicole di Uomini e Donne? Che fine ha fatto dopo il programma - Icaro Journal","description":"Nel mirino dei riflettori dei media oggi finisce Andrea Nicole di Uomini e Donne, l\u2019ex tronista del programma che in passato...","robots":{"index":"index","follow":"follow","max-snippet":"max-snippet:-1","max-image-preview":"max-image-preview:large","max-video-preview":"max-video-preview:-1"},"canonical":"https:\/\/icarojournal.com\/index.php\/2026\/04\/30\/ma-voi-la-ricordate-andrea-nicole-di-uomini-e-donne-che-fine-ha-fatto-dopo-il-programma\/","og_locale":"it_IT","og_type":"article","og_title":"Ma voi la ricordate Andrea Nicole di Uomini e Donne? Che fine ha fatto dopo il programma - Icaro Journal","og_description":"Nel mirino dei riflettori dei media oggi finisce Andrea Nicole di Uomini e Donne, l\u2019ex tronista del programma che in passato...","og_url":"https:\/\/icarojournal.com\/index.php\/2026\/04\/30\/ma-voi-la-ricordate-andrea-nicole-di-uomini-e-donne-che-fine-ha-fatto-dopo-il-programma\/","og_site_name":"Icaro Journal","article_published_time":"2026-04-30T19:30:36+00:00","og_image":[{"width":1200,"height":800,"url":"https:\/\/icarojournal.com\/wp-content\/uploads\/2026\/04\/Andrea-Nicole-di-Uomini-e-Donne-che-fine-ha-fatto-20260430-IcaroJournal.jpg","type":"image\/jpeg"}],"author":"Francesca Guglielmino","twitter_card":"summary_large_image","twitter_misc":{"Scritto da":"Francesca Guglielmino","Tempo di lettura stimato":"5 minuti"},"schema":{"@context":"https:\/\/schema.org","@graph":[{"@type":"Article","@id":"https:\/\/icarojournal.com\/index.php\/2026\/04\/30\/ma-voi-la-ricordate-andrea-nicole-di-uomini-e-donne-che-fine-ha-fatto-dopo-il-programma\/#article","isPartOf":{"@id":"https:\/\/icarojournal.com\/index.php\/2026\/04\/30\/ma-voi-la-ricordate-andrea-nicole-di-uomini-e-donne-che-fine-ha-fatto-dopo-il-programma\/"},"author":{"name":"Francesca Guglielmino","@id":"https:\/\/icarojournal.com\/#\/schema\/person\/50728028a3703bea504b6347d37b5f99"},"headline":"Ma voi la ricordate Andrea Nicole di Uomini e Donne? Che fine ha fatto dopo il programma","datePublished":"2026-04-30T19:30:36+00:00","mainEntityOfPage":{"@id":"https:\/\/icarojournal.com\/index.php\/2026\/04\/30\/ma-voi-la-ricordate-andrea-nicole-di-uomini-e-donne-che-fine-ha-fatto-dopo-il-programma\/"},"wordCount":756,"commentCount":0,"publisher":{"@id":"https:\/\/icarojournal.com\/#organization"},"image":{"@id":"https:\/\/icarojournal.com\/index.php\/2026\/04\/30\/ma-voi-la-ricordate-andrea-nicole-di-uomini-e-donne-che-fine-ha-fatto-dopo-il-programma\/#primaryimage"},"thumbnailUrl":"https:\/\/icarojournal.com\/wp-content\/uploads\/2026\/04\/Andrea-Nicole-di-Uomini-e-Donne-che-fine-ha-fatto-20260430-IcaroJournal.jpg","keywords":["Andrea Nicole Conte","ex di Uomini e Donne","Tronista Uomini e Donne","Trono Classico Uomini e Donne","Uomini e Donne"],"articleSection":["Gossip"],"inLanguage":"it-IT","potentialAction":[{"@type":"CommentAction","name":"Comment","target":["https:\/\/icarojournal.com\/index.php\/2026\/04\/30\/ma-voi-la-ricordate-andrea-nicole-di-uomini-e-donne-che-fine-ha-fatto-dopo-il-programma\/#respond"]}]},{"@type":"WebPage","@id":"https:\/\/icarojournal.com\/index.php\/2026\/04\/30\/ma-voi-la-ricordate-andrea-nicole-di-uomini-e-donne-che-fine-ha-fatto-dopo-il-programma\/","url":"https:\/\/icarojournal.com\/index.php\/2026\/04\/30\/ma-voi-la-ricordate-andrea-nicole-di-uomini-e-donne-che-fine-ha-fatto-dopo-il-programma\/","name":"Ma voi la ricordate Andrea Nicole di Uomini e Donne? Che fine ha fatto dopo il programma - Icaro Journal","isPartOf":{"@id":"https:\/\/icarojournal.com\/#website"},"primaryImageOfPage":{"@id":"https:\/\/icarojournal.com\/index.php\/2026\/04\/30\/ma-voi-la-ricordate-andrea-nicole-di-uomini-e-donne-che-fine-ha-fatto-dopo-il-programma\/#primaryimage"},"image":{"@id":"https:\/\/icarojournal.com\/index.php\/2026\/04\/30\/ma-voi-la-ricordate-andrea-nicole-di-uomini-e-donne-che-fine-ha-fatto-dopo-il-programma\/#primaryimage"},"thumbnailUrl":"https:\/\/icarojournal.com\/wp-content\/uploads\/2026\/04\/Andrea-Nicole-di-Uomini-e-Donne-che-fine-ha-fatto-20260430-IcaroJournal.jpg","datePublished":"2026-04-30T19:30:36+00:00","description":"Nel mirino dei riflettori dei media oggi finisce Andrea Nicole di Uomini e Donne, l\u2019ex tronista del programma che in passato...","breadcrumb":{"@id":"https:\/\/icarojournal.com\/index.php\/2026\/04\/30\/ma-voi-la-ricordate-andrea-nicole-di-uomini-e-donne-che-fine-ha-fatto-dopo-il-programma\/#breadcrumb"},"inLanguage":"it-IT","potentialAction":[{"@type":"ReadAction","target":["https:\/\/icarojournal.com\/index.php\/2026\/04\/30\/ma-voi-la-ricordate-andrea-nicole-di-uomini-e-donne-che-fine-ha-fatto-dopo-il-programma\/"]}]},{"@type":"ImageObject","inLanguage":"it-IT","@id":"https:\/\/icarojournal.com\/index.php\/2026\/04\/30\/ma-voi-la-ricordate-andrea-nicole-di-uomini-e-donne-che-fine-ha-fatto-dopo-il-programma\/#primaryimage","url":"https:\/\/icarojournal.com\/wp-content\/uploads\/2026\/04\/Andrea-Nicole-di-Uomini-e-Donne-che-fine-ha-fatto-20260430-IcaroJournal.jpg","contentUrl":"https:\/\/icarojournal.com\/wp-content\/uploads\/2026\/04\/Andrea-Nicole-di-Uomini-e-Donne-che-fine-ha-fatto-20260430-IcaroJournal.jpg","width":1200,"height":800,"caption":"Andrea Nicole di Uomini e Donne che fine ha fatto - IcaroJournal"},{"@type":"BreadcrumbList","@id":"https:\/\/icarojournal.com\/index.php\/2026\/04\/30\/ma-voi-la-ricordate-andrea-nicole-di-uomini-e-donne-che-fine-ha-fatto-dopo-il-programma\/#breadcrumb","itemListElement":[{"@type":"ListItem","position":1,"name":"Home","item":"https:\/\/icarojournal.com\/"},{"@type":"ListItem","position":2,"name":"Ma voi la ricordate Andrea Nicole di Uomini e Donne? Che fine ha fatto dopo il programma"}]},{"@type":"WebSite","@id":"https:\/\/icarojournal.com\/#website","url":"https:\/\/icarojournal.com\/","name":"Icaro Journal","description":"Dalla cucina ai viaggi alle storie di vita","publisher":{"@id":"https:\/\/icarojournal.com\/#organization"},"potentialAction":[{"@type":"SearchAction","target":{"@type":"EntryPoint","urlTemplate":"https:\/\/icarojournal.com\/?s={search_term_string}"},"query-input":{"@type":"PropertyValueSpecification","valueRequired":true,"valueName":"search_term_string"}}],"inLanguage":"it-IT"},{"@type":"Organization","@id":"https:\/\/icarojournal.com\/#organization","name":"Icaro Journal","url":"https:\/\/icarojournal.com\/","logo":{"@type":"ImageObject","inLanguage":"it-IT","@id":"https:\/\/icarojournal.com\/#\/schema\/logo\/image\/","url":"https:\/\/icarojournal.com\/wp-content\/uploads\/2024\/09\/cropped-logo.png","contentUrl":"https:\/\/icarojournal.com\/wp-content\/uploads\/2024\/09\/cropped-logo.png","width":249,"height":112,"caption":"Icaro Journal"},"image":{"@id":"https:\/\/icarojournal.com\/#\/schema\/logo\/image\/"},"sameAs":["https:\/\/www.instagram.com\/icarojournal\/"]},{"@type":"Person","@id":"https:\/\/icarojournal.com\/#\/schema\/person\/50728028a3703bea504b6347d37b5f99","name":"Francesca Guglielmino","image":{"@type":"ImageObject","inLanguage":"it-IT","@id":"https:\/\/secure.gravatar.com\/avatar\/33a9fb184e61458c03502f25a25c41fb4a67a826d476085532fe929fa0faac68?s=96&d=mm&r=g","url":"https:\/\/secure.gravatar.com\/avatar\/33a9fb184e61458c03502f25a25c41fb4a67a826d476085532fe929fa0faac68?s=96&d=mm&r=g","contentUrl":"https:\/\/secure.gravatar.com\/avatar\/33a9fb184e61458c03502f25a25c41fb4a67a826d476085532fe929fa0faac68?s=96&d=mm&r=g","caption":"Francesca Guglielmino"},"sameAs":["http:\/\/@francesca_guglielmino90"],"url":"https:\/\/icarojournal.com\/index.php\/author\/francesca-guglielmino\/"}]}},"_links":{"self":[{"href":"https:\/\/icarojournal.com\/index.php\/wp-json\/wp\/v2\/posts\/8071","targetHints":{"allow":["GET"]}}],"collection":[{"href":"https:\/\/icarojournal.com\/index.php\/wp-json\/wp\/v2\/posts"}],"about":[{"href":"https:\/\/icarojournal.com\/index.php\/wp-json\/wp\/v2\/types\/post"}],"author":[{"embeddable":true,"href":"https:\/\/icarojournal.com\/index.php\/wp-json\/wp\/v2\/users\/2"}],"replies":[{"embeddable":true,"href":"https:\/\/icarojournal.com\/index.php\/wp-json\/wp\/v2\/comments?post=8071"}],"version-history":[{"count":2,"href":"https:\/\/icarojournal.com\/index.php\/wp-json\/wp\/v2\/posts\/8071\/revisions"}],"predecessor-version":[{"id":8078,"href":"https:\/\/icarojournal.com\/index.php\/wp-json\/wp\/v2\/posts\/8071\/revisions\/8078"}],"wp:featuredmedia":[{"embeddable":true,"href":"https:\/\/icarojournal.com\/index.php\/wp-json\/wp\/v2\/media\/8077"}],"wp:attachment":[{"href":"https:\/\/icarojournal.com\/index.php\/wp-json\/wp\/v2\/media?parent=8071"}],"wp:term":[{"taxonomy":"category","embeddable":true,"href":"https:\/\/icarojournal.com\/index.php\/wp-json\/wp\/v2\/categories?post=8071"},{"taxonomy":"post_tag","embeddable":true,"href":"https:\/\/icarojournal.com\/index.php\/wp-json\/wp\/v2\/tags?post=8071"}],"curies":[{"name":"wp","href":"https:\/\/api.w.org\/{rel}","templated":true}]}}