{"id":8091,"date":"2026-05-01T18:11:21","date_gmt":"2026-05-01T16:11:21","guid":{"rendered":"https:\/\/icarojournal.com\/?p=8091"},"modified":"2026-05-01T18:11:21","modified_gmt":"2026-05-01T16:11:21","slug":"argilla-verde-contro-i-brufoli-la-tua-pelle-ringraziera","status":"publish","type":"post","link":"https:\/\/icarojournal.com\/index.php\/2026\/05\/01\/argilla-verde-contro-i-brufoli-la-tua-pelle-ringraziera\/","title":{"rendered":"Argilla verde contro i brufoli, la tua pelle ringrazier\u00e0!"},"content":{"rendered":"<p><strong>I brufoli hanno una natura diversa a seconda del tipo di patologia che colpisce la pelle e, a volte, hanno un\u2019origine ormonale. Per riuscire a dare sollievo alla pelle, comunque sia, possiamo far affidamento anche a vari rimedi naturali, cos\u00ec come nel caso dell\u2019utilizzo dell\u2019argilla verde.<\/strong><\/p>\n<p>La lotta contro i brufoli molto spesso comincia in concomitanza con l\u2019adolescenza, cos\u00ec da determinare quali siano le origini della problematica e trovare anche quali possano essere le cure da intraprendere, facendo in modo che questa svanisca definitivamente o rallenti quanto pi\u00f9 possibile.<\/p>\n<p>Sulla base di tale motivazione, molto spesso sono i dermatologi a consigliare dei rimedi naturali da affiancare alle cure che stiamo seguendo, come nel caso dell\u2019argilla verde, che ha dei benefici davvero incredibili.<\/p>\n<h2>Brufoli in viso, prova subito con la maschera verde<\/h2>\n<p>Nel momento in cui decidiamo di introdurre dei rimedi naturali legati alla pelle, la prima cosa da fare \u00e8 parlarne con il dermatologo, cos\u00ec da capire se effettivamente possano essere adatti a noi e qual \u00e8 il pi\u00f9 indicato. <strong>Molti optano per l\u2019argilla verde<\/strong>, la quale ha un\u2019azione purificante e pu\u00f2 essere utile anche nel caso di pelle grassa.<\/p>\n<figure id=\"attachment_8094\" aria-describedby=\"caption-attachment-8094\" style=\"width: 1200px\" class=\"wp-caption alignnone\"><img loading=\"lazy\" decoding=\"async\" class=\"size-full wp-image-8094\" src=\"https:\/\/icarojournal.com\/wp-content\/uploads\/2026\/05\/Maschera-argilla-verde-contro-i-brufoli-20260401-IcaroJournal.jpg\" alt=\"Maschera argilla verde contro i brufoli - IcaroJournal\" width=\"1200\" height=\"800\" srcset=\"https:\/\/icarojournal.com\/wp-content\/uploads\/2026\/05\/Maschera-argilla-verde-contro-i-brufoli-20260401-IcaroJournal.jpg 1200w, https:\/\/icarojournal.com\/wp-content\/uploads\/2026\/05\/Maschera-argilla-verde-contro-i-brufoli-20260401-IcaroJournal-300x200.jpg 300w, https:\/\/icarojournal.com\/wp-content\/uploads\/2026\/05\/Maschera-argilla-verde-contro-i-brufoli-20260401-IcaroJournal-1024x683.jpg 1024w, https:\/\/icarojournal.com\/wp-content\/uploads\/2026\/05\/Maschera-argilla-verde-contro-i-brufoli-20260401-IcaroJournal-768x512.jpg 768w\" sizes=\"auto, (max-width: 1200px) 100vw, 1200px\" \/><figcaption id=\"caption-attachment-8094\" class=\"wp-caption-text\">Maschera argilla verde contro i brufoli &#8211; IcaroJournal<\/figcaption><\/figure>\n<p>Tutto dipende da come intendiamo usarla. Per ottenere <strong>un\u2019azione<\/strong> <strong>purificante<\/strong>, dobbiamo prendere un cucchiaio di argilla verde che <strong>andremo a sciogliere con dell\u2019acqua minerale per ottenere una pasta cremosa<\/strong>, da applicare sul viso. Lasciamo in posa per un massimo di 10 minuti, finch\u00e9 questa non sar\u00e0 seccata completamente, e risciacquiamo la pelle con acqua tiepida. Non dimenticate mai di mettere un po\u2019 di crema detergente che vada a idratare la pelle del viso.<\/p>\n<h3>L\u2019argilla verde usala cos\u00ec contro i brufoli, un vero toccasana<\/h3>\n<p>Un altro rimedio per prendersi cura della pelle <strong>contro<\/strong> <strong>i<\/strong> <strong>brufoli<\/strong>, nel caso di pelle grassa, utilizzando sempre l\u2019argilla, \u00e8 <strong>un impacco che prevede sempre e comunque l\u2019impiego dell\u2019acqua<\/strong>, ma in questo caso non andremo a creare una pasta cremosa, ma giusto quanto basta ad ammorbidirla per poter coprire il viso aggiungendo anche qualche goccia di limone.<\/p>\n<p><strong>LEGGI ANCHE -&gt;\u00a0<a href=\"https:\/\/icarojournal.com\/index.php\/2026\/04\/28\/proteggi-i-capelli-dal-sole-senza-prodotti-chimici-bastano-poche-gocce-di-questolio-e-cambia-tutto\/\" target=\"_blank\" rel=\"noopener\">Proteggi i capelli dal sole senza prodotti chimici: bastano poche gocce di quest\u2019olio e cambia tutto<\/a><\/strong><\/p>\n<p><strong>LEGGI ANCHE -&gt;\u00a0<a href=\"https:\/\/icarojournal.com\/index.php\/2026\/04\/28\/bastano-solo-4-scarpe-da-abbinare-a-tutto\/\" target=\"_blank\" rel=\"noopener\">Bastano solo 4 scarpe da abbinare a tutto<\/a><\/strong><\/p>\n<figure id=\"attachment_8093\" aria-describedby=\"caption-attachment-8093\" style=\"width: 1200px\" class=\"wp-caption alignnone\"><img loading=\"lazy\" decoding=\"async\" class=\"size-full wp-image-8093\" src=\"https:\/\/icarojournal.com\/wp-content\/uploads\/2026\/05\/Maschera-argilla-verde-contro-i-brufoli-20260401-IcaroJournal-2.jpg\" alt=\"Maschera argilla verde contro i brufoli - IcaroJournal\" width=\"1200\" height=\"800\" srcset=\"https:\/\/icarojournal.com\/wp-content\/uploads\/2026\/05\/Maschera-argilla-verde-contro-i-brufoli-20260401-IcaroJournal-2.jpg 1200w, https:\/\/icarojournal.com\/wp-content\/uploads\/2026\/05\/Maschera-argilla-verde-contro-i-brufoli-20260401-IcaroJournal-2-300x200.jpg 300w, https:\/\/icarojournal.com\/wp-content\/uploads\/2026\/05\/Maschera-argilla-verde-contro-i-brufoli-20260401-IcaroJournal-2-1024x683.jpg 1024w, https:\/\/icarojournal.com\/wp-content\/uploads\/2026\/05\/Maschera-argilla-verde-contro-i-brufoli-20260401-IcaroJournal-2-768x512.jpg 768w\" sizes=\"auto, (max-width: 1200px) 100vw, 1200px\" \/><figcaption id=\"caption-attachment-8093\" class=\"wp-caption-text\">Maschera argilla verde contro i brufoli &#8211; IcaroJournal<\/figcaption><\/figure>\n<p>In questo caso specifico, comunque sia, la maschera andr\u00e0 lasciata in posa per non pi\u00f9 di 30 minuti e vedrete voi stessi che i risultati arriveranno in men che non si dica.<\/p>\n<p><strong>Rimedi naturali che si riveleranno essere davvero un\u2019arma vincente contro i brufoli<\/strong>, prendendosi cura della pelle\u2026 ma in questi casi il consiglio \u00e8 quello di usare con molta moderazione l\u2019argilla verde. Infatti, l\u2019applicazione di questo tipo di maschere non deve mai superare le due volte a settimana.<\/p>\n<p><strong>LEGGI ANCHE -&gt;\u00a0<a href=\"https:\/\/icarojournal.com\/index.php\/2026\/04\/30\/miele-contro-le-occhiaie-il-rimedio-naturale-da-provare-subito-basta-metterlo-in-frigo-per-cambiare-tutto\/\" target=\"_blank\" rel=\"noopener\">Miele contro le occhiaie, il rimedio naturale da provare subito: basta metterlo in frigo per cambiare tutto<\/a><\/strong><\/p>\n<p><strong>LEGGI ANCHE -&gt;\u00a0<a href=\"https:\/\/icarojournal.com\/index.php\/2026\/04\/30\/i-segreti-per-la-valigia-perfetta-il-metodo-scientifico\/\" target=\"_blank\" rel=\"noopener\">I segreti per la valigia perfetta: il metodo scientifico<\/a><\/strong><\/p>\n","protected":false},"excerpt":{"rendered":"<p>I brufoli hanno una natura diversa a seconda del tipo di patologia che colpisce la pelle e, a volte, hanno un\u2019origine ormonale. Per riuscire a dare sollievo alla pelle, comunque sia, possiamo far affidamento anche a vari rimedi naturali, cos\u00ec come nel caso dell\u2019utilizzo dell\u2019argilla verde. La lotta contro i brufoli molto spesso comincia in [&hellip;]<\/p>\n","protected":false},"author":2,"featured_media":8092,"comment_status":"open","ping_status":"open","sticky":false,"template":"","format":"standard","meta":{"iawp_total_views":2,"footnotes":""},"categories":[361],"tags":[373,730,591,758],"class_list":["post-8091","post","type-post","status-publish","format-standard","has-post-thumbnail","hentry","category-lifestyle","tag-rimedi-naturali","tag-rimedi-naturali-contro-lacne","tag-rimedi-naturali-per-la-pelle","tag-rimedio-fai-da-te"],"yoast_head":"<!-- This site is optimized with the Yoast SEO plugin v27.5 - https:\/\/yoast.com\/product\/yoast-seo-wordpress\/ -->\n<title>Argilla verde contro i brufoli, la tua pelle ringrazier\u00e0! - Icaro Journal<\/title>\n<meta name=\"robots\" content=\"index, follow, max-snippet:-1, max-image-preview:large, max-video-preview:-1\" \/>\n<link rel=\"canonical\" href=\"https:\/\/icarojournal.com\/index.php\/2026\/05\/01\/argilla-verde-contro-i-brufoli-la-tua-pelle-ringraziera\/\" \/>\n<meta property=\"og:locale\" content=\"it_IT\" \/>\n<meta property=\"og:type\" content=\"article\" \/>\n<meta property=\"og:title\" content=\"Argilla verde contro i brufoli, la tua pelle ringrazier\u00e0! - Icaro Journal\" \/>\n<meta property=\"og:description\" content=\"I brufoli hanno una natura diversa a seconda del tipo di patologia che colpisce la pelle e, a volte, hanno un\u2019origine ormonale. Per riuscire a dare sollievo alla pelle, comunque sia, possiamo far affidamento anche a vari rimedi naturali, cos\u00ec come nel caso dell\u2019utilizzo dell\u2019argilla verde. La lotta contro i brufoli molto spesso comincia in [&hellip;]\" \/>\n<meta property=\"og:url\" content=\"https:\/\/icarojournal.com\/index.php\/2026\/05\/01\/argilla-verde-contro-i-brufoli-la-tua-pelle-ringraziera\/\" \/>\n<meta property=\"og:site_name\" content=\"Icaro Journal\" \/>\n<meta property=\"article:published_time\" content=\"2026-05-01T16:11:21+00:00\" \/>\n<meta property=\"og:image\" content=\"https:\/\/icarojournal.com\/wp-content\/uploads\/2026\/05\/Maschera-argilla-verde-contro-i-brufoli-20260401-IcaroJournal-1.jpg\" \/>\n\t<meta property=\"og:image:width\" content=\"1200\" \/>\n\t<meta property=\"og:image:height\" content=\"800\" \/>\n\t<meta property=\"og:image:type\" content=\"image\/jpeg\" \/>\n<meta name=\"author\" content=\"Francesca Guglielmino\" \/>\n<meta name=\"twitter:card\" content=\"summary_large_image\" \/>\n<meta name=\"twitter:label1\" content=\"Scritto da\" \/>\n\t<meta name=\"twitter:data1\" content=\"Francesca Guglielmino\" \/>\n\t<meta name=\"twitter:label2\" content=\"Tempo di lettura stimato\" \/>\n\t<meta name=\"twitter:data2\" content=\"4 minuti\" \/>\n<script type=\"application\/ld+json\" class=\"yoast-schema-graph\">{\"@context\":\"https:\\\/\\\/schema.org\",\"@graph\":[{\"@type\":\"Article\",\"@id\":\"https:\\\/\\\/icarojournal.com\\\/index.php\\\/2026\\\/05\\\/01\\\/argilla-verde-contro-i-brufoli-la-tua-pelle-ringraziera\\\/#article\",\"isPartOf\":{\"@id\":\"https:\\\/\\\/icarojournal.com\\\/index.php\\\/2026\\\/05\\\/01\\\/argilla-verde-contro-i-brufoli-la-tua-pelle-ringraziera\\\/\"},\"author\":{\"name\":\"Francesca Guglielmino\",\"@id\":\"https:\\\/\\\/icarojournal.com\\\/#\\\/schema\\\/person\\\/50728028a3703bea504b6347d37b5f99\"},\"headline\":\"Argilla verde contro i brufoli, la tua pelle ringrazier\u00e0!\",\"datePublished\":\"2026-05-01T16:11:21+00:00\",\"mainEntityOfPage\":{\"@id\":\"https:\\\/\\\/icarojournal.com\\\/index.php\\\/2026\\\/05\\\/01\\\/argilla-verde-contro-i-brufoli-la-tua-pelle-ringraziera\\\/\"},\"wordCount\":524,\"commentCount\":0,\"publisher\":{\"@id\":\"https:\\\/\\\/icarojournal.com\\\/#organization\"},\"image\":{\"@id\":\"https:\\\/\\\/icarojournal.com\\\/index.php\\\/2026\\\/05\\\/01\\\/argilla-verde-contro-i-brufoli-la-tua-pelle-ringraziera\\\/#primaryimage\"},\"thumbnailUrl\":\"https:\\\/\\\/icarojournal.com\\\/wp-content\\\/uploads\\\/2026\\\/05\\\/Maschera-argilla-verde-contro-i-brufoli-20260401-IcaroJournal-1.jpg\",\"keywords\":[\"rimedi naturali\",\"rimedi naturali contro l'acne\",\"rimedi naturali per la pelle\",\"rimedio fai-da- te\"],\"articleSection\":[\"Lifestyle\"],\"inLanguage\":\"it-IT\",\"potentialAction\":[{\"@type\":\"CommentAction\",\"name\":\"Comment\",\"target\":[\"https:\\\/\\\/icarojournal.com\\\/index.php\\\/2026\\\/05\\\/01\\\/argilla-verde-contro-i-brufoli-la-tua-pelle-ringraziera\\\/#respond\"]}]},{\"@type\":\"WebPage\",\"@id\":\"https:\\\/\\\/icarojournal.com\\\/index.php\\\/2026\\\/05\\\/01\\\/argilla-verde-contro-i-brufoli-la-tua-pelle-ringraziera\\\/\",\"url\":\"https:\\\/\\\/icarojournal.com\\\/index.php\\\/2026\\\/05\\\/01\\\/argilla-verde-contro-i-brufoli-la-tua-pelle-ringraziera\\\/\",\"name\":\"Argilla verde contro i brufoli, la tua pelle ringrazier\u00e0! - Icaro Journal\",\"isPartOf\":{\"@id\":\"https:\\\/\\\/icarojournal.com\\\/#website\"},\"primaryImageOfPage\":{\"@id\":\"https:\\\/\\\/icarojournal.com\\\/index.php\\\/2026\\\/05\\\/01\\\/argilla-verde-contro-i-brufoli-la-tua-pelle-ringraziera\\\/#primaryimage\"},\"image\":{\"@id\":\"https:\\\/\\\/icarojournal.com\\\/index.php\\\/2026\\\/05\\\/01\\\/argilla-verde-contro-i-brufoli-la-tua-pelle-ringraziera\\\/#primaryimage\"},\"thumbnailUrl\":\"https:\\\/\\\/icarojournal.com\\\/wp-content\\\/uploads\\\/2026\\\/05\\\/Maschera-argilla-verde-contro-i-brufoli-20260401-IcaroJournal-1.jpg\",\"datePublished\":\"2026-05-01T16:11:21+00:00\",\"breadcrumb\":{\"@id\":\"https:\\\/\\\/icarojournal.com\\\/index.php\\\/2026\\\/05\\\/01\\\/argilla-verde-contro-i-brufoli-la-tua-pelle-ringraziera\\\/#breadcrumb\"},\"inLanguage\":\"it-IT\",\"potentialAction\":[{\"@type\":\"ReadAction\",\"target\":[\"https:\\\/\\\/icarojournal.com\\\/index.php\\\/2026\\\/05\\\/01\\\/argilla-verde-contro-i-brufoli-la-tua-pelle-ringraziera\\\/\"]}]},{\"@type\":\"ImageObject\",\"inLanguage\":\"it-IT\",\"@id\":\"https:\\\/\\\/icarojournal.com\\\/index.php\\\/2026\\\/05\\\/01\\\/argilla-verde-contro-i-brufoli-la-tua-pelle-ringraziera\\\/#primaryimage\",\"url\":\"https:\\\/\\\/icarojournal.com\\\/wp-content\\\/uploads\\\/2026\\\/05\\\/Maschera-argilla-verde-contro-i-brufoli-20260401-IcaroJournal-1.jpg\",\"contentUrl\":\"https:\\\/\\\/icarojournal.com\\\/wp-content\\\/uploads\\\/2026\\\/05\\\/Maschera-argilla-verde-contro-i-brufoli-20260401-IcaroJournal-1.jpg\",\"width\":1200,\"height\":800,\"caption\":\"Maschera argilla verde contro i brufoli - IcaroJournal\"},{\"@type\":\"BreadcrumbList\",\"@id\":\"https:\\\/\\\/icarojournal.com\\\/index.php\\\/2026\\\/05\\\/01\\\/argilla-verde-contro-i-brufoli-la-tua-pelle-ringraziera\\\/#breadcrumb\",\"itemListElement\":[{\"@type\":\"ListItem\",\"position\":1,\"name\":\"Home\",\"item\":\"https:\\\/\\\/icarojournal.com\\\/\"},{\"@type\":\"ListItem\",\"position\":2,\"name\":\"Argilla verde contro i brufoli, la tua pelle ringrazier\u00e0!\"}]},{\"@type\":\"WebSite\",\"@id\":\"https:\\\/\\\/icarojournal.com\\\/#website\",\"url\":\"https:\\\/\\\/icarojournal.com\\\/\",\"name\":\"Icaro Journal\",\"description\":\"Dalla cucina ai viaggi alle storie di vita\",\"publisher\":{\"@id\":\"https:\\\/\\\/icarojournal.com\\\/#organization\"},\"potentialAction\":[{\"@type\":\"SearchAction\",\"target\":{\"@type\":\"EntryPoint\",\"urlTemplate\":\"https:\\\/\\\/icarojournal.com\\\/?s={search_term_string}\"},\"query-input\":{\"@type\":\"PropertyValueSpecification\",\"valueRequired\":true,\"valueName\":\"search_term_string\"}}],\"inLanguage\":\"it-IT\"},{\"@type\":\"Organization\",\"@id\":\"https:\\\/\\\/icarojournal.com\\\/#organization\",\"name\":\"Icaro Journal\",\"url\":\"https:\\\/\\\/icarojournal.com\\\/\",\"logo\":{\"@type\":\"ImageObject\",\"inLanguage\":\"it-IT\",\"@id\":\"https:\\\/\\\/icarojournal.com\\\/#\\\/schema\\\/logo\\\/image\\\/\",\"url\":\"https:\\\/\\\/icarojournal.com\\\/wp-content\\\/uploads\\\/2024\\\/09\\\/cropped-logo.png\",\"contentUrl\":\"https:\\\/\\\/icarojournal.com\\\/wp-content\\\/uploads\\\/2024\\\/09\\\/cropped-logo.png\",\"width\":249,\"height\":112,\"caption\":\"Icaro Journal\"},\"image\":{\"@id\":\"https:\\\/\\\/icarojournal.com\\\/#\\\/schema\\\/logo\\\/image\\\/\"},\"sameAs\":[\"https:\\\/\\\/www.instagram.com\\\/icarojournal\\\/\"]},{\"@type\":\"Person\",\"@id\":\"https:\\\/\\\/icarojournal.com\\\/#\\\/schema\\\/person\\\/50728028a3703bea504b6347d37b5f99\",\"name\":\"Francesca Guglielmino\",\"image\":{\"@type\":\"ImageObject\",\"inLanguage\":\"it-IT\",\"@id\":\"https:\\\/\\\/secure.gravatar.com\\\/avatar\\\/33a9fb184e61458c03502f25a25c41fb4a67a826d476085532fe929fa0faac68?s=96&d=mm&r=g\",\"url\":\"https:\\\/\\\/secure.gravatar.com\\\/avatar\\\/33a9fb184e61458c03502f25a25c41fb4a67a826d476085532fe929fa0faac68?s=96&d=mm&r=g\",\"contentUrl\":\"https:\\\/\\\/secure.gravatar.com\\\/avatar\\\/33a9fb184e61458c03502f25a25c41fb4a67a826d476085532fe929fa0faac68?s=96&d=mm&r=g\",\"caption\":\"Francesca Guglielmino\"},\"sameAs\":[\"http:\\\/\\\/@francesca_guglielmino90\"],\"url\":\"https:\\\/\\\/icarojournal.com\\\/index.php\\\/author\\\/francesca-guglielmino\\\/\"}]}<\/script>\n<!-- \/ Yoast SEO plugin. -->","yoast_head_json":{"title":"Argilla verde contro i brufoli, la tua pelle ringrazier\u00e0! - Icaro Journal","robots":{"index":"index","follow":"follow","max-snippet":"max-snippet:-1","max-image-preview":"max-image-preview:large","max-video-preview":"max-video-preview:-1"},"canonical":"https:\/\/icarojournal.com\/index.php\/2026\/05\/01\/argilla-verde-contro-i-brufoli-la-tua-pelle-ringraziera\/","og_locale":"it_IT","og_type":"article","og_title":"Argilla verde contro i brufoli, la tua pelle ringrazier\u00e0! - Icaro Journal","og_description":"I brufoli hanno una natura diversa a seconda del tipo di patologia che colpisce la pelle e, a volte, hanno un\u2019origine ormonale. Per riuscire a dare sollievo alla pelle, comunque sia, possiamo far affidamento anche a vari rimedi naturali, cos\u00ec come nel caso dell\u2019utilizzo dell\u2019argilla verde. La lotta contro i brufoli molto spesso comincia in [&hellip;]","og_url":"https:\/\/icarojournal.com\/index.php\/2026\/05\/01\/argilla-verde-contro-i-brufoli-la-tua-pelle-ringraziera\/","og_site_name":"Icaro Journal","article_published_time":"2026-05-01T16:11:21+00:00","og_image":[{"width":1200,"height":800,"url":"https:\/\/icarojournal.com\/wp-content\/uploads\/2026\/05\/Maschera-argilla-verde-contro-i-brufoli-20260401-IcaroJournal-1.jpg","type":"image\/jpeg"}],"author":"Francesca Guglielmino","twitter_card":"summary_large_image","twitter_misc":{"Scritto da":"Francesca Guglielmino","Tempo di lettura stimato":"4 minuti"},"schema":{"@context":"https:\/\/schema.org","@graph":[{"@type":"Article","@id":"https:\/\/icarojournal.com\/index.php\/2026\/05\/01\/argilla-verde-contro-i-brufoli-la-tua-pelle-ringraziera\/#article","isPartOf":{"@id":"https:\/\/icarojournal.com\/index.php\/2026\/05\/01\/argilla-verde-contro-i-brufoli-la-tua-pelle-ringraziera\/"},"author":{"name":"Francesca Guglielmino","@id":"https:\/\/icarojournal.com\/#\/schema\/person\/50728028a3703bea504b6347d37b5f99"},"headline":"Argilla verde contro i brufoli, la tua pelle ringrazier\u00e0!","datePublished":"2026-05-01T16:11:21+00:00","mainEntityOfPage":{"@id":"https:\/\/icarojournal.com\/index.php\/2026\/05\/01\/argilla-verde-contro-i-brufoli-la-tua-pelle-ringraziera\/"},"wordCount":524,"commentCount":0,"publisher":{"@id":"https:\/\/icarojournal.com\/#organization"},"image":{"@id":"https:\/\/icarojournal.com\/index.php\/2026\/05\/01\/argilla-verde-contro-i-brufoli-la-tua-pelle-ringraziera\/#primaryimage"},"thumbnailUrl":"https:\/\/icarojournal.com\/wp-content\/uploads\/2026\/05\/Maschera-argilla-verde-contro-i-brufoli-20260401-IcaroJournal-1.jpg","keywords":["rimedi naturali","rimedi naturali contro l'acne","rimedi naturali per la pelle","rimedio fai-da- te"],"articleSection":["Lifestyle"],"inLanguage":"it-IT","potentialAction":[{"@type":"CommentAction","name":"Comment","target":["https:\/\/icarojournal.com\/index.php\/2026\/05\/01\/argilla-verde-contro-i-brufoli-la-tua-pelle-ringraziera\/#respond"]}]},{"@type":"WebPage","@id":"https:\/\/icarojournal.com\/index.php\/2026\/05\/01\/argilla-verde-contro-i-brufoli-la-tua-pelle-ringraziera\/","url":"https:\/\/icarojournal.com\/index.php\/2026\/05\/01\/argilla-verde-contro-i-brufoli-la-tua-pelle-ringraziera\/","name":"Argilla verde contro i brufoli, la tua pelle ringrazier\u00e0! - Icaro Journal","isPartOf":{"@id":"https:\/\/icarojournal.com\/#website"},"primaryImageOfPage":{"@id":"https:\/\/icarojournal.com\/index.php\/2026\/05\/01\/argilla-verde-contro-i-brufoli-la-tua-pelle-ringraziera\/#primaryimage"},"image":{"@id":"https:\/\/icarojournal.com\/index.php\/2026\/05\/01\/argilla-verde-contro-i-brufoli-la-tua-pelle-ringraziera\/#primaryimage"},"thumbnailUrl":"https:\/\/icarojournal.com\/wp-content\/uploads\/2026\/05\/Maschera-argilla-verde-contro-i-brufoli-20260401-IcaroJournal-1.jpg","datePublished":"2026-05-01T16:11:21+00:00","breadcrumb":{"@id":"https:\/\/icarojournal.com\/index.php\/2026\/05\/01\/argilla-verde-contro-i-brufoli-la-tua-pelle-ringraziera\/#breadcrumb"},"inLanguage":"it-IT","potentialAction":[{"@type":"ReadAction","target":["https:\/\/icarojournal.com\/index.php\/2026\/05\/01\/argilla-verde-contro-i-brufoli-la-tua-pelle-ringraziera\/"]}]},{"@type":"ImageObject","inLanguage":"it-IT","@id":"https:\/\/icarojournal.com\/index.php\/2026\/05\/01\/argilla-verde-contro-i-brufoli-la-tua-pelle-ringraziera\/#primaryimage","url":"https:\/\/icarojournal.com\/wp-content\/uploads\/2026\/05\/Maschera-argilla-verde-contro-i-brufoli-20260401-IcaroJournal-1.jpg","contentUrl":"https:\/\/icarojournal.com\/wp-content\/uploads\/2026\/05\/Maschera-argilla-verde-contro-i-brufoli-20260401-IcaroJournal-1.jpg","width":1200,"height":800,"caption":"Maschera argilla verde contro i brufoli - IcaroJournal"},{"@type":"BreadcrumbList","@id":"https:\/\/icarojournal.com\/index.php\/2026\/05\/01\/argilla-verde-contro-i-brufoli-la-tua-pelle-ringraziera\/#breadcrumb","itemListElement":[{"@type":"ListItem","position":1,"name":"Home","item":"https:\/\/icarojournal.com\/"},{"@type":"ListItem","position":2,"name":"Argilla verde contro i brufoli, la tua pelle ringrazier\u00e0!"}]},{"@type":"WebSite","@id":"https:\/\/icarojournal.com\/#website","url":"https:\/\/icarojournal.com\/","name":"Icaro Journal","description":"Dalla cucina ai viaggi alle storie di vita","publisher":{"@id":"https:\/\/icarojournal.com\/#organization"},"potentialAction":[{"@type":"SearchAction","target":{"@type":"EntryPoint","urlTemplate":"https:\/\/icarojournal.com\/?s={search_term_string}"},"query-input":{"@type":"PropertyValueSpecification","valueRequired":true,"valueName":"search_term_string"}}],"inLanguage":"it-IT"},{"@type":"Organization","@id":"https:\/\/icarojournal.com\/#organization","name":"Icaro Journal","url":"https:\/\/icarojournal.com\/","logo":{"@type":"ImageObject","inLanguage":"it-IT","@id":"https:\/\/icarojournal.com\/#\/schema\/logo\/image\/","url":"https:\/\/icarojournal.com\/wp-content\/uploads\/2024\/09\/cropped-logo.png","contentUrl":"https:\/\/icarojournal.com\/wp-content\/uploads\/2024\/09\/cropped-logo.png","width":249,"height":112,"caption":"Icaro Journal"},"image":{"@id":"https:\/\/icarojournal.com\/#\/schema\/logo\/image\/"},"sameAs":["https:\/\/www.instagram.com\/icarojournal\/"]},{"@type":"Person","@id":"https:\/\/icarojournal.com\/#\/schema\/person\/50728028a3703bea504b6347d37b5f99","name":"Francesca Guglielmino","image":{"@type":"ImageObject","inLanguage":"it-IT","@id":"https:\/\/secure.gravatar.com\/avatar\/33a9fb184e61458c03502f25a25c41fb4a67a826d476085532fe929fa0faac68?s=96&d=mm&r=g","url":"https:\/\/secure.gravatar.com\/avatar\/33a9fb184e61458c03502f25a25c41fb4a67a826d476085532fe929fa0faac68?s=96&d=mm&r=g","contentUrl":"https:\/\/secure.gravatar.com\/avatar\/33a9fb184e61458c03502f25a25c41fb4a67a826d476085532fe929fa0faac68?s=96&d=mm&r=g","caption":"Francesca Guglielmino"},"sameAs":["http:\/\/@francesca_guglielmino90"],"url":"https:\/\/icarojournal.com\/index.php\/author\/francesca-guglielmino\/"}]}},"_links":{"self":[{"href":"https:\/\/icarojournal.com\/index.php\/wp-json\/wp\/v2\/posts\/8091","targetHints":{"allow":["GET"]}}],"collection":[{"href":"https:\/\/icarojournal.com\/index.php\/wp-json\/wp\/v2\/posts"}],"about":[{"href":"https:\/\/icarojournal.com\/index.php\/wp-json\/wp\/v2\/types\/post"}],"author":[{"embeddable":true,"href":"https:\/\/icarojournal.com\/index.php\/wp-json\/wp\/v2\/users\/2"}],"replies":[{"embeddable":true,"href":"https:\/\/icarojournal.com\/index.php\/wp-json\/wp\/v2\/comments?post=8091"}],"version-history":[{"count":1,"href":"https:\/\/icarojournal.com\/index.php\/wp-json\/wp\/v2\/posts\/8091\/revisions"}],"predecessor-version":[{"id":8095,"href":"https:\/\/icarojournal.com\/index.php\/wp-json\/wp\/v2\/posts\/8091\/revisions\/8095"}],"wp:featuredmedia":[{"embeddable":true,"href":"https:\/\/icarojournal.com\/index.php\/wp-json\/wp\/v2\/media\/8092"}],"wp:attachment":[{"href":"https:\/\/icarojournal.com\/index.php\/wp-json\/wp\/v2\/media?parent=8091"}],"wp:term":[{"taxonomy":"category","embeddable":true,"href":"https:\/\/icarojournal.com\/index.php\/wp-json\/wp\/v2\/categories?post=8091"},{"taxonomy":"post_tag","embeddable":true,"href":"https:\/\/icarojournal.com\/index.php\/wp-json\/wp\/v2\/tags?post=8091"}],"curies":[{"name":"wp","href":"https:\/\/api.w.org\/{rel}","templated":true}]}}