{"id":8106,"date":"2026-05-01T20:44:27","date_gmt":"2026-05-01T18:44:27","guid":{"rendered":"https:\/\/icarojournal.com\/?p=8106"},"modified":"2026-05-01T20:45:04","modified_gmt":"2026-05-01T18:45:04","slug":"erice-in-2-giorni-il-borgo-che-sta-tra-il-cielo-e-il-mare","status":"publish","type":"post","link":"https:\/\/icarojournal.com\/index.php\/2026\/05\/01\/erice-in-2-giorni-il-borgo-che-sta-tra-il-cielo-e-il-mare\/","title":{"rendered":"Erice in 2 giorni: il borgo che sta tra il cielo e il mare"},"content":{"rendered":"<p><strong>La funicolare parte da Trapani e comincia a salire. Sotto di te, la pianura si allontana, le saline diventano quadrati di specchi d\u2019acqua, e il mare si perde all\u2019orizzonte. Poi, dopo l\u2019ultimo strappo, il borgo ti appare: un ammasso di pietra grigia arroccato sulla cima, con le case strette l\u2019una all\u2019altra e le stradine che sembrano budelli.<\/strong><\/p>\n<p>Scendi, e il vento ti accoglie. \u00c8 un vento che viene da lontano, dal mare, e che porta con s\u00e9 il profumo di sale e di erbe selvatiche. Sei a Erice,<strong> a 750 metri sopra il mondo<\/strong>, e il tempo qui ha un\u2019altra velocit\u00e0.<\/p>\n<p>Non hai mappa, non ti serve. Le stradine sono tutte uguali: lastricato di pietra, archi a sesto acuto, portali medievali con lo stemma consumato dal tempo. Cammini e i passi rimbalzano sui muri alti. I vicoli si aprono in piazzette dove una fontana zampilla e quattro vecchi giocano a carte. Non c\u2019\u00e8 nessuno, o quasi. Un gatto nero ti guarda da una soglia, poi scompare.<\/p>\n<p>A un certo punto, il muro si rompe e il panorama ti schiaffeggia. Il <strong>golfo di Trapani<\/strong> \u00e8 l\u00ec, sotto di te, con le <strong>isole Egadi<\/strong> che galleggiano sul mare come tartarughe. La pianura, le saline, e in lontananza San Vito Lo Capo. Il cielo \u00e8 cos\u00ec limpido che sembra di poter toccare l\u2019orizzonte con la mano. Ti siedi su un muretto e non parli. Il vento ti muove i capelli, e per un attimo non pensi a nulla.<\/p>\n<h2>La chiesa e il castello del re a Erice<\/h2>\n<p>Ti incammini verso la cima. Il <strong>Duomo dell\u2019Assunta<\/strong> \u00e8 l\u00ec, con il suo campanile gotico che svetta sopra i tetti. La facciata \u00e8 un ricamo di pietra, con rosoni e archetti intrecciati. Entri e il silenzio \u00e8 spesso, rotto solo dal rumore dei tuoi passi sul marmo. Le navate sono bianche, pulite, e la luce filtra dalle vetrate colorate. Non c\u2019\u00e8 folla. Puoi restare in pace, seduto su una panca, a guardare il soffitto a capriate.<\/p>\n<p>Poi sali verso il <strong>Castello di Venere<\/strong>. \u00c8 un rudere, ma le mura sono ancora in piedi, e le torri dominano la valle. Sali sui bastioni, e il vento \u00e8 pi\u00f9 forte. Il mare si stende tutto intorno, e sotto di te il borgo sembra un presepe. I tetti grigi, i campanili, i giardini segreti. Le leggende dicono che qui Venere accendeva il fuoco dell\u2019amore. Tu non sei Venere, ma un fuoco lo senti lo stesso. Quello di non volerti muovere.<\/p>\n<figure id=\"attachment_8107\" aria-describedby=\"caption-attachment-8107\" style=\"width: 1200px\" class=\"wp-caption alignnone\"><img loading=\"lazy\" decoding=\"async\" class=\"size-full wp-image-8107\" src=\"https:\/\/icarojournal.com\/wp-content\/uploads\/2026\/05\/Vacanza-a-Erice-20260401-IcaroJournal-2.jpg\" alt=\"Vacanza a Erice - IcaroJournal\" width=\"1200\" height=\"800\" srcset=\"https:\/\/icarojournal.com\/wp-content\/uploads\/2026\/05\/Vacanza-a-Erice-20260401-IcaroJournal-2.jpg 1200w, https:\/\/icarojournal.com\/wp-content\/uploads\/2026\/05\/Vacanza-a-Erice-20260401-IcaroJournal-2-300x200.jpg 300w, https:\/\/icarojournal.com\/wp-content\/uploads\/2026\/05\/Vacanza-a-Erice-20260401-IcaroJournal-2-1024x683.jpg 1024w, https:\/\/icarojournal.com\/wp-content\/uploads\/2026\/05\/Vacanza-a-Erice-20260401-IcaroJournal-2-768x512.jpg 768w\" sizes=\"auto, (max-width: 1200px) 100vw, 1200px\" \/><figcaption id=\"caption-attachment-8107\" class=\"wp-caption-text\">Vacanza a Erice &#8211; IcaroJournal<\/figcaption><\/figure>\n<h2>I dolci di mandorla e il primo assaggio che non si dimentica<\/h2>\n<p>Scendi verso la via principale. Qui le <strong>botteghe vendono le cose pi\u00f9 buone che tu abbia mai assaggiato<\/strong>: i <strong>dolci di mandorla<\/strong>. I genovesi, piccoli e morbidi, coperti di zucchero a velo. Le paste di mandorla a forma di frutta, colorate a mano. I <strong>biscotti<\/strong> <strong>al<\/strong> <strong>vino<\/strong>, secchi e profumati. Entri in una pasticceria, ne compri un pugno, e li mangi camminando. Il primo boccone \u00e8 una nuvola di mandorla che si scioglie in bocca. Il secondo \u00e8 pi\u00f9 intenso. Alla fine, le dita sono unte di zucchero, e il sorriso \u00e8 largo.<\/p>\n<p><strong>LEGGI ANCHE -&gt;\u00a0<a href=\"https:\/\/icarojournal.com\/index.php\/2026\/04\/29\/attenzione-perche-la-scelta-della-borsa-corretta-e-quella-che-ti-salva-la-vacanza\/\" target=\"_blank\" rel=\"noopener\">Attenzione, perch\u00e9 la scelta della borsa corretta \u00e8 quella che ti salva la vacanza<\/a><\/strong><\/p>\n<p><strong>LEGGI ANCHE -&gt;\u00a0<a href=\"https:\/\/icarojournal.com\/index.php\/2026\/04\/29\/agrigento-in-primavera-alla-riscoperta-dei-templi-e-della-casa-di-pirandello\/\" target=\"_blank\" rel=\"noopener\">Agrigento in primavera alla riscoperta dei Templi e della Casa di Pirandello<\/a><\/strong><\/p>\n<h3>La sera, il silenzio e le stelle<\/h3>\n<p>La sera, dopo che gli ultimi turisti se ne sono andati con la funicolare, <strong>Erice<\/strong> si addormenta. Le strade diventano ombre, i ristoranti accendono le candele, e la luna illumina il selciato. Ceni in una trattoria con il camino acceso. Ordini un piatto di pasta con le sarde, un bicchiere di vino locale, e ascolti il silenzio. Fuori, nessuno passa. Solo il vento, e qualche passo lontano. Sembra di essere finiti in un&#8217;altra epoca. Poi esci e alzi gli occhi. <strong>Il cielo \u00e8 cos\u00ec pieno di stelle che non sai dove guardare<\/strong>. La <strong>Via Lattea<\/strong> \u00e8 una striscia di luce, e le costellazioni che non vedi mai in citt\u00e0, qui sono tutte. Resti l\u00ec, a bocca aperta, finch\u00e9 il collo non ti duole.<\/p>\n<figure id=\"attachment_8108\" aria-describedby=\"caption-attachment-8108\" style=\"width: 1200px\" class=\"wp-caption alignnone\"><img loading=\"lazy\" decoding=\"async\" class=\"size-full wp-image-8108\" src=\"https:\/\/icarojournal.com\/wp-content\/uploads\/2026\/05\/Vacanza-a-Erice-20260401-IcaroJournal-3.jpg\" alt=\"Vacanza a Erice - IcaroJournal\" width=\"1200\" height=\"800\" srcset=\"https:\/\/icarojournal.com\/wp-content\/uploads\/2026\/05\/Vacanza-a-Erice-20260401-IcaroJournal-3.jpg 1200w, https:\/\/icarojournal.com\/wp-content\/uploads\/2026\/05\/Vacanza-a-Erice-20260401-IcaroJournal-3-300x200.jpg 300w, https:\/\/icarojournal.com\/wp-content\/uploads\/2026\/05\/Vacanza-a-Erice-20260401-IcaroJournal-3-1024x683.jpg 1024w, https:\/\/icarojournal.com\/wp-content\/uploads\/2026\/05\/Vacanza-a-Erice-20260401-IcaroJournal-3-768x512.jpg 768w\" sizes=\"auto, (max-width: 1200px) 100vw, 1200px\" \/><figcaption id=\"caption-attachment-8108\" class=\"wp-caption-text\">Vacanza a Erice &#8211; IcaroJournal<\/figcaption><\/figure>\n<p>La domenica mattina, prima di andare via,<strong> torni sui bastioni del castello<\/strong>. La luce \u00e8 diversa: \u00e8 pi\u00f9 tenera, pi\u00f9 rosata. Il <strong>mare<\/strong> \u00e8 calmo, e le <strong>Egadi<\/strong> sembrano pi\u00f9 vicine. Il sole scalda la pietra, e il vento si \u00e8 addormentato. Ti siedi sull\u2019ultimo muretto, quello che guarda il vuoto, e pensi che due giorni sono pochi, ma sono stati perfetti.<\/p>\n<p><strong>LEGGI ANCHE -&gt;\u00a0<a href=\"https:\/\/icarojournal.com\/index.php\/2026\/04\/30\/salento-il-tacco-ditalia-che-non-vuole-smettere-di-ballare\/\" target=\"_blank\" rel=\"noopener\">Salento: il tacco d\u2019Italia che non vuole smettere di ballare<\/a><\/strong><\/p>\n<p><strong>LEGGI ANCHE -&gt;\u00a0<a href=\"https:\/\/icarojournal.com\/index.php\/2026\/05\/01\/quali-giacche-portare-con-se-per-completare-perfettamente-gli-outfit-della-vacanza\/\" target=\"_blank\" rel=\"noopener\">Quali giacche portare con se per completare perfettamente gli outfit della vacanza<\/a><\/strong><\/p>\n","protected":false},"excerpt":{"rendered":"<p>La funicolare parte da Trapani e comincia a salire. Sotto di te, la pianura si allontana, le saline diventano quadrati di specchi d\u2019acqua, e il mare si perde all\u2019orizzonte. Poi, dopo l\u2019ultimo strappo, il borgo ti appare: un ammasso di pietra grigia arroccato sulla cima, con le case strette l\u2019una all\u2019altra e le stradine che [&hellip;]<\/p>\n","protected":false},"author":4,"featured_media":8109,"comment_status":"open","ping_status":"open","sticky":false,"template":"","format":"standard","meta":{"iawp_total_views":0,"footnotes":""},"categories":[85],"tags":[987,621],"class_list":["post-8106","post","type-post","status-publish","format-standard","has-post-thumbnail","hentry","category-viaggi","tag-vacanza-ad-erice","tag-viaggi-in-sicilia"],"yoast_head":"<!-- This site is optimized with the Yoast SEO plugin v27.5 - https:\/\/yoast.com\/product\/yoast-seo-wordpress\/ -->\n<title>Erice in 2 giorni: il borgo che sta tra il cielo e il mare - Icaro Journal<\/title>\n<meta name=\"robots\" content=\"index, follow, max-snippet:-1, max-image-preview:large, max-video-preview:-1\" \/>\n<link rel=\"canonical\" href=\"https:\/\/icarojournal.com\/index.php\/2026\/05\/01\/erice-in-2-giorni-il-borgo-che-sta-tra-il-cielo-e-il-mare\/\" \/>\n<meta property=\"og:locale\" content=\"it_IT\" \/>\n<meta property=\"og:type\" content=\"article\" \/>\n<meta property=\"og:title\" content=\"Erice in 2 giorni: il borgo che sta tra il cielo e il mare - Icaro Journal\" \/>\n<meta property=\"og:description\" content=\"La funicolare parte da Trapani e comincia a salire. Sotto di te, la pianura si allontana, le saline diventano quadrati di specchi d\u2019acqua, e il mare si perde all\u2019orizzonte. Poi, dopo l\u2019ultimo strappo, il borgo ti appare: un ammasso di pietra grigia arroccato sulla cima, con le case strette l\u2019una all\u2019altra e le stradine che [&hellip;]\" \/>\n<meta property=\"og:url\" content=\"https:\/\/icarojournal.com\/index.php\/2026\/05\/01\/erice-in-2-giorni-il-borgo-che-sta-tra-il-cielo-e-il-mare\/\" \/>\n<meta property=\"og:site_name\" content=\"Icaro Journal\" \/>\n<meta property=\"article:published_time\" content=\"2026-05-01T18:44:27+00:00\" \/>\n<meta property=\"article:modified_time\" content=\"2026-05-01T18:45:04+00:00\" \/>\n<meta property=\"og:image\" content=\"https:\/\/icarojournal.com\/wp-content\/uploads\/2026\/05\/Vacanza-a-Erice-20260401-IcaroJournal.jpg\" \/>\n\t<meta property=\"og:image:width\" content=\"1200\" \/>\n\t<meta property=\"og:image:height\" content=\"800\" \/>\n\t<meta property=\"og:image:type\" content=\"image\/jpeg\" \/>\n<meta name=\"author\" content=\"Andrea Piazza\" \/>\n<meta name=\"twitter:card\" content=\"summary_large_image\" \/>\n<meta name=\"twitter:label1\" content=\"Scritto da\" \/>\n\t<meta name=\"twitter:data1\" content=\"Andrea Piazza\" \/>\n\t<meta name=\"twitter:label2\" content=\"Tempo di lettura stimato\" \/>\n\t<meta name=\"twitter:data2\" content=\"5 minuti\" \/>\n<script type=\"application\/ld+json\" class=\"yoast-schema-graph\">{\"@context\":\"https:\\\/\\\/schema.org\",\"@graph\":[{\"@type\":\"Article\",\"@id\":\"https:\\\/\\\/icarojournal.com\\\/index.php\\\/2026\\\/05\\\/01\\\/erice-in-2-giorni-il-borgo-che-sta-tra-il-cielo-e-il-mare\\\/#article\",\"isPartOf\":{\"@id\":\"https:\\\/\\\/icarojournal.com\\\/index.php\\\/2026\\\/05\\\/01\\\/erice-in-2-giorni-il-borgo-che-sta-tra-il-cielo-e-il-mare\\\/\"},\"author\":{\"name\":\"Andrea Piazza\",\"@id\":\"https:\\\/\\\/icarojournal.com\\\/#\\\/schema\\\/person\\\/bd374958d33521ed6274c435d77c3805\"},\"headline\":\"Erice in 2 giorni: il borgo che sta tra il cielo e il mare\",\"datePublished\":\"2026-05-01T18:44:27+00:00\",\"dateModified\":\"2026-05-01T18:45:04+00:00\",\"mainEntityOfPage\":{\"@id\":\"https:\\\/\\\/icarojournal.com\\\/index.php\\\/2026\\\/05\\\/01\\\/erice-in-2-giorni-il-borgo-che-sta-tra-il-cielo-e-il-mare\\\/\"},\"wordCount\":802,\"commentCount\":0,\"publisher\":{\"@id\":\"https:\\\/\\\/icarojournal.com\\\/#organization\"},\"image\":{\"@id\":\"https:\\\/\\\/icarojournal.com\\\/index.php\\\/2026\\\/05\\\/01\\\/erice-in-2-giorni-il-borgo-che-sta-tra-il-cielo-e-il-mare\\\/#primaryimage\"},\"thumbnailUrl\":\"https:\\\/\\\/icarojournal.com\\\/wp-content\\\/uploads\\\/2026\\\/05\\\/Vacanza-a-Erice-20260401-IcaroJournal.jpg\",\"keywords\":[\"Vacanza ad Erice\",\"Viaggi in Sicilia\"],\"articleSection\":[\"Viaggi\"],\"inLanguage\":\"it-IT\",\"potentialAction\":[{\"@type\":\"CommentAction\",\"name\":\"Comment\",\"target\":[\"https:\\\/\\\/icarojournal.com\\\/index.php\\\/2026\\\/05\\\/01\\\/erice-in-2-giorni-il-borgo-che-sta-tra-il-cielo-e-il-mare\\\/#respond\"]}]},{\"@type\":\"WebPage\",\"@id\":\"https:\\\/\\\/icarojournal.com\\\/index.php\\\/2026\\\/05\\\/01\\\/erice-in-2-giorni-il-borgo-che-sta-tra-il-cielo-e-il-mare\\\/\",\"url\":\"https:\\\/\\\/icarojournal.com\\\/index.php\\\/2026\\\/05\\\/01\\\/erice-in-2-giorni-il-borgo-che-sta-tra-il-cielo-e-il-mare\\\/\",\"name\":\"Erice in 2 giorni: il borgo che sta tra il cielo e il mare - Icaro Journal\",\"isPartOf\":{\"@id\":\"https:\\\/\\\/icarojournal.com\\\/#website\"},\"primaryImageOfPage\":{\"@id\":\"https:\\\/\\\/icarojournal.com\\\/index.php\\\/2026\\\/05\\\/01\\\/erice-in-2-giorni-il-borgo-che-sta-tra-il-cielo-e-il-mare\\\/#primaryimage\"},\"image\":{\"@id\":\"https:\\\/\\\/icarojournal.com\\\/index.php\\\/2026\\\/05\\\/01\\\/erice-in-2-giorni-il-borgo-che-sta-tra-il-cielo-e-il-mare\\\/#primaryimage\"},\"thumbnailUrl\":\"https:\\\/\\\/icarojournal.com\\\/wp-content\\\/uploads\\\/2026\\\/05\\\/Vacanza-a-Erice-20260401-IcaroJournal.jpg\",\"datePublished\":\"2026-05-01T18:44:27+00:00\",\"dateModified\":\"2026-05-01T18:45:04+00:00\",\"breadcrumb\":{\"@id\":\"https:\\\/\\\/icarojournal.com\\\/index.php\\\/2026\\\/05\\\/01\\\/erice-in-2-giorni-il-borgo-che-sta-tra-il-cielo-e-il-mare\\\/#breadcrumb\"},\"inLanguage\":\"it-IT\",\"potentialAction\":[{\"@type\":\"ReadAction\",\"target\":[\"https:\\\/\\\/icarojournal.com\\\/index.php\\\/2026\\\/05\\\/01\\\/erice-in-2-giorni-il-borgo-che-sta-tra-il-cielo-e-il-mare\\\/\"]}]},{\"@type\":\"ImageObject\",\"inLanguage\":\"it-IT\",\"@id\":\"https:\\\/\\\/icarojournal.com\\\/index.php\\\/2026\\\/05\\\/01\\\/erice-in-2-giorni-il-borgo-che-sta-tra-il-cielo-e-il-mare\\\/#primaryimage\",\"url\":\"https:\\\/\\\/icarojournal.com\\\/wp-content\\\/uploads\\\/2026\\\/05\\\/Vacanza-a-Erice-20260401-IcaroJournal.jpg\",\"contentUrl\":\"https:\\\/\\\/icarojournal.com\\\/wp-content\\\/uploads\\\/2026\\\/05\\\/Vacanza-a-Erice-20260401-IcaroJournal.jpg\",\"width\":1200,\"height\":800,\"caption\":\"Vacanza a Erice - IcaroJournal\"},{\"@type\":\"BreadcrumbList\",\"@id\":\"https:\\\/\\\/icarojournal.com\\\/index.php\\\/2026\\\/05\\\/01\\\/erice-in-2-giorni-il-borgo-che-sta-tra-il-cielo-e-il-mare\\\/#breadcrumb\",\"itemListElement\":[{\"@type\":\"ListItem\",\"position\":1,\"name\":\"Home\",\"item\":\"https:\\\/\\\/icarojournal.com\\\/\"},{\"@type\":\"ListItem\",\"position\":2,\"name\":\"Erice in 2 giorni: il borgo che sta tra il cielo e il mare\"}]},{\"@type\":\"WebSite\",\"@id\":\"https:\\\/\\\/icarojournal.com\\\/#website\",\"url\":\"https:\\\/\\\/icarojournal.com\\\/\",\"name\":\"Icaro Journal\",\"description\":\"Dalla cucina ai viaggi alle storie di vita\",\"publisher\":{\"@id\":\"https:\\\/\\\/icarojournal.com\\\/#organization\"},\"potentialAction\":[{\"@type\":\"SearchAction\",\"target\":{\"@type\":\"EntryPoint\",\"urlTemplate\":\"https:\\\/\\\/icarojournal.com\\\/?s={search_term_string}\"},\"query-input\":{\"@type\":\"PropertyValueSpecification\",\"valueRequired\":true,\"valueName\":\"search_term_string\"}}],\"inLanguage\":\"it-IT\"},{\"@type\":\"Organization\",\"@id\":\"https:\\\/\\\/icarojournal.com\\\/#organization\",\"name\":\"Icaro Journal\",\"url\":\"https:\\\/\\\/icarojournal.com\\\/\",\"logo\":{\"@type\":\"ImageObject\",\"inLanguage\":\"it-IT\",\"@id\":\"https:\\\/\\\/icarojournal.com\\\/#\\\/schema\\\/logo\\\/image\\\/\",\"url\":\"https:\\\/\\\/icarojournal.com\\\/wp-content\\\/uploads\\\/2024\\\/09\\\/cropped-logo.png\",\"contentUrl\":\"https:\\\/\\\/icarojournal.com\\\/wp-content\\\/uploads\\\/2024\\\/09\\\/cropped-logo.png\",\"width\":249,\"height\":112,\"caption\":\"Icaro Journal\"},\"image\":{\"@id\":\"https:\\\/\\\/icarojournal.com\\\/#\\\/schema\\\/logo\\\/image\\\/\"},\"sameAs\":[\"https:\\\/\\\/www.instagram.com\\\/icarojournal\\\/\"]},{\"@type\":\"Person\",\"@id\":\"https:\\\/\\\/icarojournal.com\\\/#\\\/schema\\\/person\\\/bd374958d33521ed6274c435d77c3805\",\"name\":\"Andrea Piazza\",\"image\":{\"@type\":\"ImageObject\",\"inLanguage\":\"it-IT\",\"@id\":\"https:\\\/\\\/icarojournal.com\\\/wp-content\\\/uploads\\\/2026\\\/03\\\/Screenshot-2026-03-09-alle-16.33.43-100x100.png\",\"url\":\"https:\\\/\\\/icarojournal.com\\\/wp-content\\\/uploads\\\/2026\\\/03\\\/Screenshot-2026-03-09-alle-16.33.43-100x100.png\",\"contentUrl\":\"https:\\\/\\\/icarojournal.com\\\/wp-content\\\/uploads\\\/2026\\\/03\\\/Screenshot-2026-03-09-alle-16.33.43-100x100.png\",\"caption\":\"Andrea Piazza\"},\"url\":\"https:\\\/\\\/icarojournal.com\\\/index.php\\\/author\\\/andrea-piazza\\\/\"}]}<\/script>\n<!-- \/ Yoast SEO plugin. -->","yoast_head_json":{"title":"Erice in 2 giorni: il borgo che sta tra il cielo e il mare - Icaro Journal","robots":{"index":"index","follow":"follow","max-snippet":"max-snippet:-1","max-image-preview":"max-image-preview:large","max-video-preview":"max-video-preview:-1"},"canonical":"https:\/\/icarojournal.com\/index.php\/2026\/05\/01\/erice-in-2-giorni-il-borgo-che-sta-tra-il-cielo-e-il-mare\/","og_locale":"it_IT","og_type":"article","og_title":"Erice in 2 giorni: il borgo che sta tra il cielo e il mare - Icaro Journal","og_description":"La funicolare parte da Trapani e comincia a salire. Sotto di te, la pianura si allontana, le saline diventano quadrati di specchi d\u2019acqua, e il mare si perde all\u2019orizzonte. Poi, dopo l\u2019ultimo strappo, il borgo ti appare: un ammasso di pietra grigia arroccato sulla cima, con le case strette l\u2019una all\u2019altra e le stradine che [&hellip;]","og_url":"https:\/\/icarojournal.com\/index.php\/2026\/05\/01\/erice-in-2-giorni-il-borgo-che-sta-tra-il-cielo-e-il-mare\/","og_site_name":"Icaro Journal","article_published_time":"2026-05-01T18:44:27+00:00","article_modified_time":"2026-05-01T18:45:04+00:00","og_image":[{"width":1200,"height":800,"url":"https:\/\/icarojournal.com\/wp-content\/uploads\/2026\/05\/Vacanza-a-Erice-20260401-IcaroJournal.jpg","type":"image\/jpeg"}],"author":"Andrea Piazza","twitter_card":"summary_large_image","twitter_misc":{"Scritto da":"Andrea Piazza","Tempo di lettura stimato":"5 minuti"},"schema":{"@context":"https:\/\/schema.org","@graph":[{"@type":"Article","@id":"https:\/\/icarojournal.com\/index.php\/2026\/05\/01\/erice-in-2-giorni-il-borgo-che-sta-tra-il-cielo-e-il-mare\/#article","isPartOf":{"@id":"https:\/\/icarojournal.com\/index.php\/2026\/05\/01\/erice-in-2-giorni-il-borgo-che-sta-tra-il-cielo-e-il-mare\/"},"author":{"name":"Andrea Piazza","@id":"https:\/\/icarojournal.com\/#\/schema\/person\/bd374958d33521ed6274c435d77c3805"},"headline":"Erice in 2 giorni: il borgo che sta tra il cielo e il mare","datePublished":"2026-05-01T18:44:27+00:00","dateModified":"2026-05-01T18:45:04+00:00","mainEntityOfPage":{"@id":"https:\/\/icarojournal.com\/index.php\/2026\/05\/01\/erice-in-2-giorni-il-borgo-che-sta-tra-il-cielo-e-il-mare\/"},"wordCount":802,"commentCount":0,"publisher":{"@id":"https:\/\/icarojournal.com\/#organization"},"image":{"@id":"https:\/\/icarojournal.com\/index.php\/2026\/05\/01\/erice-in-2-giorni-il-borgo-che-sta-tra-il-cielo-e-il-mare\/#primaryimage"},"thumbnailUrl":"https:\/\/icarojournal.com\/wp-content\/uploads\/2026\/05\/Vacanza-a-Erice-20260401-IcaroJournal.jpg","keywords":["Vacanza ad Erice","Viaggi in Sicilia"],"articleSection":["Viaggi"],"inLanguage":"it-IT","potentialAction":[{"@type":"CommentAction","name":"Comment","target":["https:\/\/icarojournal.com\/index.php\/2026\/05\/01\/erice-in-2-giorni-il-borgo-che-sta-tra-il-cielo-e-il-mare\/#respond"]}]},{"@type":"WebPage","@id":"https:\/\/icarojournal.com\/index.php\/2026\/05\/01\/erice-in-2-giorni-il-borgo-che-sta-tra-il-cielo-e-il-mare\/","url":"https:\/\/icarojournal.com\/index.php\/2026\/05\/01\/erice-in-2-giorni-il-borgo-che-sta-tra-il-cielo-e-il-mare\/","name":"Erice in 2 giorni: il borgo che sta tra il cielo e il mare - Icaro Journal","isPartOf":{"@id":"https:\/\/icarojournal.com\/#website"},"primaryImageOfPage":{"@id":"https:\/\/icarojournal.com\/index.php\/2026\/05\/01\/erice-in-2-giorni-il-borgo-che-sta-tra-il-cielo-e-il-mare\/#primaryimage"},"image":{"@id":"https:\/\/icarojournal.com\/index.php\/2026\/05\/01\/erice-in-2-giorni-il-borgo-che-sta-tra-il-cielo-e-il-mare\/#primaryimage"},"thumbnailUrl":"https:\/\/icarojournal.com\/wp-content\/uploads\/2026\/05\/Vacanza-a-Erice-20260401-IcaroJournal.jpg","datePublished":"2026-05-01T18:44:27+00:00","dateModified":"2026-05-01T18:45:04+00:00","breadcrumb":{"@id":"https:\/\/icarojournal.com\/index.php\/2026\/05\/01\/erice-in-2-giorni-il-borgo-che-sta-tra-il-cielo-e-il-mare\/#breadcrumb"},"inLanguage":"it-IT","potentialAction":[{"@type":"ReadAction","target":["https:\/\/icarojournal.com\/index.php\/2026\/05\/01\/erice-in-2-giorni-il-borgo-che-sta-tra-il-cielo-e-il-mare\/"]}]},{"@type":"ImageObject","inLanguage":"it-IT","@id":"https:\/\/icarojournal.com\/index.php\/2026\/05\/01\/erice-in-2-giorni-il-borgo-che-sta-tra-il-cielo-e-il-mare\/#primaryimage","url":"https:\/\/icarojournal.com\/wp-content\/uploads\/2026\/05\/Vacanza-a-Erice-20260401-IcaroJournal.jpg","contentUrl":"https:\/\/icarojournal.com\/wp-content\/uploads\/2026\/05\/Vacanza-a-Erice-20260401-IcaroJournal.jpg","width":1200,"height":800,"caption":"Vacanza a Erice - IcaroJournal"},{"@type":"BreadcrumbList","@id":"https:\/\/icarojournal.com\/index.php\/2026\/05\/01\/erice-in-2-giorni-il-borgo-che-sta-tra-il-cielo-e-il-mare\/#breadcrumb","itemListElement":[{"@type":"ListItem","position":1,"name":"Home","item":"https:\/\/icarojournal.com\/"},{"@type":"ListItem","position":2,"name":"Erice in 2 giorni: il borgo che sta tra il cielo e il mare"}]},{"@type":"WebSite","@id":"https:\/\/icarojournal.com\/#website","url":"https:\/\/icarojournal.com\/","name":"Icaro Journal","description":"Dalla cucina ai viaggi alle storie di vita","publisher":{"@id":"https:\/\/icarojournal.com\/#organization"},"potentialAction":[{"@type":"SearchAction","target":{"@type":"EntryPoint","urlTemplate":"https:\/\/icarojournal.com\/?s={search_term_string}"},"query-input":{"@type":"PropertyValueSpecification","valueRequired":true,"valueName":"search_term_string"}}],"inLanguage":"it-IT"},{"@type":"Organization","@id":"https:\/\/icarojournal.com\/#organization","name":"Icaro Journal","url":"https:\/\/icarojournal.com\/","logo":{"@type":"ImageObject","inLanguage":"it-IT","@id":"https:\/\/icarojournal.com\/#\/schema\/logo\/image\/","url":"https:\/\/icarojournal.com\/wp-content\/uploads\/2024\/09\/cropped-logo.png","contentUrl":"https:\/\/icarojournal.com\/wp-content\/uploads\/2024\/09\/cropped-logo.png","width":249,"height":112,"caption":"Icaro Journal"},"image":{"@id":"https:\/\/icarojournal.com\/#\/schema\/logo\/image\/"},"sameAs":["https:\/\/www.instagram.com\/icarojournal\/"]},{"@type":"Person","@id":"https:\/\/icarojournal.com\/#\/schema\/person\/bd374958d33521ed6274c435d77c3805","name":"Andrea Piazza","image":{"@type":"ImageObject","inLanguage":"it-IT","@id":"https:\/\/icarojournal.com\/wp-content\/uploads\/2026\/03\/Screenshot-2026-03-09-alle-16.33.43-100x100.png","url":"https:\/\/icarojournal.com\/wp-content\/uploads\/2026\/03\/Screenshot-2026-03-09-alle-16.33.43-100x100.png","contentUrl":"https:\/\/icarojournal.com\/wp-content\/uploads\/2026\/03\/Screenshot-2026-03-09-alle-16.33.43-100x100.png","caption":"Andrea Piazza"},"url":"https:\/\/icarojournal.com\/index.php\/author\/andrea-piazza\/"}]}},"_links":{"self":[{"href":"https:\/\/icarojournal.com\/index.php\/wp-json\/wp\/v2\/posts\/8106","targetHints":{"allow":["GET"]}}],"collection":[{"href":"https:\/\/icarojournal.com\/index.php\/wp-json\/wp\/v2\/posts"}],"about":[{"href":"https:\/\/icarojournal.com\/index.php\/wp-json\/wp\/v2\/types\/post"}],"author":[{"embeddable":true,"href":"https:\/\/icarojournal.com\/index.php\/wp-json\/wp\/v2\/users\/4"}],"replies":[{"embeddable":true,"href":"https:\/\/icarojournal.com\/index.php\/wp-json\/wp\/v2\/comments?post=8106"}],"version-history":[{"count":1,"href":"https:\/\/icarojournal.com\/index.php\/wp-json\/wp\/v2\/posts\/8106\/revisions"}],"predecessor-version":[{"id":8110,"href":"https:\/\/icarojournal.com\/index.php\/wp-json\/wp\/v2\/posts\/8106\/revisions\/8110"}],"wp:featuredmedia":[{"embeddable":true,"href":"https:\/\/icarojournal.com\/index.php\/wp-json\/wp\/v2\/media\/8109"}],"wp:attachment":[{"href":"https:\/\/icarojournal.com\/index.php\/wp-json\/wp\/v2\/media?parent=8106"}],"wp:term":[{"taxonomy":"category","embeddable":true,"href":"https:\/\/icarojournal.com\/index.php\/wp-json\/wp\/v2\/categories?post=8106"},{"taxonomy":"post_tag","embeddable":true,"href":"https:\/\/icarojournal.com\/index.php\/wp-json\/wp\/v2\/tags?post=8106"}],"curies":[{"name":"wp","href":"https:\/\/api.w.org\/{rel}","templated":true}]}}